{"id":25238,"date":"2023-04-24T16:57:24","date_gmt":"2023-04-24T19:57:24","guid":{"rendered":"https:\/\/www.facet.unt.edu.ar\/facetinforma\/?p=25238"},"modified":"2023-04-24T17:45:02","modified_gmt":"2023-04-24T20:45:02","slug":"noticias-investigadores-de-la-facet-estudian-sobre-el-desarrollo-productos-de-manufactura-de-carbon-renovable-para-aplicarlo-dentro-de-una-economia-circular-en-procesos-de-separacion-de-gases-y-liqu","status":"publish","type":"post","link":"https:\/\/www.facet.unt.edu.ar\/facetinforma\/2023\/04\/24\/noticias-investigadores-de-la-facet-estudian-sobre-el-desarrollo-productos-de-manufactura-de-carbon-renovable-para-aplicarlo-dentro-de-una-economia-circular-en-procesos-de-separacion-de-gases-y-liqu\/","title":{"rendered":"Noticias | Investigadores de la FACET estudian sobre el desarrollo productos de manufactura de carb\u00f3n renovable para aplicarlo dentro de una econom\u00eda circular en procesos de separaci\u00f3n de gases y l\u00edquidos"},"content":{"rendered":"<div id=\"pl-25238\"  class=\"panel-layout\"><div id=\"pg-25238-0\"  class=\"panel-grid panel-no-style\"><div id=\"pgc-25238-0-0\"  class=\"panel-grid-cell\"><div id=\"panel-25238-0-0-0\" class=\"so-panel widget widget_media_image panel-first-child panel-last-child\" data-index=\"0\"><img width=\"1080\" height=\"1350\" src=\"https:\/\/www.facet.unt.edu.ar\/facetinforma\/wp-content\/uploads\/sites\/9\/2023\/04\/2022-06-03-Visita-del-Jardincito-a-una-libreria-anaya-1-1.png\" class=\"image wp-image-25239  attachment-full size-full\" alt=\"\" decoding=\"async\" loading=\"lazy\" style=\"max-width: 100%; height: auto;\" \/><\/div><\/div><div id=\"pgc-25238-0-1\"  class=\"panel-grid-cell\"><div id=\"panel-25238-0-1-0\" class=\"so-panel widget widget_sow-editor panel-first-child panel-last-child\" data-index=\"1\"><div\n\t\t\t\n\t\t\tclass=\"so-widget-sow-editor so-widget-sow-editor-base\">\n<div class=\"siteorigin-widget-tinymce textwidget\">\n\t<p>El <strong>Dr. Adolfo M.\u00a0<\/strong><b>\u00c1vila<\/b>\u00a0del <b>Lab. Fisicoqu\u00edmica, DIPyGI, FACET - UNT<\/b>, junto a <strong>Emilse Ar\u00e1oz,<\/strong> Auxiliar docente en la <strong>FACET<\/strong> y becaria doctoral <strong>CONICET<\/strong>, trabajan en un ambicioso proyecto que busca desarrollar agentes de separaci\u00f3n en base a carb\u00f3n renovable a partir de la enorme disponibilidad de biomasa asociada a los residuos de la agroindustria regional.<\/p>\n<p><\/p><\/div><\/div><\/div><\/div><\/div><\/div><p><a class=\"more-link\" href=\"https:\/\/www.facet.unt.edu.ar\/facetinforma\/2023\/04\/24\/noticias-investigadores-de-la-facet-estudian-sobre-el-desarrollo-productos-de-manufactura-de-carbon-renovable-para-aplicarlo-dentro-de-una-economia-circular-en-procesos-de-separacion-de-gases-y-liqu\/\">Leer m\u00e1s<span class=\"meta-nav\">&rarr;<\/span><\/a><\/p>","protected":false},"excerpt":{"rendered":"<p>El Dr. Adolfo M.\u00a0\u00c1vila\u00a0del Lab. Fisicoqu\u00edmica, DIPyGI, FACET &#8211; UNT, junto a Emilse Ar\u00e1oz, Auxiliar docente en la FACET y becaria doctoral CONICET, trabajan en un ambicioso proyecto que busca desarrollar agentes de separaci\u00f3n en base a carb\u00f3n renovable a partir de la enorme disponibilidad de biomasa asociada a los residuos de la agroindustria regional. [&hellip;]<\/p>\n","protected":false},"author":123473,"featured_media":25239,"comment_status":"closed","ping_status":"closed","sticky":false,"template":"","format":"standard","meta":[],"categories":[1],"tags":[],"_links":{"self":[{"href":"https:\/\/www.facet.unt.edu.ar\/facetinforma\/wp-json\/wp\/v2\/posts\/25238"}],"collection":[{"href":"https:\/\/www.facet.unt.edu.ar\/facetinforma\/wp-json\/wp\/v2\/posts"}],"about":[{"href":"https:\/\/www.facet.unt.edu.ar\/facetinforma\/wp-json\/wp\/v2\/types\/post"}],"author":[{"embeddable":true,"href":"https:\/\/www.facet.unt.edu.ar\/facetinforma\/wp-json\/wp\/v2\/users\/123473"}],"replies":[{"embeddable":true,"href":"https:\/\/www.facet.unt.edu.ar\/facetinforma\/wp-json\/wp\/v2\/comments?post=25238"}],"version-history":[{"count":7,"href":"https:\/\/www.facet.unt.edu.ar\/facetinforma\/wp-json\/wp\/v2\/posts\/25238\/revisions"}],"predecessor-version":[{"id":25245,"href":"https:\/\/www.facet.unt.edu.ar\/facetinforma\/wp-json\/wp\/v2\/posts\/25238\/revisions\/25245"}],"wp:featuredmedia":[{"embeddable":true,"href":"https:\/\/www.facet.unt.edu.ar\/facetinforma\/wp-json\/wp\/v2\/media\/25239"}],"wp:attachment":[{"href":"https:\/\/www.facet.unt.edu.ar\/facetinforma\/wp-json\/wp\/v2\/media?parent=25238"}],"wp:term":[{"taxonomy":"category","embeddable":true,"href":"https:\/\/www.facet.unt.edu.ar\/facetinforma\/wp-json\/wp\/v2\/categories?post=25238"},{"taxonomy":"post_tag","embeddable":true,"href":"https:\/\/www.facet.unt.edu.ar\/facetinforma\/wp-json\/wp\/v2\/tags?post=25238"}],"curies":[{"name":"wp","href":"https:\/\/api.w.org\/{rel}","templated":true}]}}