{"id":25252,"date":"2023-04-28T17:42:06","date_gmt":"2023-04-28T20:42:06","guid":{"rendered":"https:\/\/www.facet.unt.edu.ar\/facetinforma\/?p=25252"},"modified":"2023-04-28T17:44:01","modified_gmt":"2023-04-28T20:44:01","slug":"noticias-conectarfacet-inauguramos-el-ciclo-lectivo-2023-en-nuestra-facultad","status":"publish","type":"post","link":"https:\/\/www.facet.unt.edu.ar\/facetinforma\/2023\/04\/28\/noticias-conectarfacet-inauguramos-el-ciclo-lectivo-2023-en-nuestra-facultad\/","title":{"rendered":"Noticias | ConectarFACET: Inauguramos el ciclo lectivo 2023 en nuestra Facultad"},"content":{"rendered":"<div id=\"pl-25252\"  class=\"panel-layout\" ><div id=\"pg-25252-0\"  class=\"panel-grid panel-no-style\" ><div id=\"pgc-25252-0-0\"  class=\"panel-grid-cell\" ><div id=\"panel-25252-0-0-0\" class=\"so-panel widget widget_media_image panel-first-child panel-last-child\" data-index=\"0\" ><img width=\"1080\" height=\"1350\" src=\"https:\/\/www.facet.unt.edu.ar\/facetinforma\/wp-content\/uploads\/sites\/9\/2023\/04\/2022-06-03-Visita-del-Jardincito-a-una-libreria-anaya-5.png\" class=\"image wp-image-25253  attachment-full size-full\" alt=\"\" decoding=\"async\" loading=\"lazy\" style=\"max-width: 100%; height: auto;\" \/><\/div><\/div><div id=\"pgc-25252-0-1\"  class=\"panel-grid-cell\" ><div id=\"panel-25252-0-1-0\" class=\"so-panel widget widget_sow-editor panel-first-child panel-last-child\" data-index=\"1\" ><div\n\t\t\t\n\t\t\tclass=\"so-widget-sow-editor so-widget-sow-editor-base\"\n\t\t\t\n\t\t>\n<div class=\"siteorigin-widget-tinymce textwidget\">\n\t<p><span data-offset-key=\"ac0u7-0-0\">Esta ma\u00f1ana se llev\u00f3 a cabo el <\/span><span class=\"xv78j7m\"><span data-offset-key=\"ac0u7-1-0\">#ConectarFACET23<\/span><\/span><span data-offset-key=\"ac0u7-2-0\">, encuentro pensado para los estudiantes de nuestra Facultad que comienzan sus estudios universitarios. <\/span><\/p>\n<p><span data-offset-key=\"ac0u7-2-0\">En formato de feria, los visitantes pudieron conversar y consultar informaci\u00f3n de inter\u00e9s con los referentes de los distintos programas, secretar\u00edas y servicios vigentes \u00fatiles para la vida universitaria.<\/span><\/p>\n<p><span data-offset-key=\"ac0u7-2-0\">Adem\u00e1s, las autoridades estuvieron presentes para re-inaugurar el SUM FACET, un espacio de usos m\u00faltiples que estar\u00e1 habilitado para la comodidad y el bienestar de los estudiantes.<\/span><\/p>\n\r\n\t<!-- Begin Video.js -->\r\n\t<video id=\"example_video_id_1712027797\" class=\"video-js vjs-default-skin\" width=\"480\" height=\"848\" controls preload=\"none\" data-setup='[]'>\r\n\t\t<source src=\"https:\/\/www.facet.unt.edu.ar\/facetinforma\/wp-content\/uploads\/sites\/9\/2023\/04\/WhatsApp-Video-2023-04-28-at-17.28.58-4.mp4\" type='video\/mp4' \/>\r\n\t\t\r\n\t\t\r\n\t<\/video>\r\n\t<!-- End Video.js -->\r\n\n<p>Participaron del <strong>ConectarFACET23:<\/strong><\/p>\n<blockquote>\n<p><em><strong>Programa de Tutor\u00eda Estudiantil FACET-UNT<\/strong><\/em><\/p>\n<p><em><strong>Secretar\u00eda de Asuntos Estudiantiles<\/strong><\/em><\/p>\n<p><em><strong>Secretar\u00eda de Asuntos Estudiantiles Rectorado UNT<\/strong><\/em><\/p>\n<p><em><strong>Direcci\u00f3n Alumnos de la FACET UNT<\/strong><\/em><\/p>\n<p><em><strong>Biblioteca Central FACET UNT<\/strong><\/em><\/p>\n<p><em><strong>COMFYE Aseguradora<\/strong><\/em><\/p>\n<p><em><strong>Centro de Estudiantes - Franja Morada Exactas UNT<\/strong><\/em><\/p>\n<\/blockquote>\n<\/div>\n<\/div><\/div><\/div><\/div><div id=\"pg-25252-1\"  class=\"panel-grid panel-no-style\" ><div id=\"pgc-25252-1-0\"  class=\"panel-grid-cell\" ><div id=\"panel-25252-1-0-0\" class=\"so-panel widget widget_sow-slider panel-first-child panel-last-child\" data-index=\"2\" ><div\n\t\t\t\n\t\t\tclass=\"so-widget-sow-slider so-widget-sow-slider-default-53fd0f98de19-25252\"\n\t\t\t\n\t\t><div class=\"sow-slider-base\" style=\"display: none\"><ul\n\t\t\t\t\tclass=\"sow-slider-images\"\n\t\t\t\t\tdata-settings=\"{&quot;pagination&quot;:true,&quot;speed&quot;:800,&quot;timeout&quot;:8000,&quot;paused&quot;:false,&quot;pause_on_hover&quot;:false,&quot;swipe&quot;:true,&quot;nav_always_show_desktop&quot;:&quot;&quot;,&quot;nav_always_show_mobile&quot;:&quot;&quot;,&quot;breakpoint&quot;:&quot;780px&quot;,&quot;unmute&quot;:false,&quot;anchor&quot;:null}\"\n\t\t\t\t\t\t\t\t\t\tdata-anchor-id=\"\"\n\t\t\t\t>\t\t<li class=\"sow-slider-image  sow-slider-image-cover\" style=\"visibility: visible;;background-image: url(https:\/\/www.facet.unt.edu.ar\/facetinforma\/wp-content\/uploads\/sites\/9\/2023\/04\/WhatsApp-Image-2023-04-28-at-13.10.11.jpeg)\" >\n\t\t\t\t\t\t\t\t\t<img width=\"1280\" height=\"622\" src=\"https:\/\/www.facet.unt.edu.ar\/facetinforma\/wp-content\/uploads\/sites\/9\/2023\/04\/WhatsApp-Image-2023-04-28-at-13.10.11.jpeg\" class=\"sow-slider-background-image skip-lazy\" alt=\"\" decoding=\"async\" loading=\"eager\" \/>\t\t\t\t\t\t\t\t<\/li>\n\t\t\t\t<li class=\"sow-slider-image  sow-slider-image-cover\" style=\"visibility: hidden;;background-image: url(https:\/\/www.facet.unt.edu.ar\/facetinforma\/wp-content\/uploads\/sites\/9\/2023\/04\/WhatsApp-Image-2023-04-28-at-15.13.37.jpeg)\" >\n\t\t\t\t\t\t\t\t\t<img width=\"1600\" height=\"900\" src=\"https:\/\/www.facet.unt.edu.ar\/facetinforma\/wp-content\/uploads\/sites\/9\/2023\/04\/WhatsApp-Image-2023-04-28-at-15.13.37.jpeg\" class=\"sow-slider-background-image skip-lazy\" alt=\"\" decoding=\"async\" loading=\"eager\" \/>\t\t\t\t\t\t\t\t<\/li>\n\t\t\t\t<li class=\"sow-slider-image  sow-slider-image-cover\" style=\"visibility: hidden;;background-image: url(https:\/\/www.facet.unt.edu.ar\/facetinforma\/wp-content\/uploads\/sites\/9\/2023\/04\/WhatsApp-Image-2023-04-28-at-12.55.27.jpeg)\" >\n\t\t\t\t\t\t\t\t\t<img width=\"768\" height=\"1024\" src=\"https:\/\/www.facet.unt.edu.ar\/facetinforma\/wp-content\/uploads\/sites\/9\/2023\/04\/WhatsApp-Image-2023-04-28-at-12.55.27.jpeg\" class=\"sow-slider-background-image skip-lazy\" alt=\"\" decoding=\"async\" loading=\"eager\" \/>\t\t\t\t\t\t\t\t<\/li>\n\t\t\t\t<li class=\"sow-slider-image  sow-slider-image-cover\" style=\"visibility: hidden;;background-image: url(https:\/\/www.facet.unt.edu.ar\/facetinforma\/wp-content\/uploads\/sites\/9\/2023\/04\/WhatsApp-Image-2023-04-28-at-12.55.27-2.jpeg)\" >\n\t\t\t\t\t\t\t\t\t<img width=\"1024\" height=\"768\" src=\"https:\/\/www.facet.unt.edu.ar\/facetinforma\/wp-content\/uploads\/sites\/9\/2023\/04\/WhatsApp-Image-2023-04-28-at-12.55.27-2.jpeg\" class=\"sow-slider-background-image skip-lazy\" alt=\"\" decoding=\"async\" loading=\"eager\" \/>\t\t\t\t\t\t\t\t<\/li>\n\t\t\t\t<li class=\"sow-slider-image  sow-slider-image-cover\" style=\"visibility: hidden;;background-image: url(https:\/\/www.facet.unt.edu.ar\/facetinforma\/wp-content\/uploads\/sites\/9\/2023\/04\/WhatsApp-Image-2023-04-28-at-12.55.27-1.jpeg)\" >\n\t\t\t\t\t\t\t\t\t<img width=\"1024\" height=\"768\" src=\"https:\/\/www.facet.unt.edu.ar\/facetinforma\/wp-content\/uploads\/sites\/9\/2023\/04\/WhatsApp-Image-2023-04-28-at-12.55.27-1.jpeg\" class=\"sow-slider-background-image skip-lazy\" alt=\"\" decoding=\"async\" loading=\"eager\" \/>\t\t\t\t\t\t\t\t<\/li>\n\t\t\t\t<li class=\"sow-slider-image  sow-slider-image-cover\" style=\"visibility: hidden;;background-image: url(https:\/\/www.facet.unt.edu.ar\/facetinforma\/wp-content\/uploads\/sites\/9\/2023\/04\/WhatsApp-Image-2023-04-28-at-15.13.29.jpeg)\" >\n\t\t\t\t\t\t\t\t\t<img width=\"900\" height=\"1600\" src=\"https:\/\/www.facet.unt.edu.ar\/facetinforma\/wp-content\/uploads\/sites\/9\/2023\/04\/WhatsApp-Image-2023-04-28-at-15.13.29.jpeg\" class=\"sow-slider-background-image skip-lazy\" alt=\"\" decoding=\"async\" loading=\"eager\" \/>\t\t\t\t\t\t\t\t<\/li>\n\t\t\t\t<li class=\"sow-slider-image  sow-slider-image-cover\" style=\"visibility: hidden;;background-image: url(https:\/\/www.facet.unt.edu.ar\/facetinforma\/wp-content\/uploads\/sites\/9\/2023\/04\/WhatsApp-Image-2023-04-28-at-16.54.59.jpeg)\" >\n\t\t\t\t\t\t\t\t\t<img width=\"768\" height=\"1024\" src=\"https:\/\/www.facet.unt.edu.ar\/facetinforma\/wp-content\/uploads\/sites\/9\/2023\/04\/WhatsApp-Image-2023-04-28-at-16.54.59.jpeg\" class=\"sow-slider-background-image skip-lazy\" alt=\"\" decoding=\"async\" loading=\"eager\" \/>\t\t\t\t\t\t\t\t<\/li>\n\t\t\t\t<li class=\"sow-slider-image\" style=\"visibility: hidden;\" >\n\t\t\t\t\t\t\t\t\t\t\t\t\t\t\t\t\t<\/li>\n\t\t<\/ul>\t\t\t\t<ol class=\"sow-slider-pagination\">\n\t\t\t\t\t\t\t\t\t\t\t<li><a href=\"#\" data-goto=\"0\" aria-label=\"mostrar diapositiva 1\"><\/a><\/li>\n\t\t\t\t\t\t\t\t\t\t\t<li><a href=\"#\" data-goto=\"1\" aria-label=\"mostrar diapositiva 2\"><\/a><\/li>\n\t\t\t\t\t\t\t\t\t\t\t<li><a href=\"#\" data-goto=\"2\" aria-label=\"mostrar diapositiva 3\"><\/a><\/li>\n\t\t\t\t\t\t\t\t\t\t\t<li><a href=\"#\" data-goto=\"3\" aria-label=\"mostrar diapositiva 4\"><\/a><\/li>\n\t\t\t\t\t\t\t\t\t\t\t<li><a href=\"#\" data-goto=\"4\" aria-label=\"mostrar diapositiva 5\"><\/a><\/li>\n\t\t\t\t\t\t\t\t\t\t\t<li><a href=\"#\" data-goto=\"5\" aria-label=\"mostrar diapositiva 6\"><\/a><\/li>\n\t\t\t\t\t\t\t\t\t\t\t<li><a href=\"#\" data-goto=\"6\" aria-label=\"mostrar diapositiva 7\"><\/a><\/li>\n\t\t\t\t\t\t\t\t\t\t\t<li><a href=\"#\" data-goto=\"7\" aria-label=\"mostrar diapositiva 8\"><\/a><\/li>\n\t\t\t\t\t\t\t\t\t<\/ol>\n\n\t\t\t\t<div class=\"sow-slide-nav sow-slide-nav-next\">\n\t\t\t\t\t<a href=\"#\" data-goto=\"next\" aria-label=\"diapositiva siguiente\" data-action=\"next\">\n\t\t\t\t\t\t<em class=\"sow-sld-icon-thin-right\"><\/em>\n\t\t\t\t\t<\/a>\n\t\t\t\t<\/div>\n\n\t\t\t\t<div class=\"sow-slide-nav sow-slide-nav-prev\">\n\t\t\t\t\t<a href=\"#\" data-goto=\"previous\" aria-label=\"diapositiva anterior\" data-action=\"prev\">\n\t\t\t\t\t\t<em class=\"sow-sld-icon-thin-left\"><\/em>\n\t\t\t\t\t<\/a>\n\t\t\t\t<\/div>\n\t\t\t\t<\/div><\/div><\/div><\/div><\/div><\/div>","protected":false},"excerpt":{"rendered":"<p>Esta ma\u00f1ana se llev\u00f3 a cabo el #ConectarFACET23, encuentro pensado para los estudiantes de nuestra Facultad que comienzan sus estudios universitarios. En formato de feria, los visitantes pudieron conversar y consultar informaci\u00f3n de inter\u00e9s con los referentes de los distintos programas, secretar\u00edas y servicios vigentes \u00fatiles para la vida universitaria. Adem\u00e1s, las autoridades estuvieron presentes [&hellip;]<\/p>\n","protected":false},"author":123473,"featured_media":25253,"comment_status":"closed","ping_status":"closed","sticky":false,"template":"","format":"standard","meta":[],"categories":[1],"tags":[],"_links":{"self":[{"href":"https:\/\/www.facet.unt.edu.ar\/facetinforma\/wp-json\/wp\/v2\/posts\/25252"}],"collection":[{"href":"https:\/\/www.facet.unt.edu.ar\/facetinforma\/wp-json\/wp\/v2\/posts"}],"about":[{"href":"https:\/\/www.facet.unt.edu.ar\/facetinforma\/wp-json\/wp\/v2\/types\/post"}],"author":[{"embeddable":true,"href":"https:\/\/www.facet.unt.edu.ar\/facetinforma\/wp-json\/wp\/v2\/users\/123473"}],"replies":[{"embeddable":true,"href":"https:\/\/www.facet.unt.edu.ar\/facetinforma\/wp-json\/wp\/v2\/comments?post=25252"}],"version-history":[{"count":25,"href":"https:\/\/www.facet.unt.edu.ar\/facetinforma\/wp-json\/wp\/v2\/posts\/25252\/revisions"}],"predecessor-version":[{"id":25290,"href":"https:\/\/www.facet.unt.edu.ar\/facetinforma\/wp-json\/wp\/v2\/posts\/25252\/revisions\/25290"}],"wp:featuredmedia":[{"embeddable":true,"href":"https:\/\/www.facet.unt.edu.ar\/facetinforma\/wp-json\/wp\/v2\/media\/25253"}],"wp:attachment":[{"href":"https:\/\/www.facet.unt.edu.ar\/facetinforma\/wp-json\/wp\/v2\/media?parent=25252"}],"wp:term":[{"taxonomy":"category","embeddable":true,"href":"https:\/\/www.facet.unt.edu.ar\/facetinforma\/wp-json\/wp\/v2\/categories?post=25252"},{"taxonomy":"post_tag","embeddable":true,"href":"https:\/\/www.facet.unt.edu.ar\/facetinforma\/wp-json\/wp\/v2\/tags?post=25252"}],"curies":[{"name":"wp","href":"https:\/\/api.w.org\/{rel}","templated":true}]}}