{"id":2529,"date":"2012-12-17T10:05:56","date_gmt":"2012-12-17T10:05:56","guid":{"rendered":"http:\/\/www1.herrera.unt.edu.ar\/facetinforma\/?p=2529"},"modified":"2012-12-17T10:05:56","modified_gmt":"2012-12-17T10:05:56","slug":"seminario-la-mejora-de-las-practicas-docentes-en-la-universidad","status":"publish","type":"post","link":"https:\/\/www.facet.unt.edu.ar\/facetinforma\/2012\/12\/17\/seminario-la-mejora-de-las-practicas-docentes-en-la-universidad\/","title":{"rendered":"Seminario \u201cLa mejora de las Pr\u00e1cticas Docentes en la Universidad\u201d"},"content":{"rendered":"<p style=\"text-align: justify\">Se invita a participar del Seminario \u201cLa mejora de las Pr\u00e1cticas docentes en la Universidad\u201d, organizado por la Secretar\u00eda Acad\u00e9mica en el marco de las actividades previstas para la acreditaci\u00f3n de carreras. El mismo se realizar\u00e1 el d\u00eda martes 18 de Diciembre de 2012 a las 11 hs en el Auditorio de Luminotecnia.<\/p>\n<p style=\"text-align: justify\">El seminario ser\u00e1 dictado por la Dra. Susana Orozco Mart\u00ednez del Departamento de Did\u00e1ctica y Organizaci\u00f3n Educativa de la Universidad de Barcelona. La Dra. Orozco Mart\u00ednez es Investigadora de los grupos consolidados FODIP y ESFERA, dedicados a temas de formaci\u00f3n docente en la Universidad y es T\u00e9cnica de Educaci\u00f3n del Ayuntamiento de Cardedeu \u2013 Barcelona.<\/p>\n<div id=\"dc_vk_code\">\u00a0<\/div>\n","protected":false},"excerpt":{"rendered":"<p>Se invita a participar del Seminario \u201cLa mejora de las Pr\u00e1cticas docentes en la Universidad\u201d, organizado por la Secretar\u00eda Acad\u00e9mica en el marco de las actividades previstas para la acreditaci\u00f3n de carreras. El mismo se realizar\u00e1 el d\u00eda martes 18 de Diciembre de 2012 a las 11 hs en el Auditorio de Luminotecnia. El seminario [&hellip;]<\/p>\n","protected":false},"author":6,"featured_media":0,"comment_status":"open","ping_status":"open","sticky":false,"template":"","format":"standard","meta":[],"categories":[7],"tags":[],"_links":{"self":[{"href":"https:\/\/www.facet.unt.edu.ar\/facetinforma\/wp-json\/wp\/v2\/posts\/2529"}],"collection":[{"href":"https:\/\/www.facet.unt.edu.ar\/facetinforma\/wp-json\/wp\/v2\/posts"}],"about":[{"href":"https:\/\/www.facet.unt.edu.ar\/facetinforma\/wp-json\/wp\/v2\/types\/post"}],"author":[{"embeddable":true,"href":"https:\/\/www.facet.unt.edu.ar\/facetinforma\/wp-json\/wp\/v2\/users\/6"}],"replies":[{"embeddable":true,"href":"https:\/\/www.facet.unt.edu.ar\/facetinforma\/wp-json\/wp\/v2\/comments?post=2529"}],"version-history":[{"count":0,"href":"https:\/\/www.facet.unt.edu.ar\/facetinforma\/wp-json\/wp\/v2\/posts\/2529\/revisions"}],"wp:attachment":[{"href":"https:\/\/www.facet.unt.edu.ar\/facetinforma\/wp-json\/wp\/v2\/media?parent=2529"}],"wp:term":[{"taxonomy":"category","embeddable":true,"href":"https:\/\/www.facet.unt.edu.ar\/facetinforma\/wp-json\/wp\/v2\/categories?post=2529"},{"taxonomy":"post_tag","embeddable":true,"href":"https:\/\/www.facet.unt.edu.ar\/facetinforma\/wp-json\/wp\/v2\/tags?post=2529"}],"curies":[{"name":"wp","href":"https:\/\/api.w.org\/{rel}","templated":true}]}}