{"id":25293,"date":"2023-05-03T11:56:12","date_gmt":"2023-05-03T14:56:12","guid":{"rendered":"https:\/\/www.facet.unt.edu.ar\/facetinforma\/?p=25293"},"modified":"2023-05-03T11:58:18","modified_gmt":"2023-05-03T14:58:18","slug":"noticias-reconocieron-a-una-estudiante-de-geodesia-y-geofisica-de-la-facet-unt-de-romera-pozo-como-orgullo-tucumano","status":"publish","type":"post","link":"https:\/\/www.facet.unt.edu.ar\/facetinforma\/2023\/05\/03\/noticias-reconocieron-a-una-estudiante-de-geodesia-y-geofisica-de-la-facet-unt-de-romera-pozo-como-orgullo-tucumano\/","title":{"rendered":"Noticias | Reconocieron a una estudiante de Geodesia y Geof\u00edsica de la FACET-UNT de Romera Pozo como Orgullo Tucumano\u00a0"},"content":{"rendered":"<div id=\"pl-25293\"  class=\"panel-layout\" ><div id=\"pg-25293-0\"  class=\"panel-grid panel-no-style\" ><div id=\"pgc-25293-0-0\"  class=\"panel-grid-cell\" ><div id=\"panel-25293-0-0-0\" class=\"so-panel widget widget_media_image panel-first-child panel-last-child\" data-index=\"0\" ><img width=\"1080\" height=\"1350\" src=\"https:\/\/www.facet.unt.edu.ar\/facetinforma\/wp-content\/uploads\/sites\/9\/2023\/05\/2022-06-03-Visita-del-Jardincito-a-una-libreria-anaya-3.png\" class=\"image wp-image-25294  attachment-full size-full\" alt=\"\" decoding=\"async\" loading=\"lazy\" style=\"max-width: 100%; height: auto;\" \/><\/div><\/div><div id=\"pgc-25293-0-1\"  class=\"panel-grid-cell\" ><div id=\"panel-25293-0-1-0\" class=\"so-panel widget widget_sow-editor panel-first-child panel-last-child\" data-index=\"1\" ><div\n\t\t\t\n\t\t\tclass=\"so-widget-sow-editor so-widget-sow-editor-base\"\n\t\t\t\n\t\t>\n<div class=\"siteorigin-widget-tinymce textwidget\">\n\t<p><span style=\"font-weight: 400;\"><strong>Abigail Brito<\/strong>, estudiante de los \u00faltimos a\u00f1os de la carrera de <strong>Ingenier\u00eda Geod\u00e9sica y Geof\u00edsica de la Facultad de Ciencias Exactas y Tecnolog\u00eda de la UNT<\/strong>, fue distinguida por el ministro de Educaci\u00f3n, <strong>Juan Pablo Lichtmajer<\/strong>, como <em>Orgullo Tucumano<\/em> por su trayectoria acad\u00e9mica.<\/span><\/p>\n<p><span style=\"font-weight: 400;\"><strong>Abigail<\/strong> egres\u00f3 de la secundaria en la <strong>Escuela Media de Romera Pozo (Leales)<\/strong> y durante su paso por los niveles obligatorios destac\u00f3 en diversos proyectos ministeriales como Ferias de Ciencias y Educaci\u00f3n Solidaria. En su trayecto universitario, fue ganadora de una de las 70 becas de la<strong> Fundaci\u00f3n YPF<\/strong>; y asisti\u00f3 a <strong>Vaca Muerta<\/strong> y a <strong>Comodoro Rivadavia<\/strong> para conocer m\u00e1s sobre la industria petrolera.<\/span><\/p>\n<p><i><span style=\"font-weight: 400;\">\"En Tucum\u00e1n tenemos grandes historias que merecen ser reconocidas y contadas. Una de esas historias es la de Abigail Brito, quien desde Romera Pozo lleg\u00f3 muy lejos producto de su esfuerzo, constancia y dedicaci\u00f3n se embarc\u00f3 en una carrera tanto desafiante como innovadora; y pudo conocer plantas energ\u00e9ticas como la de Vaca Muerta o Comodoro Rivadavia para interiorizarse en la producci\u00f3n de petr\u00f3leo. Abigail merece una distinci\u00f3n porque es un verdadero orgullo que haya llegado tan lejos, y que sea hija de la educaci\u00f3n p\u00fablica tucumana\"<\/span><\/i><span style=\"font-weight: 400;\">, reflexion\u00f3<strong> Lichtmajer<\/strong>.<\/span><\/p>\n<p><span style=\"font-weight: 400;\">A su turno, <strong>Abigail Brito<\/strong>, coment\u00f3 <\/span><i><span style=\"font-weight: 400;\">\"recib\u00ed la distinci\u00f3n orgullo tucumano por mi trayectoria en cuanto a la educaci\u00f3n. Los proyectos y programas de los que particip\u00e9, son una de las mejores cosas que me han pasado, ayuda a crecer tanto en lo personal como en lo social; sobre todo Escuelas Solidarias, que fomenta a observar las realidades que vive nuestra sociedad, sus problem\u00e1ticas y poder hacer algo. Muchas veces decimos que no tenemos los recursos para solucionar un problema, pero no nos damos cuenta que con las herramientas que tenemos a nuestro alcance. Nosotros hab\u00edamos hecho un insecticida natural con plantas que cultivamos en nuestra huerta sin qu\u00edmicos sin nada que da\u00f1e el medio ambiente y tuvo un impacto impresionante en el pueblo\"<\/span><\/i><span style=\"font-weight: 400;\">.<\/span><\/p>\n<p><i><span style=\"font-weight: 400;\">\"Me da orgullo que desde el gobierno se pueda reconocer a los j\u00f3venes que pasamos desapercibidos en nuestro diario vivir. Reconocer nuestro esfuerzo y desempe\u00f1o que tenemos en cosas que para otros pueden ser comunes, es un impulso muy grande\"<\/span><\/i><span style=\"font-weight: 400;\">, agreg\u00f3.<\/span><\/p>\n<p><span style=\"font-weight: 400;\">Por \u00faltimo, <strong>Noem\u00ed Brito<\/strong>, mam\u00e1 de Abigail, dijo emocionada <\/span><i><span style=\"font-weight: 400;\">\"si tuviera que resumir en una frase lo que siento, es que mi coraz\u00f3n no cabe en el pecho. Es un honor, s\u00e9 que detr\u00e1s de esto hay esfuerzo, responsabilidad, constancia, h\u00e1bito de estudio, que siempre he inculcado a mis hijos. No hay barreras cuando una persona se propone en el \u00e1mbito del estudio, me siento feliz y orgullosa por mi hija\"<\/span><\/i><span style=\"font-weight: 400;\">.<\/span><\/p>\n<p><i><span style=\"font-weight: 400;\">Fuente: www.comunicaciontucuman.gob.ar<\/span><\/i><\/p>\n<\/div>\n<\/div><\/div><\/div><\/div><\/div>","protected":false},"excerpt":{"rendered":"<p>Abigail Brito, estudiante de los \u00faltimos a\u00f1os de la carrera de Ingenier\u00eda Geod\u00e9sica y Geof\u00edsica de la Facultad de Ciencias Exactas y Tecnolog\u00eda de la UNT, fue distinguida por el ministro de Educaci\u00f3n, Juan Pablo Lichtmajer, como Orgullo Tucumano por su trayectoria acad\u00e9mica. Abigail egres\u00f3 de la secundaria en la Escuela Media de Romera Pozo [&hellip;]<\/p>\n","protected":false},"author":123473,"featured_media":25294,"comment_status":"closed","ping_status":"closed","sticky":false,"template":"","format":"standard","meta":[],"categories":[1],"tags":[],"_links":{"self":[{"href":"https:\/\/www.facet.unt.edu.ar\/facetinforma\/wp-json\/wp\/v2\/posts\/25293"}],"collection":[{"href":"https:\/\/www.facet.unt.edu.ar\/facetinforma\/wp-json\/wp\/v2\/posts"}],"about":[{"href":"https:\/\/www.facet.unt.edu.ar\/facetinforma\/wp-json\/wp\/v2\/types\/post"}],"author":[{"embeddable":true,"href":"https:\/\/www.facet.unt.edu.ar\/facetinforma\/wp-json\/wp\/v2\/users\/123473"}],"replies":[{"embeddable":true,"href":"https:\/\/www.facet.unt.edu.ar\/facetinforma\/wp-json\/wp\/v2\/comments?post=25293"}],"version-history":[{"count":5,"href":"https:\/\/www.facet.unt.edu.ar\/facetinforma\/wp-json\/wp\/v2\/posts\/25293\/revisions"}],"predecessor-version":[{"id":25299,"href":"https:\/\/www.facet.unt.edu.ar\/facetinforma\/wp-json\/wp\/v2\/posts\/25293\/revisions\/25299"}],"wp:featuredmedia":[{"embeddable":true,"href":"https:\/\/www.facet.unt.edu.ar\/facetinforma\/wp-json\/wp\/v2\/media\/25294"}],"wp:attachment":[{"href":"https:\/\/www.facet.unt.edu.ar\/facetinforma\/wp-json\/wp\/v2\/media?parent=25293"}],"wp:term":[{"taxonomy":"category","embeddable":true,"href":"https:\/\/www.facet.unt.edu.ar\/facetinforma\/wp-json\/wp\/v2\/categories?post=25293"},{"taxonomy":"post_tag","embeddable":true,"href":"https:\/\/www.facet.unt.edu.ar\/facetinforma\/wp-json\/wp\/v2\/tags?post=25293"}],"curies":[{"name":"wp","href":"https:\/\/api.w.org\/{rel}","templated":true}]}}