{"id":25361,"date":"2023-05-24T20:12:57","date_gmt":"2023-05-24T23:12:57","guid":{"rendered":"https:\/\/www.facet.unt.edu.ar\/facetinforma\/?p=25361"},"modified":"2023-05-24T20:17:32","modified_gmt":"2023-05-24T23:17:32","slug":"inscripciones-abiertas-curso-de-posgrado-radiometria-y-fotometria","status":"publish","type":"post","link":"https:\/\/www.facet.unt.edu.ar\/facetinforma\/2023\/05\/24\/inscripciones-abiertas-curso-de-posgrado-radiometria-y-fotometria\/","title":{"rendered":"Inscripciones Abiertas | Curso de Posgrado \u201cRadiometr\u00eda y Fotometr\u00eda\u201d"},"content":{"rendered":"<div id=\"pl-25361\"  class=\"panel-layout\"><div id=\"pg-25361-0\"  class=\"panel-grid panel-no-style\"><div id=\"pgc-25361-0-0\"  class=\"panel-grid-cell\"><div id=\"panel-25361-0-0-0\" class=\"so-panel widget widget_black-studio-tinymce widget_black_studio_tinymce panel-first-child panel-last-child\" data-index=\"0\"><div class=\"textwidget\"><p><a href=\"https:\/\/www.facet.unt.edu.ar\/facetinforma\/wp-content\/uploads\/sites\/9\/2023\/05\/CURSO-DE-POSGRADO-DLLYV-FACET.png\"><img class=\"aligncenter size-full wp-image-25362\" src=\"https:\/\/www.facet.unt.edu.ar\/facetinforma\/wp-content\/uploads\/sites\/9\/2023\/05\/CURSO-DE-POSGRADO-DLLYV-FACET.png\" alt=\"\" width=\"1080\" height=\"1350\" \/><\/a><\/p>\n<\/div><\/div><\/div><div id=\"pgc-25361-0-1\"  class=\"panel-grid-cell\"><div id=\"panel-25361-0-1-0\" class=\"so-panel widget widget_sow-editor panel-first-child panel-last-child\" data-index=\"1\"><div\n\t\t\t\n\t\t\tclass=\"so-widget-sow-editor so-widget-sow-editor-base\">\n<div class=\"siteorigin-widget-tinymce textwidget\">\n\t<p style=\"text-align: justify;\">Se invita a docentes y graduados interesados a participar del curso de posgrado \u201cRadiometr\u00eda y Fotometr\u00eda\u201d (Resoluci\u00f3n N\u00b0 0290\/23), que se realizar\u00e1 del 06 al 30 de junio de 2023. El mismo ser\u00e1 dictado con modalidad 100% online.<\/p>\n<p style=\"text-align: justify;\">Es objetivo del curso brindar una formaci\u00f3n s\u00f3lida acerca de la naturaleza de la luz y su propagaci\u00f3n, los principios en los que se basa su producci\u00f3n, las leyes que rigen su interacci\u00f3n con el mundo material y las t\u00e9cnicas y metodolog\u00edas de control, detecci\u00f3n y medici\u00f3n. Se pretende adem\u00e1s que los estudiantes adquieran destreza en la caracterizaci\u00f3n y cuantificaci\u00f3n de la luz.<\/p><\/div><\/div><\/div><\/div><\/div><\/div><p><a class=\"more-link\" href=\"https:\/\/www.facet.unt.edu.ar\/facetinforma\/2023\/05\/24\/inscripciones-abiertas-curso-de-posgrado-radiometria-y-fotometria\/\">Leer m\u00e1s<span class=\"meta-nav\">&rarr;<\/span><\/a><\/p>","protected":false},"excerpt":{"rendered":"<p>Se invita a docentes y graduados interesados a participar del curso de posgrado \u201cRadiometr\u00eda y Fotometr\u00eda\u201d (Resoluci\u00f3n N\u00b0 0290\/23), que se realizar\u00e1 del 06 al 30 de junio de 2023. El mismo ser\u00e1 dictado con modalidad 100% online. Es objetivo del curso brindar una formaci\u00f3n s\u00f3lida acerca de la naturaleza de la luz y su [&hellip;]<\/p>\n","protected":false},"author":6,"featured_media":25362,"comment_status":"closed","ping_status":"closed","sticky":false,"template":"","format":"standard","meta":[],"categories":[5,4],"tags":[],"_links":{"self":[{"href":"https:\/\/www.facet.unt.edu.ar\/facetinforma\/wp-json\/wp\/v2\/posts\/25361"}],"collection":[{"href":"https:\/\/www.facet.unt.edu.ar\/facetinforma\/wp-json\/wp\/v2\/posts"}],"about":[{"href":"https:\/\/www.facet.unt.edu.ar\/facetinforma\/wp-json\/wp\/v2\/types\/post"}],"author":[{"embeddable":true,"href":"https:\/\/www.facet.unt.edu.ar\/facetinforma\/wp-json\/wp\/v2\/users\/6"}],"replies":[{"embeddable":true,"href":"https:\/\/www.facet.unt.edu.ar\/facetinforma\/wp-json\/wp\/v2\/comments?post=25361"}],"version-history":[{"count":2,"href":"https:\/\/www.facet.unt.edu.ar\/facetinforma\/wp-json\/wp\/v2\/posts\/25361\/revisions"}],"predecessor-version":[{"id":25366,"href":"https:\/\/www.facet.unt.edu.ar\/facetinforma\/wp-json\/wp\/v2\/posts\/25361\/revisions\/25366"}],"wp:featuredmedia":[{"embeddable":true,"href":"https:\/\/www.facet.unt.edu.ar\/facetinforma\/wp-json\/wp\/v2\/media\/25362"}],"wp:attachment":[{"href":"https:\/\/www.facet.unt.edu.ar\/facetinforma\/wp-json\/wp\/v2\/media?parent=25361"}],"wp:term":[{"taxonomy":"category","embeddable":true,"href":"https:\/\/www.facet.unt.edu.ar\/facetinforma\/wp-json\/wp\/v2\/categories?post=25361"},{"taxonomy":"post_tag","embeddable":true,"href":"https:\/\/www.facet.unt.edu.ar\/facetinforma\/wp-json\/wp\/v2\/tags?post=25361"}],"curies":[{"name":"wp","href":"https:\/\/api.w.org\/{rel}","templated":true}]}}