{"id":25443,"date":"2023-06-16T18:02:17","date_gmt":"2023-06-16T21:02:17","guid":{"rendered":"https:\/\/www.facet.unt.edu.ar\/facetinforma\/?p=25443"},"modified":"2023-06-16T19:08:53","modified_gmt":"2023-06-16T22:08:53","slug":"inscripciones-abiertas-curso-de-posgrado-redes-celulares-de-proxima-generacion","status":"publish","type":"post","link":"https:\/\/www.facet.unt.edu.ar\/facetinforma\/2023\/06\/16\/inscripciones-abiertas-curso-de-posgrado-redes-celulares-de-proxima-generacion\/","title":{"rendered":"Inscripciones Abiertas | Curso de Posgrado \u201cRedes Celulares de Pr\u00f3xima Generaci\u00f3n\u201d"},"content":{"rendered":"<div id=\"pl-25443\"  class=\"panel-layout\"><div id=\"pg-25443-0\"  class=\"panel-grid panel-no-style\"><div id=\"pgc-25443-0-0\"  class=\"panel-grid-cell\"><div id=\"panel-25443-0-0-0\" class=\"so-panel widget widget_black-studio-tinymce widget_black_studio_tinymce panel-first-child panel-last-child\" data-index=\"0\"><div class=\"textwidget\"><p><a href=\"https:\/\/www.facet.unt.edu.ar\/facetinforma\/wp-content\/uploads\/sites\/9\/2023\/06\/CURSO-DE-POSGRADO-REDES-CELULARES.png\"><img class=\"aligncenter size-full wp-image-25445\" src=\"https:\/\/www.facet.unt.edu.ar\/facetinforma\/wp-content\/uploads\/sites\/9\/2023\/06\/CURSO-DE-POSGRADO-REDES-CELULARES.png\" alt=\"\" width=\"1080\" height=\"1350\" \/><\/a><\/p>\n<\/div><\/div><\/div><div id=\"pgc-25443-0-1\"  class=\"panel-grid-cell\"><div id=\"panel-25443-0-1-0\" class=\"so-panel widget widget_sow-editor panel-first-child panel-last-child\" data-index=\"1\"><div\n\t\t\t\n\t\t\tclass=\"so-widget-sow-editor so-widget-sow-editor-base\">\n<div class=\"siteorigin-widget-tinymce textwidget\">\n\t<p style=\"text-align: justify;\">Se invita a docentes y graduados interesados a participar del curso de posgrado \u201c<strong>Redes Celulares de Pr\u00f3xima Generaci\u00f3n<\/strong>\u201d, que dar\u00e1 inicio el <strong>lunes 3 de julio<\/strong>, a las <strong>15 hs<\/strong>. El mismo ser\u00e1 dictado con modalidad 100% online. <strong>Las inscripciones estar\u00e1n abiertas hasta el 2 de Julio de 2023.<\/strong><\/p>\n<p style=\"text-align: justify;\">El objetivo general es brindar al estudiante de posgrado conocimientos fundamentales sobre aspectos avanzados de las telecomunicaciones modernas, perfeccionando su formaci\u00f3n en cuanto al estado del arte en sistemas de comunicaciones m\u00f3viles y dando herramientas necesarias para realizar aportes al mismo. La disciplina general es la comunicaci\u00f3n de radio para terminales m\u00f3viles.<\/p>\n<p style=\"text-align: justify;\"><strong>Destinatarios<\/strong>: Graduados en Ing. Electr\u00f3nica, Ing. en Computaci\u00f3n, Lic. en Inform\u00e1tica y carreras afines.<\/p><\/div><\/div><\/div><\/div><\/div><\/div><p><a class=\"more-link\" href=\"https:\/\/www.facet.unt.edu.ar\/facetinforma\/2023\/06\/16\/inscripciones-abiertas-curso-de-posgrado-redes-celulares-de-proxima-generacion\/\">Leer m\u00e1s<span class=\"meta-nav\">&rarr;<\/span><\/a><\/p>","protected":false},"excerpt":{"rendered":"<p>Se invita a docentes y graduados interesados a participar del curso de posgrado \u201cRedes Celulares de Pr\u00f3xima Generaci\u00f3n\u201d, que dar\u00e1 inicio el lunes 3 de julio, a las 15 hs. El mismo ser\u00e1 dictado con modalidad 100% online. Las inscripciones estar\u00e1n abiertas hasta el 2 de Julio de 2023.El objetivo general es brindar al estudiante [&hellip;]<\/p>\n","protected":false},"author":6,"featured_media":25445,"comment_status":"closed","ping_status":"closed","sticky":false,"template":"","format":"standard","meta":[],"categories":[5,4],"tags":[],"_links":{"self":[{"href":"https:\/\/www.facet.unt.edu.ar\/facetinforma\/wp-json\/wp\/v2\/posts\/25443"}],"collection":[{"href":"https:\/\/www.facet.unt.edu.ar\/facetinforma\/wp-json\/wp\/v2\/posts"}],"about":[{"href":"https:\/\/www.facet.unt.edu.ar\/facetinforma\/wp-json\/wp\/v2\/types\/post"}],"author":[{"embeddable":true,"href":"https:\/\/www.facet.unt.edu.ar\/facetinforma\/wp-json\/wp\/v2\/users\/6"}],"replies":[{"embeddable":true,"href":"https:\/\/www.facet.unt.edu.ar\/facetinforma\/wp-json\/wp\/v2\/comments?post=25443"}],"version-history":[{"count":4,"href":"https:\/\/www.facet.unt.edu.ar\/facetinforma\/wp-json\/wp\/v2\/posts\/25443\/revisions"}],"predecessor-version":[{"id":25447,"href":"https:\/\/www.facet.unt.edu.ar\/facetinforma\/wp-json\/wp\/v2\/posts\/25443\/revisions\/25447"}],"wp:featuredmedia":[{"embeddable":true,"href":"https:\/\/www.facet.unt.edu.ar\/facetinforma\/wp-json\/wp\/v2\/media\/25445"}],"wp:attachment":[{"href":"https:\/\/www.facet.unt.edu.ar\/facetinforma\/wp-json\/wp\/v2\/media?parent=25443"}],"wp:term":[{"taxonomy":"category","embeddable":true,"href":"https:\/\/www.facet.unt.edu.ar\/facetinforma\/wp-json\/wp\/v2\/categories?post=25443"},{"taxonomy":"post_tag","embeddable":true,"href":"https:\/\/www.facet.unt.edu.ar\/facetinforma\/wp-json\/wp\/v2\/tags?post=25443"}],"curies":[{"name":"wp","href":"https:\/\/api.w.org\/{rel}","templated":true}]}}