{"id":25463,"date":"2023-06-28T16:28:22","date_gmt":"2023-06-28T19:28:22","guid":{"rendered":"https:\/\/www.facet.unt.edu.ar\/facetinforma\/?p=25463"},"modified":"2023-06-28T18:11:33","modified_gmt":"2023-06-28T21:11:33","slug":"reconocidos-docentes-de-la-universidad-de-salerno-visitaron-nuestra-facultad","status":"publish","type":"post","link":"https:\/\/www.facet.unt.edu.ar\/facetinforma\/2023\/06\/28\/reconocidos-docentes-de-la-universidad-de-salerno-visitaron-nuestra-facultad\/","title":{"rendered":"Reconocidos docentes de la Universidad de Salerno visitaron nuestra Facultad"},"content":{"rendered":"<div id=\"pl-25463\"  class=\"panel-layout\"><div id=\"pg-25463-0\"  class=\"panel-grid panel-no-style\"><div id=\"pgc-25463-0-0\"  class=\"panel-grid-cell\"><div id=\"panel-25463-0-0-0\" class=\"so-panel widget widget_black-studio-tinymce widget_black_studio_tinymce panel-first-child panel-last-child\" data-index=\"0\"><div class=\"textwidget\"><p><a href=\"https:\/\/www.facet.unt.edu.ar\/facetinforma\/wp-content\/uploads\/sites\/9\/2023\/06\/Docentes-de-la-Universidad-de-Salerno-visitaron-la-FACET-26-06-23.png\"><img class=\"aligncenter size-full wp-image-25465\" src=\"https:\/\/www.facet.unt.edu.ar\/facetinforma\/wp-content\/uploads\/sites\/9\/2023\/06\/Docentes-de-la-Universidad-de-Salerno-visitaron-la-FACET-26-06-23.png\" alt=\"\" width=\"1080\" height=\"1350\" \/><\/a><\/p>\n<\/div><\/div><\/div><div id=\"pgc-25463-0-1\"  class=\"panel-grid-cell\"><div id=\"panel-25463-0-1-0\" class=\"so-panel widget widget_sow-editor panel-first-child panel-last-child\" data-index=\"1\"><div\n\t\t\t\n\t\t\tclass=\"so-widget-sow-editor so-widget-sow-editor-base\">\n<div class=\"siteorigin-widget-tinymce textwidget\">\n\t<p style=\"text-align: justify;\">El Dr. Salvatore Barba, agregado cient\u00edfico de la Embajada de Italia en Argentina y el Dr. Domenico Guida, coordinador del Doctorado Italiano en Innovative Engineering Technologies for Industrial Sustainability, visitaron la FACET para dar a conocer oportunidades de actividades acad\u00e9micas conjuntas. Ambos son Profesores en la Universidad de Salerno, universidad con la que FACET mantiene una activa relaci\u00f3n particularmente a trav\u00e9s de un convenio de Bititulaci\u00f3n de Grado para carreras de ingenier\u00eda y licenciaturas.<\/p>\n<p style=\"text-align: justify;\">Las oportunidades descriptas por los Profesores abarcan becas doctorales, programas de I+D+i compartidos y diversas actividades acad\u00e9micas para enriquecer la vinculaci\u00f3n entre UniSa y UNT.<\/p><\/div><\/div><\/div><\/div><\/div><\/div><p><a class=\"more-link\" href=\"https:\/\/www.facet.unt.edu.ar\/facetinforma\/2023\/06\/28\/reconocidos-docentes-de-la-universidad-de-salerno-visitaron-nuestra-facultad\/\">Leer m\u00e1s<span class=\"meta-nav\">&rarr;<\/span><\/a><\/p>","protected":false},"excerpt":{"rendered":"<p>El Dr. Salvatore Barba, agregado cient\u00edfico de la Embajada de Italia en Argentina y el Dr. Domenico Guida, coordinador del Doctorado Italiano en Innovative Engineering Technologies for Industrial Sustainability, visitaron la FACET para dar a conocer oportunidades de actividades acad\u00e9micas conjuntas. Ambos son Profesores en la Universidad de Salerno, universidad con la que FACET mantiene [&hellip;]<\/p>\n","protected":false},"author":6,"featured_media":25465,"comment_status":"closed","ping_status":"closed","sticky":false,"template":"","format":"standard","meta":[],"categories":[5,24],"tags":[],"_links":{"self":[{"href":"https:\/\/www.facet.unt.edu.ar\/facetinforma\/wp-json\/wp\/v2\/posts\/25463"}],"collection":[{"href":"https:\/\/www.facet.unt.edu.ar\/facetinforma\/wp-json\/wp\/v2\/posts"}],"about":[{"href":"https:\/\/www.facet.unt.edu.ar\/facetinforma\/wp-json\/wp\/v2\/types\/post"}],"author":[{"embeddable":true,"href":"https:\/\/www.facet.unt.edu.ar\/facetinforma\/wp-json\/wp\/v2\/users\/6"}],"replies":[{"embeddable":true,"href":"https:\/\/www.facet.unt.edu.ar\/facetinforma\/wp-json\/wp\/v2\/comments?post=25463"}],"version-history":[{"count":4,"href":"https:\/\/www.facet.unt.edu.ar\/facetinforma\/wp-json\/wp\/v2\/posts\/25463\/revisions"}],"predecessor-version":[{"id":25481,"href":"https:\/\/www.facet.unt.edu.ar\/facetinforma\/wp-json\/wp\/v2\/posts\/25463\/revisions\/25481"}],"wp:featuredmedia":[{"embeddable":true,"href":"https:\/\/www.facet.unt.edu.ar\/facetinforma\/wp-json\/wp\/v2\/media\/25465"}],"wp:attachment":[{"href":"https:\/\/www.facet.unt.edu.ar\/facetinforma\/wp-json\/wp\/v2\/media?parent=25463"}],"wp:term":[{"taxonomy":"category","embeddable":true,"href":"https:\/\/www.facet.unt.edu.ar\/facetinforma\/wp-json\/wp\/v2\/categories?post=25463"},{"taxonomy":"post_tag","embeddable":true,"href":"https:\/\/www.facet.unt.edu.ar\/facetinforma\/wp-json\/wp\/v2\/tags?post=25463"}],"curies":[{"name":"wp","href":"https:\/\/api.w.org\/{rel}","templated":true}]}}