{"id":25673,"date":"2023-08-18T19:10:50","date_gmt":"2023-08-18T22:10:50","guid":{"rendered":"https:\/\/www.facet.unt.edu.ar\/facetinforma\/?p=25673"},"modified":"2023-08-18T21:19:50","modified_gmt":"2023-08-19T00:19:50","slug":"comienza-la-cohorte-2023-de-la-maestria-binacional-de-proyectos-de-ingenieria","status":"publish","type":"post","link":"https:\/\/www.facet.unt.edu.ar\/facetinforma\/2023\/08\/18\/comienza-la-cohorte-2023-de-la-maestria-binacional-de-proyectos-de-ingenieria\/","title":{"rendered":"Comienza la cohorte 2023 de la Maestr\u00eda Binacional de Proyectos de Ingenier\u00eda"},"content":{"rendered":"<div id=\"pl-25673\"  class=\"panel-layout\"><div id=\"pg-25673-0\"  class=\"panel-grid panel-no-style\"><div id=\"pgc-25673-0-0\"  class=\"panel-grid-cell\"><div id=\"panel-25673-0-0-0\" class=\"so-panel widget widget_black-studio-tinymce widget_black_studio_tinymce panel-first-child panel-last-child\" data-index=\"0\"><div class=\"textwidget\"><p><a href=\"https:\/\/www.facet.unt.edu.ar\/facetinforma\/wp-content\/uploads\/sites\/9\/2023\/08\/cohorte-2023-de-la-Maestria-Binacional-de-Proyectos-de-Ingenieria.png\"><img class=\"aligncenter size-full wp-image-25674\" src=\"https:\/\/www.facet.unt.edu.ar\/facetinforma\/wp-content\/uploads\/sites\/9\/2023\/08\/cohorte-2023-de-la-Maestria-Binacional-de-Proyectos-de-Ingenieria.png\" alt=\"\" width=\"1080\" height=\"1350\" \/><\/a><\/p>\n<\/div><\/div><\/div><div id=\"pgc-25673-0-1\"  class=\"panel-grid-cell\"><div id=\"panel-25673-0-1-0\" class=\"so-panel widget widget_sow-editor panel-first-child panel-last-child\" data-index=\"1\"><div\n\t\t\t\n\t\t\tclass=\"so-widget-sow-editor so-widget-sow-editor-base\">\n<div class=\"siteorigin-widget-tinymce textwidget\">\n\t<p style=\"text-align: justify;\">Hoy, en la Sala de Medios Audiovisuales de la FACET, se llev\u00f3 a cabo la apertura de la cohorte 2023\/2024 de la Maestr\u00eda Binacional de Proyectos de Ingenier\u00eda, carrera de posgrado de Doble Titulaci\u00f3n entre la FACET \u2013 Universidad Nacional de Tucum\u00e1n y la Universidad de Ciencias Aplicadas de Biberach (UCAB), Alemania.<\/p>\n<p style=\"text-align: justify;\">La Maestr\u00eda forma egresados con capacidades para dise\u00f1ar, organizar y dirigir proyectos tecnol\u00f3gicos de gran envergadura, desde su especificaci\u00f3n hasta su industrializaci\u00f3n, incluyendo la explotaci\u00f3n comercial y el mantenimiento. Se ense\u00f1an m\u00e9todos que permiten calcular y controlar los riesgos, los costos y los tiempos, asegurando la eficiencia de una empresa y la competitividad de un producto.<\/p><\/div><\/div><\/div><\/div><\/div><\/div><p><a class=\"more-link\" href=\"https:\/\/www.facet.unt.edu.ar\/facetinforma\/2023\/08\/18\/comienza-la-cohorte-2023-de-la-maestria-binacional-de-proyectos-de-ingenieria\/\">Leer m\u00e1s<span class=\"meta-nav\">&rarr;<\/span><\/a><\/p>","protected":false},"excerpt":{"rendered":"<p>Hoy, en la Sala de Medios Audiovisuales de la FACET, se llev\u00f3 a cabo la apertura de la cohorte 2023\/2024 de la Maestr\u00eda Binacional de Proyectos de Ingenier\u00eda, carrera de posgrado de Doble Titulaci\u00f3n entre la FACET \u2013 Universidad Nacional de Tucum\u00e1n y la Universidad de Ciencias Aplicadas de Biberach (UCAB), Alemania. La Maestr\u00eda forma [&hellip;]<\/p>\n","protected":false},"author":6,"featured_media":25674,"comment_status":"closed","ping_status":"closed","sticky":false,"template":"","format":"standard","meta":[],"categories":[5,4],"tags":[],"_links":{"self":[{"href":"https:\/\/www.facet.unt.edu.ar\/facetinforma\/wp-json\/wp\/v2\/posts\/25673"}],"collection":[{"href":"https:\/\/www.facet.unt.edu.ar\/facetinforma\/wp-json\/wp\/v2\/posts"}],"about":[{"href":"https:\/\/www.facet.unt.edu.ar\/facetinforma\/wp-json\/wp\/v2\/types\/post"}],"author":[{"embeddable":true,"href":"https:\/\/www.facet.unt.edu.ar\/facetinforma\/wp-json\/wp\/v2\/users\/6"}],"replies":[{"embeddable":true,"href":"https:\/\/www.facet.unt.edu.ar\/facetinforma\/wp-json\/wp\/v2\/comments?post=25673"}],"version-history":[{"count":14,"href":"https:\/\/www.facet.unt.edu.ar\/facetinforma\/wp-json\/wp\/v2\/posts\/25673\/revisions"}],"predecessor-version":[{"id":25676,"href":"https:\/\/www.facet.unt.edu.ar\/facetinforma\/wp-json\/wp\/v2\/posts\/25673\/revisions\/25676"}],"wp:featuredmedia":[{"embeddable":true,"href":"https:\/\/www.facet.unt.edu.ar\/facetinforma\/wp-json\/wp\/v2\/media\/25674"}],"wp:attachment":[{"href":"https:\/\/www.facet.unt.edu.ar\/facetinforma\/wp-json\/wp\/v2\/media?parent=25673"}],"wp:term":[{"taxonomy":"category","embeddable":true,"href":"https:\/\/www.facet.unt.edu.ar\/facetinforma\/wp-json\/wp\/v2\/categories?post=25673"},{"taxonomy":"post_tag","embeddable":true,"href":"https:\/\/www.facet.unt.edu.ar\/facetinforma\/wp-json\/wp\/v2\/tags?post=25673"}],"curies":[{"name":"wp","href":"https:\/\/api.w.org\/{rel}","templated":true}]}}