{"id":25718,"date":"2023-08-30T18:42:36","date_gmt":"2023-08-30T21:42:36","guid":{"rendered":"https:\/\/www.facet.unt.edu.ar\/facetinforma\/?p=25718"},"modified":"2023-09-06T14:18:39","modified_gmt":"2023-09-06T17:18:39","slug":"curso-de-posgrado-herramientas-avanzadas-para-aulas-virtuales","status":"publish","type":"post","link":"https:\/\/www.facet.unt.edu.ar\/facetinforma\/2023\/08\/30\/curso-de-posgrado-herramientas-avanzadas-para-aulas-virtuales\/","title":{"rendered":"Curso de Posgrado \u201cHerramientas avanzadas para Aulas Virtuales\u201d"},"content":{"rendered":"<div id=\"pl-25718\"  class=\"panel-layout\"><div id=\"pg-25718-0\"  class=\"panel-grid panel-no-style\"><div id=\"pgc-25718-0-0\"  class=\"panel-grid-cell\"><div id=\"panel-25718-0-0-0\" class=\"so-panel widget widget_black-studio-tinymce widget_black_studio_tinymce panel-first-child panel-last-child\" data-index=\"0\"><div class=\"textwidget\"><p><a href=\"https:\/\/www.facet.unt.edu.ar\/facetinforma\/wp-content\/uploads\/sites\/9\/2023\/08\/Afiche-CURSO-DE-POSGRADO-HAAV-2023.jpg\"><img class=\"aligncenter size-full wp-image-25719\" src=\"https:\/\/www.facet.unt.edu.ar\/facetinforma\/wp-content\/uploads\/sites\/9\/2023\/08\/Afiche-CURSO-DE-POSGRADO-HAAV-2023.jpg\" alt=\"\" width=\"810\" height=\"810\" \/><\/a><\/p>\n<\/div><\/div><\/div><div id=\"pgc-25718-0-1\"  class=\"panel-grid-cell\"><div id=\"panel-25718-0-1-0\" class=\"so-panel widget widget_sow-editor panel-first-child panel-last-child\" data-index=\"1\"><div\n\t\t\t\n\t\t\tclass=\"so-widget-sow-editor so-widget-sow-editor-base\">\n<div class=\"siteorigin-widget-tinymce textwidget\">\n\t<p style=\"text-align: justify;\">El Centro de Educaci\u00f3n a Distancia e Investigaci\u00f3n en Tecnolog\u00edas Educativas (CEDITE) invita a todos los docentes interesados a participar del curso de posgrado Herramientas Avanzadas para Aulas Virtuales.<\/p>\n<p style=\"text-align: justify;\">Este curso est\u00e1 orientado a capacitar en el uso avanzado de herramientas de la plataforma Moodle, de una forma tanto pr\u00e1ctica como pedag\u00f3gica. Se recomienda contar con conocimientos en el manejo de la plataforma, pues el curso se orienta al docente que trabaja con aulas virtuales o extendidas y desea profundizar y conocer nuevas opciones que le permitan un trabajo m\u00e1s profundo en estos temas.<\/p><\/div><\/div><\/div><\/div><\/div><\/div><p><a class=\"more-link\" href=\"https:\/\/www.facet.unt.edu.ar\/facetinforma\/2023\/08\/30\/curso-de-posgrado-herramientas-avanzadas-para-aulas-virtuales\/\">Leer m\u00e1s<span class=\"meta-nav\">&rarr;<\/span><\/a><\/p>","protected":false},"excerpt":{"rendered":"<p>El Centro de Educaci\u00f3n a Distancia e Investigaci\u00f3n en Tecnolog\u00edas Educativas (CEDITE) invita a todos los docentes interesados a participar del curso de posgrado Herramientas Avanzadas para Aulas Virtuales.Este curso est\u00e1 orientado a capacitar en el uso avanzado de herramientas de la plataforma Moodle, de una forma tanto pr\u00e1ctica como pedag\u00f3gica. Se recomienda contar con [&hellip;]<\/p>\n","protected":false},"author":6,"featured_media":25719,"comment_status":"closed","ping_status":"closed","sticky":false,"template":"","format":"standard","meta":[],"categories":[5,4],"tags":[],"_links":{"self":[{"href":"https:\/\/www.facet.unt.edu.ar\/facetinforma\/wp-json\/wp\/v2\/posts\/25718"}],"collection":[{"href":"https:\/\/www.facet.unt.edu.ar\/facetinforma\/wp-json\/wp\/v2\/posts"}],"about":[{"href":"https:\/\/www.facet.unt.edu.ar\/facetinforma\/wp-json\/wp\/v2\/types\/post"}],"author":[{"embeddable":true,"href":"https:\/\/www.facet.unt.edu.ar\/facetinforma\/wp-json\/wp\/v2\/users\/6"}],"replies":[{"embeddable":true,"href":"https:\/\/www.facet.unt.edu.ar\/facetinforma\/wp-json\/wp\/v2\/comments?post=25718"}],"version-history":[{"count":4,"href":"https:\/\/www.facet.unt.edu.ar\/facetinforma\/wp-json\/wp\/v2\/posts\/25718\/revisions"}],"predecessor-version":[{"id":25722,"href":"https:\/\/www.facet.unt.edu.ar\/facetinforma\/wp-json\/wp\/v2\/posts\/25718\/revisions\/25722"}],"wp:featuredmedia":[{"embeddable":true,"href":"https:\/\/www.facet.unt.edu.ar\/facetinforma\/wp-json\/wp\/v2\/media\/25719"}],"wp:attachment":[{"href":"https:\/\/www.facet.unt.edu.ar\/facetinforma\/wp-json\/wp\/v2\/media?parent=25718"}],"wp:term":[{"taxonomy":"category","embeddable":true,"href":"https:\/\/www.facet.unt.edu.ar\/facetinforma\/wp-json\/wp\/v2\/categories?post=25718"},{"taxonomy":"post_tag","embeddable":true,"href":"https:\/\/www.facet.unt.edu.ar\/facetinforma\/wp-json\/wp\/v2\/tags?post=25718"}],"curies":[{"name":"wp","href":"https:\/\/api.w.org\/{rel}","templated":true}]}}