{"id":25994,"date":"2023-10-23T18:49:21","date_gmt":"2023-10-23T21:49:21","guid":{"rendered":"https:\/\/www.facet.unt.edu.ar\/facetinforma\/?p=25994"},"modified":"2023-10-24T13:16:48","modified_gmt":"2023-10-24T16:16:48","slug":"invitacion-a-la-jornada-de-inclusion-activa-visibilizando-oportunidades","status":"publish","type":"post","link":"https:\/\/www.facet.unt.edu.ar\/facetinforma\/2023\/10\/23\/invitacion-a-la-jornada-de-inclusion-activa-visibilizando-oportunidades\/","title":{"rendered":"Invitaci\u00f3n a la Jornada de Inclusi\u00f3n Activa \u201cVisibilizando Oportunidades\u201d"},"content":{"rendered":"<div id=\"pl-25994\"  class=\"panel-layout\" ><div id=\"pg-25994-0\"  class=\"panel-grid panel-no-style\" ><div id=\"pgc-25994-0-0\"  class=\"panel-grid-cell\" ><div id=\"panel-25994-0-0-0\" class=\"so-panel widget widget_black-studio-tinymce widget_black_studio_tinymce panel-first-child panel-last-child\" data-index=\"0\" ><div class=\"textwidget\"><p><a href=\"https:\/\/www.facet.unt.edu.ar\/facetinforma\/wp-content\/uploads\/sites\/9\/2023\/10\/Invitacion-a-la-jornada-de-inclusion-activa.jpeg\"><img class=\"aligncenter size-full wp-image-25995\" src=\"https:\/\/www.facet.unt.edu.ar\/facetinforma\/wp-content\/uploads\/sites\/9\/2023\/10\/Invitacion-a-la-jornada-de-inclusion-activa.jpeg\" alt=\"\" width=\"1600\" height=\"1600\" \/><\/a><\/p>\n<\/div><\/div><\/div><div id=\"pgc-25994-0-1\"  class=\"panel-grid-cell\" ><div id=\"panel-25994-0-1-0\" class=\"so-panel widget widget_sow-editor panel-first-child panel-last-child\" data-index=\"1\" ><div\n\t\t\t\n\t\t\tclass=\"so-widget-sow-editor so-widget-sow-editor-base\"\n\t\t\t\n\t\t>\n<div class=\"siteorigin-widget-tinymce textwidget\">\n\t<p style=\"text-align: justify;\">La FACET a trav\u00e9s del Proyecto Tecnolog\u00edas e Innovaci\u00f3n para la Inclusi\u00f3n, invita a docentes, no docentes, estudiantes y graduados a participar de la 1\u00ba Jornada de Inclusi\u00f3n Activa \u201cVisibilizando Oportunidades\u201d que se realizar\u00e1 el viernes 27 de octubre, de 9:00 a 11:30 hs, iniciando en los jardines de la Facultad de Agronom\u00eda.<\/p>\n<p style=\"text-align: justify;\">No se suspende por lluvia. En caso de lluvia, la jornada se realizar\u00e1 en el hall del Block 3 de la FACET.<\/p>\n<p style=\"text-align: justify;\">Esta jornada representar\u00e1 una valiosa oportunidad para que la comunidad universitaria establezca un contacto significativo con los participantes en las capacitaciones del Proyecto Tecnolog\u00edas e Innovaci\u00f3n para la Inclusi\u00f3n, quienes enfrentan desaf\u00edos de movilidad debido a discapacidades motrices.<\/p>\n<p style=\"text-align: justify;\">Estos eventos permiten promover la inclusi\u00f3n y la empat\u00eda entre la comunidad universitaria y las personas con discapacidad.<\/p>\n<p style=\"text-align: justify;\">\u00a1Esperamos contar con su activa participaci\u00f3n en estas enriquecedoras experiencias!<\/p>\n<\/div>\n<\/div><\/div><\/div><\/div><\/div>","protected":false},"excerpt":{"rendered":"<p>La FACET a trav\u00e9s del Proyecto Tecnolog\u00edas e Innovaci\u00f3n para la Inclusi\u00f3n, invita a docentes, no docentes, estudiantes y graduados a participar de la 1\u00ba Jornada de Inclusi\u00f3n Activa \u201cVisibilizando Oportunidades\u201d que se realizar\u00e1 el viernes 27 de octubre, de 9:00 a 11:30 hs, iniciando en los jardines de la Facultad de Agronom\u00eda. No se [&hellip;]<\/p>\n","protected":false},"author":6,"featured_media":25995,"comment_status":"closed","ping_status":"closed","sticky":false,"template":"","format":"standard","meta":[],"categories":[22,5],"tags":[],"_links":{"self":[{"href":"https:\/\/www.facet.unt.edu.ar\/facetinforma\/wp-json\/wp\/v2\/posts\/25994"}],"collection":[{"href":"https:\/\/www.facet.unt.edu.ar\/facetinforma\/wp-json\/wp\/v2\/posts"}],"about":[{"href":"https:\/\/www.facet.unt.edu.ar\/facetinforma\/wp-json\/wp\/v2\/types\/post"}],"author":[{"embeddable":true,"href":"https:\/\/www.facet.unt.edu.ar\/facetinforma\/wp-json\/wp\/v2\/users\/6"}],"replies":[{"embeddable":true,"href":"https:\/\/www.facet.unt.edu.ar\/facetinforma\/wp-json\/wp\/v2\/comments?post=25994"}],"version-history":[{"count":6,"href":"https:\/\/www.facet.unt.edu.ar\/facetinforma\/wp-json\/wp\/v2\/posts\/25994\/revisions"}],"predecessor-version":[{"id":26002,"href":"https:\/\/www.facet.unt.edu.ar\/facetinforma\/wp-json\/wp\/v2\/posts\/25994\/revisions\/26002"}],"wp:featuredmedia":[{"embeddable":true,"href":"https:\/\/www.facet.unt.edu.ar\/facetinforma\/wp-json\/wp\/v2\/media\/25995"}],"wp:attachment":[{"href":"https:\/\/www.facet.unt.edu.ar\/facetinforma\/wp-json\/wp\/v2\/media?parent=25994"}],"wp:term":[{"taxonomy":"category","embeddable":true,"href":"https:\/\/www.facet.unt.edu.ar\/facetinforma\/wp-json\/wp\/v2\/categories?post=25994"},{"taxonomy":"post_tag","embeddable":true,"href":"https:\/\/www.facet.unt.edu.ar\/facetinforma\/wp-json\/wp\/v2\/tags?post=25994"}],"curies":[{"name":"wp","href":"https:\/\/api.w.org\/{rel}","templated":true}]}}