{"id":26035,"date":"2023-10-27T20:27:20","date_gmt":"2023-10-27T23:27:20","guid":{"rendered":"https:\/\/www.facet.unt.edu.ar\/facetinforma\/?p=26035"},"modified":"2023-11-17T21:49:03","modified_gmt":"2023-11-18T00:49:03","slug":"primeras-jornadas-azucareras-2023-pre-inscripciones-abiertas","status":"publish","type":"post","link":"https:\/\/www.facet.unt.edu.ar\/facetinforma\/2023\/10\/27\/primeras-jornadas-azucareras-2023-pre-inscripciones-abiertas\/","title":{"rendered":"Primeras Jornadas Azucareras 2023 \u2013 Inscripciones abiertas"},"content":{"rendered":"<div id=\"pl-26035\"  class=\"panel-layout\"><div id=\"pg-26035-0\"  class=\"panel-grid panel-no-style\"><div id=\"pgc-26035-0-0\"  class=\"panel-grid-cell\"><div id=\"panel-26035-0-0-0\" class=\"so-panel widget widget_black-studio-tinymce widget_black_studio_tinymce panel-first-child panel-last-child\" data-index=\"0\"><div class=\"textwidget\"><p><a href=\"https:\/\/www.facet.unt.edu.ar\/facetinforma\/wp-content\/uploads\/sites\/9\/2023\/10\/flyer_feed_Jornadas-Azucarera.png\"><img class=\"aligncenter size-full wp-image-26091\" src=\"https:\/\/www.facet.unt.edu.ar\/facetinforma\/wp-content\/uploads\/sites\/9\/2023\/10\/flyer_feed_Jornadas-Azucarera.png\" alt=\"\" width=\"1490\" height=\"1490\" \/><\/a><\/p>\n<\/div><\/div><\/div><div id=\"pgc-26035-0-1\"  class=\"panel-grid-cell\"><div id=\"panel-26035-0-1-0\" class=\"so-panel widget widget_sow-editor panel-first-child panel-last-child\" data-index=\"1\"><div\n\t\t\t\n\t\t\tclass=\"so-widget-sow-editor so-widget-sow-editor-base\">\n<div class=\"siteorigin-widget-tinymce textwidget\">\n\t<p style=\"text-align: justify;\">Se invita a estudiantes, graduados, docentes y p\u00fablico en general a participar de las <strong>Primeras Jornadas Azucareras<\/strong> que se llevar\u00e1n a cabo los d\u00edas <strong>22, 23 y 24 de noviembre<\/strong>, en el <strong>Auditorio de Luminotecnia<\/strong>, Dpto. Luminotecnia, Luz y Visi\u00f3n, FACET.<\/p>\n<p style=\"text-align: justify;\">El objetivo general de las jornadas es generar competitividad de los participantes; y de sus roles desempe\u00f1ados dentro y fuera de la industria azucarera, mediante estas capacitaciones espec\u00edficas, fundamentadas en la creaci\u00f3n de valor para la producci\u00f3n de az\u00facar y alcohol. Todo esto en un marco de sostenibilidad ambiental y social.<\/p>\n<p style=\"text-align: justify;\">Est\u00e1n destinadas a todos los actores intervinientes en los procesos sucro-alcoholeros, tales como alumnos, docentes y egresados de las carreras relacionadas, c\u00f3mo tambi\u00e9n est\u00e1n dirigidas a t\u00e9cnicos y profesionales de la industria en cuesti\u00f3n.<\/p><\/div><\/div><\/div><\/div><\/div><\/div><p><a class=\"more-link\" href=\"https:\/\/www.facet.unt.edu.ar\/facetinforma\/2023\/10\/27\/primeras-jornadas-azucareras-2023-pre-inscripciones-abiertas\/\">Leer m\u00e1s<span class=\"meta-nav\">&rarr;<\/span><\/a><\/p>","protected":false},"excerpt":{"rendered":"<p>Se invita a estudiantes, graduados, docentes y p\u00fablico en general a participar de las Primeras Jornadas Azucareras que se llevar\u00e1n a cabo los d\u00edas 22, 23 y 24 de noviembre, en el Auditorio de Luminotecnia, Dpto. Luminotecnia, Luz y Visi\u00f3n, FACET. El objetivo general de las jornadas es generar competitividad de los participantes; y de [&hellip;]<\/p>\n","protected":false},"author":6,"featured_media":26091,"comment_status":"closed","ping_status":"closed","sticky":false,"template":"","format":"standard","meta":[],"categories":[22,5],"tags":[],"_links":{"self":[{"href":"https:\/\/www.facet.unt.edu.ar\/facetinforma\/wp-json\/wp\/v2\/posts\/26035"}],"collection":[{"href":"https:\/\/www.facet.unt.edu.ar\/facetinforma\/wp-json\/wp\/v2\/posts"}],"about":[{"href":"https:\/\/www.facet.unt.edu.ar\/facetinforma\/wp-json\/wp\/v2\/types\/post"}],"author":[{"embeddable":true,"href":"https:\/\/www.facet.unt.edu.ar\/facetinforma\/wp-json\/wp\/v2\/users\/6"}],"replies":[{"embeddable":true,"href":"https:\/\/www.facet.unt.edu.ar\/facetinforma\/wp-json\/wp\/v2\/comments?post=26035"}],"version-history":[{"count":16,"href":"https:\/\/www.facet.unt.edu.ar\/facetinforma\/wp-json\/wp\/v2\/posts\/26035\/revisions"}],"predecessor-version":[{"id":26137,"href":"https:\/\/www.facet.unt.edu.ar\/facetinforma\/wp-json\/wp\/v2\/posts\/26035\/revisions\/26137"}],"wp:featuredmedia":[{"embeddable":true,"href":"https:\/\/www.facet.unt.edu.ar\/facetinforma\/wp-json\/wp\/v2\/media\/26091"}],"wp:attachment":[{"href":"https:\/\/www.facet.unt.edu.ar\/facetinforma\/wp-json\/wp\/v2\/media?parent=26035"}],"wp:term":[{"taxonomy":"category","embeddable":true,"href":"https:\/\/www.facet.unt.edu.ar\/facetinforma\/wp-json\/wp\/v2\/categories?post=26035"},{"taxonomy":"post_tag","embeddable":true,"href":"https:\/\/www.facet.unt.edu.ar\/facetinforma\/wp-json\/wp\/v2\/tags?post=26035"}],"curies":[{"name":"wp","href":"https:\/\/api.w.org\/{rel}","templated":true}]}}