{"id":26177,"date":"2023-12-13T15:46:48","date_gmt":"2023-12-13T18:46:48","guid":{"rendered":"https:\/\/www.facet.unt.edu.ar\/facetinforma\/?p=26177"},"modified":"2023-12-13T00:58:25","modified_gmt":"2023-12-13T03:58:25","slug":"docente-de-la-facet-visito-la-sede-scania-suecia","status":"publish","type":"post","link":"https:\/\/www.facet.unt.edu.ar\/facetinforma\/2023\/12\/13\/docente-de-la-facet-visito-la-sede-scania-suecia\/","title":{"rendered":"Docente de la FACET visit\u00f3 la sede SCANIA Suecia"},"content":{"rendered":"<div id=\"pl-26177\"  class=\"panel-layout\"><div id=\"pg-26177-0\"  class=\"panel-grid panel-no-style\"><div id=\"pgc-26177-0-0\"  class=\"panel-grid-cell\"><div id=\"panel-26177-0-0-0\" class=\"so-panel widget widget_black-studio-tinymce widget_black_studio_tinymce panel-first-child panel-last-child\" data-index=\"0\"><div class=\"textwidget\"><p><a href=\"https:\/\/www.facet.unt.edu.ar\/facetinforma\/wp-content\/uploads\/sites\/9\/2023\/12\/Docente-de-la-FACET-visito-la-sede-SCANIA-Suecia.png\"><img class=\"aligncenter size-full wp-image-26178\" src=\"https:\/\/www.facet.unt.edu.ar\/facetinforma\/wp-content\/uploads\/sites\/9\/2023\/12\/Docente-de-la-FACET-visito-la-sede-SCANIA-Suecia.png\" alt=\"\" width=\"1080\" height=\"1080\" \/><\/a><\/p>\n<\/div><\/div><\/div><div id=\"pgc-26177-0-1\"  class=\"panel-grid-cell\"><div id=\"panel-26177-0-1-0\" class=\"so-panel widget widget_sow-editor panel-first-child panel-last-child\" data-index=\"1\"><div\n\t\t\t\n\t\t\tclass=\"so-widget-sow-editor so-widget-sow-editor-base\">\n<div class=\"siteorigin-widget-tinymce textwidget\">\n\t<p style=\"text-align: justify;\">En octubre pasado, el Ingeniero Juan Carlos Santana S\u00e1nchez visit\u00f3 la sede de SCANIA, en Suecia, con el fin de consolidar v\u00ednculos entre nuestra facultad y la empresa. En la empresa, que tiene altos est\u00e1ndares de calidad para la selecci\u00f3n de sus empleados y directivos, se desempe\u00f1an numerosos graduados de la FACET-UNT.<\/p>\n<p style=\"text-align: justify;\">El Ingeniero Mec\u00e1nico Juan Carlos Santana S\u00e1nchez es profesor asociado del Departamento de Mec\u00e1nica de FACET y director de la carrera de posgrado \u201cEspecializaci\u00f3n en Gesti\u00f3n Industrial\" de la FACET.<\/p>\n<p style=\"text-align: justify;\">El d\u00eda 23 de octubre realiz\u00f3 la visita en forma oficial a la firma Scania S\u00f6dert\u00e4lje, Suecia, en donde recorri\u00f3 varios sectores, entre ellos el Departamento de Mantenimiento Industrial para conocer los avances tecnol\u00f3gicos de los procesos implementados en la empresa, tomando esa experiencia para orientar y enriquecer el dictado de disciplinas afines en carreras de FACET.<\/p><\/div><\/div><\/div><\/div><\/div><\/div><p><a class=\"more-link\" href=\"https:\/\/www.facet.unt.edu.ar\/facetinforma\/2023\/12\/13\/docente-de-la-facet-visito-la-sede-scania-suecia\/\">Leer m\u00e1s<span class=\"meta-nav\">&rarr;<\/span><\/a><\/p>","protected":false},"excerpt":{"rendered":"<p>En octubre pasado, el Ingeniero Juan Carlos Santana S\u00e1nchez visit\u00f3 la sede de SCANIA, en Suecia, con el fin de consolidar v\u00ednculos entre nuestra facultad y la empresa. En la empresa, que tiene altos est\u00e1ndares de calidad para la selecci\u00f3n de sus empleados y directivos, se desempe\u00f1an numerosos graduados de la FACET-UNT.El Ingeniero Mec\u00e1nico Juan [&hellip;]<\/p>\n","protected":false},"author":6,"featured_media":26178,"comment_status":"closed","ping_status":"closed","sticky":false,"template":"","format":"standard","meta":[],"categories":[5,10],"tags":[],"_links":{"self":[{"href":"https:\/\/www.facet.unt.edu.ar\/facetinforma\/wp-json\/wp\/v2\/posts\/26177"}],"collection":[{"href":"https:\/\/www.facet.unt.edu.ar\/facetinforma\/wp-json\/wp\/v2\/posts"}],"about":[{"href":"https:\/\/www.facet.unt.edu.ar\/facetinforma\/wp-json\/wp\/v2\/types\/post"}],"author":[{"embeddable":true,"href":"https:\/\/www.facet.unt.edu.ar\/facetinforma\/wp-json\/wp\/v2\/users\/6"}],"replies":[{"embeddable":true,"href":"https:\/\/www.facet.unt.edu.ar\/facetinforma\/wp-json\/wp\/v2\/comments?post=26177"}],"version-history":[{"count":5,"href":"https:\/\/www.facet.unt.edu.ar\/facetinforma\/wp-json\/wp\/v2\/posts\/26177\/revisions"}],"predecessor-version":[{"id":26183,"href":"https:\/\/www.facet.unt.edu.ar\/facetinforma\/wp-json\/wp\/v2\/posts\/26177\/revisions\/26183"}],"wp:featuredmedia":[{"embeddable":true,"href":"https:\/\/www.facet.unt.edu.ar\/facetinforma\/wp-json\/wp\/v2\/media\/26178"}],"wp:attachment":[{"href":"https:\/\/www.facet.unt.edu.ar\/facetinforma\/wp-json\/wp\/v2\/media?parent=26177"}],"wp:term":[{"taxonomy":"category","embeddable":true,"href":"https:\/\/www.facet.unt.edu.ar\/facetinforma\/wp-json\/wp\/v2\/categories?post=26177"},{"taxonomy":"post_tag","embeddable":true,"href":"https:\/\/www.facet.unt.edu.ar\/facetinforma\/wp-json\/wp\/v2\/tags?post=26177"}],"curies":[{"name":"wp","href":"https:\/\/api.w.org\/{rel}","templated":true}]}}