{"id":26189,"date":"2023-12-14T18:02:03","date_gmt":"2023-12-14T21:02:03","guid":{"rendered":"https:\/\/www.facet.unt.edu.ar\/facetinforma\/?p=26189"},"modified":"2023-12-14T18:02:05","modified_gmt":"2023-12-14T21:02:05","slug":"la-unt-firma-acuerdo-de-cooperacion-con-la-uned","status":"publish","type":"post","link":"https:\/\/www.facet.unt.edu.ar\/facetinforma\/2023\/12\/14\/la-unt-firma-acuerdo-de-cooperacion-con-la-uned\/","title":{"rendered":"La UNT firma acuerdo de cooperaci\u00f3n con la UNED"},"content":{"rendered":"<div id=\"pl-26189\"  class=\"panel-layout\"><div id=\"pg-26189-0\"  class=\"panel-grid panel-no-style\"><div id=\"pgc-26189-0-0\"  class=\"panel-grid-cell\"><div id=\"panel-26189-0-0-0\" class=\"so-panel widget widget_black-studio-tinymce widget_black_studio_tinymce panel-first-child panel-last-child\" data-index=\"0\"><div class=\"textwidget\"><p><a href=\"https:\/\/www.facet.unt.edu.ar\/facetinforma\/wp-content\/uploads\/sites\/9\/2023\/12\/Acuerdo-de-colaboracion-entre-la-UNT-y-la-UNED.png\"><img class=\"aligncenter size-full wp-image-26190\" src=\"https:\/\/www.facet.unt.edu.ar\/facetinforma\/wp-content\/uploads\/sites\/9\/2023\/12\/Acuerdo-de-colaboracion-entre-la-UNT-y-la-UNED.png\" alt=\"\" width=\"1080\" height=\"1080\" \/><\/a><\/p>\n<\/div><\/div><\/div><div id=\"pgc-26189-0-1\"  class=\"panel-grid-cell\"><div id=\"panel-26189-0-1-0\" class=\"so-panel widget widget_sow-editor panel-first-child panel-last-child\" data-index=\"1\"><div\n\t\t\t\n\t\t\tclass=\"so-widget-sow-editor so-widget-sow-editor-base\">\n<div class=\"siteorigin-widget-tinymce textwidget\">\n\t<p style=\"text-align: justify;\">En noviembre pasado, el Ingeniero Juan Carlos Santana S\u00e1nchez, en representaci\u00f3n de nuestra Facultad y de la Universidad Nacional de Tucum\u00e1n (UNT), viaj\u00f3 a Europa para formalizar el acuerdo de cooperaci\u00f3n entre la Universidad Nacional de Educaci\u00f3n a Distancia y la UNT.<\/p>\n<p style=\"text-align: justify;\">El pasado 15 de noviembre, el Ingeniero Santana S\u00e1nchez se reuni\u00f3 con las autoridades de la UNED en su sede ubicada en Madrid (Espa\u00f1a), para la formalizaci\u00f3n de un Convenio Marco entre la UNED y la UNT.<\/p>\n<p style=\"text-align: justify;\">El acuerdo tiene por objeto fomentar la cooperaci\u00f3n acad\u00e9mica a trav\u00e9s de proyectos de investigaci\u00f3n comunes y\/o el intercambio de docentes\/investigadores, de estudiantes de grado y posgrado, con reconocimiento mutuo de los cursos realizados en cualquiera de las Universidades.<\/p><\/div><\/div><\/div><\/div><\/div><\/div><p><a class=\"more-link\" href=\"https:\/\/www.facet.unt.edu.ar\/facetinforma\/2023\/12\/14\/la-unt-firma-acuerdo-de-cooperacion-con-la-uned\/\">Leer m\u00e1s<span class=\"meta-nav\">&rarr;<\/span><\/a><\/p>","protected":false},"excerpt":{"rendered":"<p>En noviembre pasado, el Ingeniero Juan Carlos Santana S\u00e1nchez, en representaci\u00f3n de nuestra Facultad y de la Universidad Nacional de Tucum\u00e1n (UNT), viaj\u00f3 a Europa para formalizar el acuerdo de cooperaci\u00f3n entre la Universidad Nacional de Educaci\u00f3n a Distancia y la UNT.El pasado 15 de noviembre, el Ingeniero Santana S\u00e1nchez se reuni\u00f3 con las autoridades [&hellip;]<\/p>\n","protected":false},"author":6,"featured_media":26190,"comment_status":"closed","ping_status":"closed","sticky":false,"template":"","format":"standard","meta":[],"categories":[5,10],"tags":[],"_links":{"self":[{"href":"https:\/\/www.facet.unt.edu.ar\/facetinforma\/wp-json\/wp\/v2\/posts\/26189"}],"collection":[{"href":"https:\/\/www.facet.unt.edu.ar\/facetinforma\/wp-json\/wp\/v2\/posts"}],"about":[{"href":"https:\/\/www.facet.unt.edu.ar\/facetinforma\/wp-json\/wp\/v2\/types\/post"}],"author":[{"embeddable":true,"href":"https:\/\/www.facet.unt.edu.ar\/facetinforma\/wp-json\/wp\/v2\/users\/6"}],"replies":[{"embeddable":true,"href":"https:\/\/www.facet.unt.edu.ar\/facetinforma\/wp-json\/wp\/v2\/comments?post=26189"}],"version-history":[{"count":2,"href":"https:\/\/www.facet.unt.edu.ar\/facetinforma\/wp-json\/wp\/v2\/posts\/26189\/revisions"}],"predecessor-version":[{"id":26192,"href":"https:\/\/www.facet.unt.edu.ar\/facetinforma\/wp-json\/wp\/v2\/posts\/26189\/revisions\/26192"}],"wp:featuredmedia":[{"embeddable":true,"href":"https:\/\/www.facet.unt.edu.ar\/facetinforma\/wp-json\/wp\/v2\/media\/26190"}],"wp:attachment":[{"href":"https:\/\/www.facet.unt.edu.ar\/facetinforma\/wp-json\/wp\/v2\/media?parent=26189"}],"wp:term":[{"taxonomy":"category","embeddable":true,"href":"https:\/\/www.facet.unt.edu.ar\/facetinforma\/wp-json\/wp\/v2\/categories?post=26189"},{"taxonomy":"post_tag","embeddable":true,"href":"https:\/\/www.facet.unt.edu.ar\/facetinforma\/wp-json\/wp\/v2\/tags?post=26189"}],"curies":[{"name":"wp","href":"https:\/\/api.w.org\/{rel}","templated":true}]}}