{"id":2624,"date":"2013-02-15T17:13:18","date_gmt":"2013-02-15T17:13:18","guid":{"rendered":"http:\/\/www1.herrera.unt.edu.ar\/facetinforma\/?p=2624"},"modified":"2013-02-15T17:13:18","modified_gmt":"2013-02-15T17:13:18","slug":"red-federal-inalambrica-posicionamiento-faei","status":"publish","type":"post","link":"https:\/\/www.facet.unt.edu.ar\/facetinforma\/2013\/02\/15\/red-federal-inalambrica-posicionamiento-faei\/","title":{"rendered":"Red Federal Inal\u00e1mbrica &#8211; Posicionamiento FAEI"},"content":{"rendered":"<p>Estimados socios,<\/p>\n<p style=\"text-align: justify\">Env\u00edo adjunto un comunicado de la Federaci\u00f3n Argentina de Estudiantes de Ingenier\u00eda con respecto a la declaraci\u00f3n de\u00a0inter\u00e9s\u00a0p\u00fablico de la Red Federal Inal\u00e1mbrica: <br \/>&#8211;<a href=\"https:\/\/www.facet.unt.edu.ar\/facetinforma\/wp-content\/uploads\/sites\/9\/2013\/02\/Bases-4a-convocatoria-Movilidad-Docente-a-Madrid1.pdf\" target=\"_blank\">Comunicado de la FEDERACI\u00d3N ARGENTINA DE ESTUDIANTES DE INGENIER\u00cdA.pdf<\/a><\/p>\n<p>Atentamente,<\/p>\n<h6><span style=\"font-size: x-small;font-family: 'times new roman', times\">&#8212;<\/span><br \/><span style=\"font-size: x-small;font-family: 'times new roman', times\"> Mercedes E. Montes de Oca<\/span><br \/><span style=\"font-size: x-small;font-family: 'times new roman', times\"> Secretar\u00eda Ejecutiva CONFEDI<\/span><br \/><span style=\"font-size: x-small;font-family: 'times new roman', times\"> Consejo Federal de Decanos de Ingenier\u00eda.<\/span><br \/><span style=\"font-size: x-small;font-family: 'times new roman', times\"> Cerrito 1250, 3\u00ba 15. (C1010AAZ)<\/span><br \/><span style=\"font-size: x-small;font-family: 'times new roman', times\"> (54 11) 4811-3648<\/span><br \/><span style=\"font-size: x-small;font-family: 'times new roman', times\"> WEB: <a href=\"http:\/\/www.confedi.org.ar\" target=\"_blank\">www.confedi.org.ar<\/a><\/span><br \/><span style=\"font-size: x-small;font-family: 'times new roman', times\"> Mail: <a href=\"mailto:secretaria@confedi.org.ar\" target=\"_blank\">secretaria@confedi.org.ar<\/a><\/span><\/h6>\n","protected":false},"excerpt":{"rendered":"<p>Estimados socios, Env\u00edo adjunto un comunicado de la Federaci\u00f3n Argentina de Estudiantes de Ingenier\u00eda con respecto a la declaraci\u00f3n de\u00a0inter\u00e9s\u00a0p\u00fablico de la Red Federal Inal\u00e1mbrica: &#8211;Comunicado de la FEDERACI\u00d3N ARGENTINA DE ESTUDIANTES DE INGENIER\u00cdA.pdf Atentamente, &#8212; Mercedes E. Montes de Oca Secretar\u00eda Ejecutiva CONFEDI Consejo Federal de Decanos de Ingenier\u00eda. Cerrito 1250, 3\u00ba 15. (C1010AAZ) [&hellip;]<\/p>\n","protected":false},"author":6,"featured_media":0,"comment_status":"closed","ping_status":"open","sticky":false,"template":"","format":"standard","meta":[],"categories":[5],"tags":[],"_links":{"self":[{"href":"https:\/\/www.facet.unt.edu.ar\/facetinforma\/wp-json\/wp\/v2\/posts\/2624"}],"collection":[{"href":"https:\/\/www.facet.unt.edu.ar\/facetinforma\/wp-json\/wp\/v2\/posts"}],"about":[{"href":"https:\/\/www.facet.unt.edu.ar\/facetinforma\/wp-json\/wp\/v2\/types\/post"}],"author":[{"embeddable":true,"href":"https:\/\/www.facet.unt.edu.ar\/facetinforma\/wp-json\/wp\/v2\/users\/6"}],"replies":[{"embeddable":true,"href":"https:\/\/www.facet.unt.edu.ar\/facetinforma\/wp-json\/wp\/v2\/comments?post=2624"}],"version-history":[{"count":0,"href":"https:\/\/www.facet.unt.edu.ar\/facetinforma\/wp-json\/wp\/v2\/posts\/2624\/revisions"}],"wp:attachment":[{"href":"https:\/\/www.facet.unt.edu.ar\/facetinforma\/wp-json\/wp\/v2\/media?parent=2624"}],"wp:term":[{"taxonomy":"category","embeddable":true,"href":"https:\/\/www.facet.unt.edu.ar\/facetinforma\/wp-json\/wp\/v2\/categories?post=2624"},{"taxonomy":"post_tag","embeddable":true,"href":"https:\/\/www.facet.unt.edu.ar\/facetinforma\/wp-json\/wp\/v2\/tags?post=2624"}],"curies":[{"name":"wp","href":"https:\/\/api.w.org\/{rel}","templated":true}]}}