{"id":2627,"date":"2013-02-15T17:25:32","date_gmt":"2013-02-15T17:25:32","guid":{"rendered":"http:\/\/www1.herrera.unt.edu.ar\/facetinforma\/?p=2627"},"modified":"2013-02-15T17:25:32","modified_gmt":"2013-02-15T17:25:32","slug":"viiia-convocatoria-de-movilidad-docente-a-paris","status":"publish","type":"post","link":"https:\/\/www.facet.unt.edu.ar\/facetinforma\/2013\/02\/15\/viiia-convocatoria-de-movilidad-docente-a-paris\/","title":{"rendered":"VIII\u00aa Convocatoria de Movilidad Docente a Paris"},"content":{"rendered":"<p style=\"text-align: justify\">Este <strong>Programa de Movilidad Docente<\/strong> es una iniciativa conjunta de la SECRETAR\u00cdA DE POL\u00cdTICAS UNIVERSITARIAS y\u00a0la Casa Argentina de la Cit\u00e9 Internationale Universitaire de Par\u00eds\u00a0PROGRAMA DE MOVILIDAD DE DOCENTES A PAR\u00cdS (FRANCIA).<\/p>\n<p style=\"text-align: justify\"><strong>Objetivos del Programa:<\/strong><strong><\/strong><\/p>\n<p style=\"text-align: justify\">Este Programa tiene como objetivo general colaborar en el mejoramiento de la calidad de la docencia de grado, docencia de doctorado y en el fortalecimiento de los proyectos de investigaci\u00f3n, facilitando el an\u00e1lisis y la contrastaci\u00f3n de los programas, proyectos de\u00a0\u00a0investigaci\u00f3n y extensi\u00f3n que se realizan en sus c\u00e1tedras con los que se desarrollan en c\u00e1tedras o grupos de investigaci\u00f3n hom\u00f3logas de reconocido prestigio de Universidades francesas.<\/p>\n<p style=\"text-align: justify\">El objetivo primordial del Programa es incentivar la movilidad de j\u00f3venes que se encuentren inici\u00e1ndose como investigadores, as\u00ed como la formaci\u00f3n de docentes noveles. Para ello, se otorgar\u00e1 una ayuda econ\u00f3mica a docentes universitarios que se desempe\u00f1en en Universidades Nacionales de todo el pa\u00eds a fin de que realicen pasant\u00edas en c\u00e1tedras hom\u00f3logas o en centros acad\u00e9micos de reconocida excelencia en Paris.<\/p>\n<p style=\"text-align: justify\"><strong>Fecha de cierre de la convocatoria<\/strong>:\u00a0<strong><span style=\"text-decoration: underline\">VIERNES 12 DE ABRIL DE 2013<!--more--><\/span><\/strong><\/p>\n<p style=\"text-align: justify\"><strong>Requisitos\u00a0a cumplir por los postulantes:<\/strong><\/p>\n<p style=\"text-align: justify\">La convocatoria se encuentra abierta para docentes regulares (concursados) de las Universidades Nacionales.<\/p>\n<p style=\"text-align: justify\">Son posibles de ser seleccionados:<\/p>\n<p style=\"text-align: justify\">-Los docentes que est\u00e9n haciendo investigaci\u00f3n y formaci\u00f3n (post-doctorados, doctorados, maestr\u00edas, etc).<\/p>\n<p style=\"text-align: justify\">-Docentes de doctorados.<\/p>\n<p style=\"text-align: justify\">-Los docentes menores de 50 a\u00f1os.<\/p>\n<p style=\"text-align: justify\">Las movilidades s\u00f3lo podr\u00e1n efectuarse con universidades situadas en la Ciudad de Par\u00eds y\u00a0sus alrededores cercanos dado que el \u00fanico alojamiento v\u00e1lido previsto es en la Casa\u00a0Argentina en Par\u00eds.<\/p>\n<p style=\"text-align: justify\"><strong>Duraci\u00f3n:<\/strong><\/p>\n<p style=\"text-align: justify\">Las movilidades para la Octava Convocatoria podr\u00e1n realizarse desde el 01 de agosto de\u00a02013 hasta el 30 de junio de 2014.<\/p>\n<p style=\"text-align: justify\">Cada candidato podr\u00e1 elegir en el marco del per\u00edodo establecido cuales son las fechas convenientes para realizar la movilidad. Las estad\u00edas podr\u00e1n ser de un mes como m\u00ednimo y dos meses como m\u00e1ximo sin excepci\u00f3n.<\/p>\n<p style=\"text-align: justify\">Por mayor informaci\u00f3n, ver documento adjunto:<br \/>&#8211;<a href=\"https:\/\/www.facet.unt.edu.ar\/facetinforma\/wp-content\/uploads\/sites\/9\/2013\/02\/Bases-8a-convocatoria-Movilidad-Docente-a-Paris.pdf\" target=\"_blank\">Bases-8a-convocatoria-Movilidad-Docente-a-Paris.pdf<\/a><\/p>\n","protected":false},"excerpt":{"rendered":"<p>Este Programa de Movilidad Docente es una iniciativa conjunta de la SECRETAR\u00cdA DE POL\u00cdTICAS UNIVERSITARIAS y\u00a0la Casa Argentina de la Cit\u00e9 Internationale Universitaire de Par\u00eds\u00a0PROGRAMA DE MOVILIDAD DE DOCENTES A PAR\u00cdS (FRANCIA). Objetivos del Programa: Este Programa tiene como objetivo general colaborar en el mejoramiento de la calidad de la docencia de grado, docencia de [&hellip;]<\/p>\n","protected":false},"author":6,"featured_media":0,"comment_status":"closed","ping_status":"open","sticky":false,"template":"","format":"standard","meta":[],"categories":[5],"tags":[],"_links":{"self":[{"href":"https:\/\/www.facet.unt.edu.ar\/facetinforma\/wp-json\/wp\/v2\/posts\/2627"}],"collection":[{"href":"https:\/\/www.facet.unt.edu.ar\/facetinforma\/wp-json\/wp\/v2\/posts"}],"about":[{"href":"https:\/\/www.facet.unt.edu.ar\/facetinforma\/wp-json\/wp\/v2\/types\/post"}],"author":[{"embeddable":true,"href":"https:\/\/www.facet.unt.edu.ar\/facetinforma\/wp-json\/wp\/v2\/users\/6"}],"replies":[{"embeddable":true,"href":"https:\/\/www.facet.unt.edu.ar\/facetinforma\/wp-json\/wp\/v2\/comments?post=2627"}],"version-history":[{"count":0,"href":"https:\/\/www.facet.unt.edu.ar\/facetinforma\/wp-json\/wp\/v2\/posts\/2627\/revisions"}],"wp:attachment":[{"href":"https:\/\/www.facet.unt.edu.ar\/facetinforma\/wp-json\/wp\/v2\/media?parent=2627"}],"wp:term":[{"taxonomy":"category","embeddable":true,"href":"https:\/\/www.facet.unt.edu.ar\/facetinforma\/wp-json\/wp\/v2\/categories?post=2627"},{"taxonomy":"post_tag","embeddable":true,"href":"https:\/\/www.facet.unt.edu.ar\/facetinforma\/wp-json\/wp\/v2\/tags?post=2627"}],"curies":[{"name":"wp","href":"https:\/\/api.w.org\/{rel}","templated":true}]}}