{"id":2636,"date":"2013-02-15T18:00:06","date_gmt":"2013-02-15T18:00:06","guid":{"rendered":"http:\/\/www1.herrera.unt.edu.ar\/facetinforma\/?p=2636"},"modified":"2013-02-15T18:00:06","modified_gmt":"2013-02-15T18:00:06","slug":"convocatoria-para-presentacion-de-trabajos-weef-2013-cartagena","status":"publish","type":"post","link":"https:\/\/www.facet.unt.edu.ar\/facetinforma\/2013\/02\/15\/convocatoria-para-presentacion-de-trabajos-weef-2013-cartagena\/","title":{"rendered":"Convocatoria para presentaci\u00f3n de trabajos WEEF 2013 Cartagena"},"content":{"rendered":"<p style=\"text-align: center\" align=\"center\"><strong>25, 26 y 27 de septiembre de 2013<br \/> Centro de Convenciones Cartagena de Indias, Cartagena, Colombia<\/strong><\/p>\n<p style=\"text-align: justify\"><strong>\u00a0<\/strong><strong>Invitaci\u00f3n:<\/strong><\/p>\n<p style=\"text-align: justify\">La Federaci\u00f3n Internacional de Sociedades de Educaci\u00f3n en Ingenier\u00eda -IFEES- (por sus siglas en ingl\u00e9s) y la Asociaci\u00f3n Colombiana de Facultades de Ingenier\u00eda -ACOFI-, en su labor permanente de promover en las facultades, escuelas y programas de ingenier\u00eda del mundo la calidad en las actividades de formaci\u00f3n, investigaci\u00f3n y relaci\u00f3n con el entorno, abordar\u00e1n este a\u00f1o los temas de innovaci\u00f3n con impacto para la formaci\u00f3n de ingenieros competitivos y emprendedores, y el desarrollo de formas de ense\u00f1anza que permitan educar ingenieros capaces de innovar y de generar cambios significativos en el entorno global, como propuesta de trabajo para el WEEF 2013.<\/p>\n<p style=\"text-align: justify\"><strong>Ejes tem\u00e1ticos:<\/strong><strong>\u00a0<\/strong><\/p>\n<p style=\"text-align: justify\">1. Innovaci\u00f3n en la formaci\u00f3n<\/p>\n<p style=\"text-align: justify\">2. Formaci\u00f3n para la innovaci\u00f3n<!--more--><\/p>\n<p style=\"text-align: justify\"><strong>Fechas importantes:<\/strong><strong>\u00a0<\/strong><\/p>\n<p style=\"text-align: justify\"><strong>23\u00a0de\u00a0enero\u00a0de\u00a02013\u00a0<\/strong>El\u00a0sistema\u00a0se\u00a0abre\u00a0para\u00a0la\u00a0presentaci\u00f3n\u00a0de\u00a0res\u00famenes.<\/p>\n<p style=\"text-align: justify\"><strong>22\u00a0de\u00a0Marzo\u00a0de\u00a02013<\/strong><strong>\u00a0<\/strong>Fecha\u00a0l\u00edmite\u00a0para\u00a0la\u00a0presentaci\u00f3n\u00a0de\u00a0res\u00famenes.<\/p>\n<p style=\"text-align: justify\"><strong>6<\/strong><strong>\u00a0<\/strong><strong>d<\/strong><strong>e\u00a0abril\u00a0de\u00a02013\u00a0<\/strong>Fecha\u00a0l\u00edmite\u00a0para\u00a0la\u00a0revisi\u00f3n\u00a0de\u00a0los\u00a0res\u00famenes.<\/p>\n<p style=\"text-align: justify\"><strong>12\u00a0de\u00a0Abril\u00a0de\u00a02013\u00a0<\/strong>Fecha\u00a0l\u00edmite\u00a0para\u00a0la\u00a0aceptaci\u00f3n\u00a0o\u00a0rechazo\u00a0de\u00a0los\u00a0res\u00famenes.<\/p>\n<p style=\"text-align: justify\"><strong>10<\/strong><strong>\u00a0<\/strong><strong>d<\/strong><strong>e\u00a0Mayo\u00a0de\u00a02013\u00a0<\/strong>Fecha\u00a0l\u00edmite\u00a0para\u00a0la\u00a0presentaci\u00f3n\u00a0de\u00a0la primera versi\u00f3n de los\u00a0trabajos.<\/p>\n<p style=\"text-align: justify\"><strong>3<\/strong><strong>\u00a0<\/strong><strong>d<\/strong><strong>e\u00a0Junio\u00a0de\u00a02013\u00a0<\/strong>Fecha\u00a0l\u00edmite\u00a0para\u00a0la\u00a0revisi\u00f3n\u00a0de\u00a0la primera versi\u00f3n de los trabajos.\u00a0Inicia\u00a0la\u00a0presentaci\u00f3n\u00a0de los\u00a0trabajos\u00a0finales.<\/p>\n<p style=\"text-align: justify\"><strong>28<\/strong><strong>\u00a0<\/strong><strong>d<\/strong><strong>e\u00a0junio\u00a0de\u00a02013\u00a0<\/strong>Fecha\u00a0l\u00edmite\u00a0para\u00a0aceptar,\u00a0rechazar\u00a0o\u00a0aceptar\u00a0con\u00a0cambios\u00a0la primera versi\u00f3n.<\/p>\n<p style=\"text-align: justify\"><strong>10<\/strong><strong>\u00a0<\/strong><strong>d<\/strong><strong>e\u00a0Julio\u00a0de\u00a02013\u00a0<\/strong>Fecha\u00a0l\u00edmite\u00a0para\u00a0presentar\u00a0los\u00a0trabajos\u00a0finales.<\/p>\n<p style=\"text-align: justify\"><strong>21<\/strong><strong>\u00a0<\/strong><strong>d<\/strong><strong>e\u00a0julio\u00a0de\u00a02013\u00a0<\/strong>Fecha\u00a0l\u00edmite\u00a0para\u00a0aceptar\u00a0o\u00a0rechazar\u00a0los\u00a0trabajos\u00a0finales.<\/p>\n<p style=\"text-align: justify\"><strong>1<\/strong><strong>\u00a0<\/strong><strong>d<\/strong><strong>e\u00a0Agosto\u00a0de\u00a02013\u00a0<\/strong>Fecha\u00a0l\u00edmite\u00a0para\u00a0el\u00a0Registro\u00a0de\u00a0los\u00a0autores.<\/p>\n<p style=\"text-align: justify\"><strong>8<\/strong><strong>\u00a0<\/strong><strong>d<\/strong><strong>e\u00a0Agosto\u00a0de\u00a02013\u00a0<\/strong>Fecha\u00a0l\u00edmite\u00a0para\u00a0asignar\u00a0trabajos\u00a0a\u00a0las\u00a0sesiones.<\/p>\n<p style=\"text-align: justify\">Ning\u00fan\u00a0cambio\u00a0ser\u00e1\u00a0aceptado\u00a0luego\u00a0del\u00a08\u00a0de\u00a0Agosto.<\/p>\n<p style=\"text-align: justify\"><strong>Para mayor informaci\u00f3n sobre la convocatoria pulse\u00a0<\/strong><a href=\"http:\/\/www.weef2013.co\/\" target=\"_blank\"><strong>aqu\u00ed<\/strong><\/a><strong>.<\/strong><\/p>\n<p style=\"text-align: justify\">Cordialmente,<\/p>\n<h6><span style=\"font-size: x-small;font-family: 'times new roman', times\">&#8212; <\/span><br \/><span style=\"font-size: x-small;font-family: 'times new roman', times\"> Luis Alberto Gonz\u00e1lez Araujo<\/span><br \/><span style=\"font-size: x-small;font-family: 'times new roman', times\"> Co-chair, WEEF, 2013<\/span><br \/><span style=\"font-size: x-small;font-family: 'times new roman', times\"> Director Ejecutivo ACOFI<\/span><br \/><span style=\"font-size: x-small;font-family: 'times new roman', times\"> Asociaci\u00f3n Colombiana de Facultades de Ingenier\u00eda<\/span><br \/><span style=\"font-size: x-small;font-family: 'times new roman', times\"> CR 68 D 25 B 86 OF 205<\/span><br \/><span style=\"font-size: x-small;font-family: 'times new roman', times\"> Bogot\u00e1 &#8211; Rep\u00fablica de Colombia<\/span><br \/><span style=\"font-size: x-small;font-family: 'times new roman', times\"> <a href=\"mailto:director@acofi.edu.co\" target=\"_blank\">director@acofi.edu.co<\/a><\/span><\/h6>\n","protected":false},"excerpt":{"rendered":"<p>25, 26 y 27 de septiembre de 2013 Centro de Convenciones Cartagena de Indias, Cartagena, Colombia \u00a0Invitaci\u00f3n: La Federaci\u00f3n Internacional de Sociedades de Educaci\u00f3n en Ingenier\u00eda -IFEES- (por sus siglas en ingl\u00e9s) y la Asociaci\u00f3n Colombiana de Facultades de Ingenier\u00eda -ACOFI-, en su labor permanente de promover en las facultades, escuelas y programas de ingenier\u00eda [&hellip;]<\/p>\n","protected":false},"author":6,"featured_media":0,"comment_status":"closed","ping_status":"open","sticky":false,"template":"","format":"standard","meta":[],"categories":[5],"tags":[],"_links":{"self":[{"href":"https:\/\/www.facet.unt.edu.ar\/facetinforma\/wp-json\/wp\/v2\/posts\/2636"}],"collection":[{"href":"https:\/\/www.facet.unt.edu.ar\/facetinforma\/wp-json\/wp\/v2\/posts"}],"about":[{"href":"https:\/\/www.facet.unt.edu.ar\/facetinforma\/wp-json\/wp\/v2\/types\/post"}],"author":[{"embeddable":true,"href":"https:\/\/www.facet.unt.edu.ar\/facetinforma\/wp-json\/wp\/v2\/users\/6"}],"replies":[{"embeddable":true,"href":"https:\/\/www.facet.unt.edu.ar\/facetinforma\/wp-json\/wp\/v2\/comments?post=2636"}],"version-history":[{"count":0,"href":"https:\/\/www.facet.unt.edu.ar\/facetinforma\/wp-json\/wp\/v2\/posts\/2636\/revisions"}],"wp:attachment":[{"href":"https:\/\/www.facet.unt.edu.ar\/facetinforma\/wp-json\/wp\/v2\/media?parent=2636"}],"wp:term":[{"taxonomy":"category","embeddable":true,"href":"https:\/\/www.facet.unt.edu.ar\/facetinforma\/wp-json\/wp\/v2\/categories?post=2636"},{"taxonomy":"post_tag","embeddable":true,"href":"https:\/\/www.facet.unt.edu.ar\/facetinforma\/wp-json\/wp\/v2\/tags?post=2636"}],"curies":[{"name":"wp","href":"https:\/\/api.w.org\/{rel}","templated":true}]}}