{"id":26372,"date":"2024-04-26T12:24:34","date_gmt":"2024-04-26T15:24:34","guid":{"rendered":"https:\/\/www.facet.unt.edu.ar\/facetinforma\/?p=26372"},"modified":"2024-05-13T14:08:03","modified_gmt":"2024-05-13T17:08:03","slug":"la-directora-del-cedite-visito-la-universidad-de-educacion-a-distancia-de-espana","status":"publish","type":"post","link":"https:\/\/www.facet.unt.edu.ar\/facetinforma\/2024\/04\/26\/la-directora-del-cedite-visito-la-universidad-de-educacion-a-distancia-de-espana\/","title":{"rendered":"La Directora del CEDITE visit\u00f3 la Universidad de Educaci\u00f3n a distancia de Espa\u00f1a"},"content":{"rendered":"<div id=\"pl-26372\"  class=\"panel-layout\"><div id=\"pg-26372-0\"  class=\"panel-grid panel-no-style\"><div id=\"pgc-26372-0-0\"  class=\"panel-grid-cell\"><div id=\"panel-26372-0-0-0\" class=\"so-panel widget widget_media_image panel-first-child panel-last-child\" data-index=\"0\"><img width=\"1080\" height=\"1080\" src=\"https:\/\/www.facet.unt.edu.ar\/facetinforma\/wp-content\/uploads\/sites\/9\/2024\/04\/DIPLOMATURA-EN-PERITAJE.jpg\" class=\"image wp-image-26373  attachment-full size-full\" alt=\"\" decoding=\"async\" loading=\"lazy\" style=\"max-width: 100%; height: auto;\" \/><\/div><\/div><div id=\"pgc-26372-0-1\"  class=\"panel-grid-cell\"><div id=\"panel-26372-0-1-0\" class=\"so-panel widget widget_sow-editor panel-first-child panel-last-child\" data-index=\"1\"><div\n\t\t\t\n\t\t\tclass=\"so-widget-sow-editor so-widget-sow-editor-base\">\n<div class=\"siteorigin-widget-tinymce textwidget\">\n\t<p style=\"text-align: justify;\">En la ciudad de <strong>Madrid- Espa\u00f1a<\/strong>,\u00a0 la Vicerrectora de <strong><em>Internacionalizaci\u00f3n y Multiling\u00fcismo<\/em><\/strong> de la <strong>Universidad de Educaci\u00f3n a Distancia (UNED)<\/strong>, <strong>Dra. Laura Alba Juez, <\/strong>recibi\u00f3 en su despacho a la <strong>Esp. Ing. L\u00eda Torres Auad, Directora del <em>Centro de Educaci\u00f3n a Distancia e Investigaci\u00f3n en Tecnolog\u00edas Educativas<\/em> (CEDITE) de la FACET \u2013 UNT.<\/strong><\/p>\n<p style=\"text-align: justify;\">Adem\u00e1s, estuvieron presentes en este encuentro la Vicerrectora <em>Adjunta de Internacionalizaci\u00f3n<\/em>, <strong>Dra. Mar\u00eda Lourdes del Castillo Zas,<\/strong> y el doctor en <em>Ingenier\u00eda de Sistemas y Autom\u00e1tica<\/em> <strong>(UNED)<\/strong>, <strong>Dr. Dictino Chaos Garc\u00eda<\/strong>.<\/p>\n<p style=\"text-align: justify;\">El motivo de la reuni\u00f3n fue intercambiar las experiencias de ambas Unidades Acad\u00e9micas en lo que respecta a la<em> Educaci\u00f3n a Distancia<\/em>, adem\u00e1s de estrechar v\u00ednculos y analizar las posibilidades de proyectos conjuntos.<\/p><\/div><\/div><\/div><\/div><\/div><\/div><p><a class=\"more-link\" href=\"https:\/\/www.facet.unt.edu.ar\/facetinforma\/2024\/04\/26\/la-directora-del-cedite-visito-la-universidad-de-educacion-a-distancia-de-espana\/\">Leer m\u00e1s<span class=\"meta-nav\">&rarr;<\/span><\/a><\/p>","protected":false},"excerpt":{"rendered":"<p>En la ciudad de Madrid- Espa\u00f1a,\u00a0 la Vicerrectora de Internacionalizaci\u00f3n y Multiling\u00fcismo de la Universidad de Educaci\u00f3n a Distancia (UNED), Dra. Laura Alba Juez, recibi\u00f3 en su despacho a la Esp. Ing. L\u00eda Torres Auad, Directora del Centro de Educaci\u00f3n a Distancia e Investigaci\u00f3n en Tecnolog\u00edas Educativas (CEDITE) de la FACET \u2013 UNT. Adem\u00e1s, estuvieron [&hellip;]<\/p>\n","protected":false},"author":123473,"featured_media":26373,"comment_status":"closed","ping_status":"closed","sticky":false,"template":"","format":"standard","meta":[],"categories":[1],"tags":[],"_links":{"self":[{"href":"https:\/\/www.facet.unt.edu.ar\/facetinforma\/wp-json\/wp\/v2\/posts\/26372"}],"collection":[{"href":"https:\/\/www.facet.unt.edu.ar\/facetinforma\/wp-json\/wp\/v2\/posts"}],"about":[{"href":"https:\/\/www.facet.unt.edu.ar\/facetinforma\/wp-json\/wp\/v2\/types\/post"}],"author":[{"embeddable":true,"href":"https:\/\/www.facet.unt.edu.ar\/facetinforma\/wp-json\/wp\/v2\/users\/123473"}],"replies":[{"embeddable":true,"href":"https:\/\/www.facet.unt.edu.ar\/facetinforma\/wp-json\/wp\/v2\/comments?post=26372"}],"version-history":[{"count":7,"href":"https:\/\/www.facet.unt.edu.ar\/facetinforma\/wp-json\/wp\/v2\/posts\/26372\/revisions"}],"predecessor-version":[{"id":26392,"href":"https:\/\/www.facet.unt.edu.ar\/facetinforma\/wp-json\/wp\/v2\/posts\/26372\/revisions\/26392"}],"wp:featuredmedia":[{"embeddable":true,"href":"https:\/\/www.facet.unt.edu.ar\/facetinforma\/wp-json\/wp\/v2\/media\/26373"}],"wp:attachment":[{"href":"https:\/\/www.facet.unt.edu.ar\/facetinforma\/wp-json\/wp\/v2\/media?parent=26372"}],"wp:term":[{"taxonomy":"category","embeddable":true,"href":"https:\/\/www.facet.unt.edu.ar\/facetinforma\/wp-json\/wp\/v2\/categories?post=26372"},{"taxonomy":"post_tag","embeddable":true,"href":"https:\/\/www.facet.unt.edu.ar\/facetinforma\/wp-json\/wp\/v2\/tags?post=26372"}],"curies":[{"name":"wp","href":"https:\/\/api.w.org\/{rel}","templated":true}]}}