{"id":2663,"date":"2013-02-19T09:04:42","date_gmt":"2013-02-19T09:04:42","guid":{"rendered":"http:\/\/www1.herrera.unt.edu.ar\/facetinforma\/?p=2663"},"modified":"2013-02-19T09:04:42","modified_gmt":"2013-02-19T09:04:42","slug":"becas-a-u-biberach-alemania-para-estudiantes-de-ing-civil-e-industrial","status":"publish","type":"post","link":"https:\/\/www.facet.unt.edu.ar\/facetinforma\/2013\/02\/19\/becas-a-u-biberach-alemania-para-estudiantes-de-ing-civil-e-industrial\/","title":{"rendered":"Becas a U. Biberach- Alemania para estudiantes de Ing. Civil e Industrial de la FACET"},"content":{"rendered":"<p style=\"text-align: center\" align=\"center\"><strong>Programa de Cooperaci\u00f3n Internacional en Formaci\u00f3n Acad\u00e9mica (ISAP) entre la Facultad de Ciencias Exactas y Tecnolog\u00eda de la UNT y la Universidad de Ciencias Aplicadas de Biberach, Alemania<\/strong><strong><\/strong><\/p>\n<p style=\"text-align: justify\">En el marco de convenios entre la FACET &#8211; UNT y la U. de Biberach, el programa de cooperaci\u00f3n internacional en formaci\u00f3n acad\u00e9mica ISAP <em>(<\/em><em>Internationale Studien- und Ausbildungspartnerschaften<\/em>) de la DAAD <em>(Deutsche Akademische Austausch Dienst )<\/em>\u2013Alemania, otorga estancias para intercambio de grupos de estudiantes altamente calificados de ambas universidades. ISAP contribuye as\u00ed a la internacionalizaci\u00f3n de las universidades participantes, fomentando convenios sobre el desarrollo curricular.<\/p>\n<p style=\"text-align: justify\"><strong>El programa ofrece <span style=\"text-decoration: underline\">cuatro<\/span> becas para estudiantes de Ingenier\u00eda Civil e Industrial de la FACET- UNT. <!--more--><\/strong><\/p>\n<p style=\"text-align: justify\"><strong>Requisitos y documentaci\u00f3n para la postulaci\u00f3n<\/strong>:<br \/> \u00b7 Ser estudiante regular de las carreras de Ingenier\u00eda Civil o Industrial.<br \/> \u00b7 Tener el tercer a\u00f1o de la carrera aprobado.<br \/> \u00b7 Rendimiento acad\u00e9mico destacado.<br \/> \u00b7 Conocimiento de la lengua alemana nivel A2 (como m\u00ednimo).<br \/> \u00b7 Certificado de estado acad\u00e9mico.<br \/> \u00b7 Curriculum Vit\u00e6.<br \/> \u00b7 Pasaporte vigente.<\/p>\n<p style=\"text-align: justify\"><strong>Beneficios de las becas:<\/strong><br \/> -Recepci\u00f3n y asesoramiento de los becarios en la U. Biberach. Alemania.<br \/> -Estipendio mensual del DAAD: 400\u20ac \/mes para la estad\u00eda, mas 35\u20ac\/mes para seguro de salud.<\/p>\n<p style=\"text-align: justify\"><strong>Duraci\u00f3n:<\/strong> Desde Septiembre\/Octubre de 2013 hasta Julio\/Agosto de 2014<\/p>\n<p style=\"text-align: justify\"><strong>Cierre de inscripci\u00f3n: 11 de Marzo de 2013<\/strong><\/p>\n<p style=\"text-align: justify\"><strong>Por mayor mayor informaci\u00f3n comunicarse con:<\/strong><\/p>\n<p style=\"text-align: justify\"><strong><em>\u00a0Lic. Silvia Estela d\u2019Empaire <\/em><\/strong><\/p>\n<p style=\"text-align: justify\"><strong>email: <\/strong><strong><a href=\"mailto:edempaire@gmail.com\" target=\"_blank\">edempaire@gmail.com<\/a>, \u00a0<a href=\"mailto:edempaire@herrera.unt.edu.ar\" target=\"_blank\">edempaire@herrera.unt.edu.ar<\/a><\/strong><\/p>\n<p>&nbsp;<\/p>\n<div id=\"dc_vk_code\">\u00a0<\/div>\n","protected":false},"excerpt":{"rendered":"<p>Programa de Cooperaci\u00f3n Internacional en Formaci\u00f3n Acad\u00e9mica (ISAP) entre la Facultad de Ciencias Exactas y Tecnolog\u00eda de la UNT y la Universidad de Ciencias Aplicadas de Biberach, Alemania En el marco de convenios entre la FACET &#8211; UNT y la U. de Biberach, el programa de cooperaci\u00f3n internacional en formaci\u00f3n acad\u00e9mica ISAP (Internationale Studien- und [&hellip;]<\/p>\n","protected":false},"author":6,"featured_media":0,"comment_status":"closed","ping_status":"open","sticky":false,"template":"","format":"standard","meta":[],"categories":[3,5],"tags":[],"_links":{"self":[{"href":"https:\/\/www.facet.unt.edu.ar\/facetinforma\/wp-json\/wp\/v2\/posts\/2663"}],"collection":[{"href":"https:\/\/www.facet.unt.edu.ar\/facetinforma\/wp-json\/wp\/v2\/posts"}],"about":[{"href":"https:\/\/www.facet.unt.edu.ar\/facetinforma\/wp-json\/wp\/v2\/types\/post"}],"author":[{"embeddable":true,"href":"https:\/\/www.facet.unt.edu.ar\/facetinforma\/wp-json\/wp\/v2\/users\/6"}],"replies":[{"embeddable":true,"href":"https:\/\/www.facet.unt.edu.ar\/facetinforma\/wp-json\/wp\/v2\/comments?post=2663"}],"version-history":[{"count":0,"href":"https:\/\/www.facet.unt.edu.ar\/facetinforma\/wp-json\/wp\/v2\/posts\/2663\/revisions"}],"wp:attachment":[{"href":"https:\/\/www.facet.unt.edu.ar\/facetinforma\/wp-json\/wp\/v2\/media?parent=2663"}],"wp:term":[{"taxonomy":"category","embeddable":true,"href":"https:\/\/www.facet.unt.edu.ar\/facetinforma\/wp-json\/wp\/v2\/categories?post=2663"},{"taxonomy":"post_tag","embeddable":true,"href":"https:\/\/www.facet.unt.edu.ar\/facetinforma\/wp-json\/wp\/v2\/tags?post=2663"}],"curies":[{"name":"wp","href":"https:\/\/api.w.org\/{rel}","templated":true}]}}