{"id":26652,"date":"2024-05-31T12:05:17","date_gmt":"2024-05-31T15:05:17","guid":{"rendered":"https:\/\/www.facet.unt.edu.ar\/facetinforma\/?p=26652"},"modified":"2024-06-03T11:26:55","modified_gmt":"2024-06-03T14:26:55","slug":"seminario-taller-dia-de-la-ingenieria","status":"publish","type":"post","link":"https:\/\/www.facet.unt.edu.ar\/facetinforma\/2024\/05\/31\/seminario-taller-dia-de-la-ingenieria\/","title":{"rendered":"Seminario-Taller \u201cClaves para Ingenieros del Futuro: Liderazgo y comunicaci\u00f3n\u201d"},"content":{"rendered":"<div id=\"pl-26652\"  class=\"panel-layout\" ><div id=\"pg-26652-0\"  class=\"panel-grid panel-no-style\" ><div id=\"pgc-26652-0-0\"  class=\"panel-grid-cell\" ><div id=\"panel-26652-0-0-0\" class=\"so-panel widget widget_media_image panel-first-child panel-last-child\" data-index=\"0\" ><img width=\"983\" height=\"983\" src=\"https:\/\/www.facet.unt.edu.ar\/facetinforma\/wp-content\/uploads\/sites\/9\/2024\/05\/CHARLA-6-DE-JUNIO.jpeg\" class=\"image wp-image-26661  attachment-full size-full\" alt=\"\" decoding=\"async\" loading=\"lazy\" style=\"max-width: 100%; height: auto;\" \/><\/div><\/div><div id=\"pgc-26652-0-1\"  class=\"panel-grid-cell\" ><div id=\"panel-26652-0-1-0\" class=\"so-panel widget widget_sow-editor panel-first-child panel-last-child\" data-index=\"1\" ><div\n\t\t\t\n\t\t\tclass=\"so-widget-sow-editor so-widget-sow-editor-base\"\n\t\t\t\n\t\t>\n<div class=\"siteorigin-widget-tinymce textwidget\">\n\t<p>En el marco del D\u00eda de la Ingenier\u00eda, el 6 de junio, se llevar\u00e1 a cabo el Seminario-Taller \u201cClaves para Ingenieros del Futuro: Liderazgo y comunicaci\u00f3n\u201d.<\/p>\n<p>Destinado a ingresantes, alumnos en general,docentes, investigadores e interesados en la tem\u00e1tica.<\/p>\n<p>Es un evento de car\u00e1cter presencial, libre y gratuito, que se desarrollar\u00e1 desde las 12:00 horas en el Anfiteatro A1 de la Facultad de Ciencias Exactas y Tecnolog\u00eda.<\/p>\n<\/div>\n<\/div><\/div><\/div><\/div><\/div>","protected":false},"excerpt":{"rendered":"<p>En el marco del D\u00eda de la Ingenier\u00eda, el 6 de junio, se llevar\u00e1 a cabo el Seminario-Taller \u201cClaves para Ingenieros del Futuro: Liderazgo y comunicaci\u00f3n\u201d. Destinado a ingresantes, alumnos en general,docentes, investigadores e interesados en la tem\u00e1tica. Es un evento de car\u00e1cter presencial, libre y gratuito, que se desarrollar\u00e1 desde las 12:00 horas en [&hellip;]<\/p>\n","protected":false},"author":123512,"featured_media":26661,"comment_status":"closed","ping_status":"closed","sticky":false,"template":"","format":"standard","meta":[],"categories":[5,9,56],"tags":[],"_links":{"self":[{"href":"https:\/\/www.facet.unt.edu.ar\/facetinforma\/wp-json\/wp\/v2\/posts\/26652"}],"collection":[{"href":"https:\/\/www.facet.unt.edu.ar\/facetinforma\/wp-json\/wp\/v2\/posts"}],"about":[{"href":"https:\/\/www.facet.unt.edu.ar\/facetinforma\/wp-json\/wp\/v2\/types\/post"}],"author":[{"embeddable":true,"href":"https:\/\/www.facet.unt.edu.ar\/facetinforma\/wp-json\/wp\/v2\/users\/123512"}],"replies":[{"embeddable":true,"href":"https:\/\/www.facet.unt.edu.ar\/facetinforma\/wp-json\/wp\/v2\/comments?post=26652"}],"version-history":[{"count":9,"href":"https:\/\/www.facet.unt.edu.ar\/facetinforma\/wp-json\/wp\/v2\/posts\/26652\/revisions"}],"predecessor-version":[{"id":26660,"href":"https:\/\/www.facet.unt.edu.ar\/facetinforma\/wp-json\/wp\/v2\/posts\/26652\/revisions\/26660"}],"wp:featuredmedia":[{"embeddable":true,"href":"https:\/\/www.facet.unt.edu.ar\/facetinforma\/wp-json\/wp\/v2\/media\/26661"}],"wp:attachment":[{"href":"https:\/\/www.facet.unt.edu.ar\/facetinforma\/wp-json\/wp\/v2\/media?parent=26652"}],"wp:term":[{"taxonomy":"category","embeddable":true,"href":"https:\/\/www.facet.unt.edu.ar\/facetinforma\/wp-json\/wp\/v2\/categories?post=26652"},{"taxonomy":"post_tag","embeddable":true,"href":"https:\/\/www.facet.unt.edu.ar\/facetinforma\/wp-json\/wp\/v2\/tags?post=26652"}],"curies":[{"name":"wp","href":"https:\/\/api.w.org\/{rel}","templated":true}]}}