{"id":26664,"date":"2024-06-03T11:57:02","date_gmt":"2024-06-03T14:57:02","guid":{"rendered":"https:\/\/www.facet.unt.edu.ar\/facetinforma\/?p=26664"},"modified":"2024-06-19T11:31:38","modified_gmt":"2024-06-19T14:31:38","slug":"webinar-configuracion-y-despliegue-de-un-entorno-de-etl","status":"publish","type":"post","link":"https:\/\/www.facet.unt.edu.ar\/facetinforma\/2024\/06\/03\/webinar-configuracion-y-despliegue-de-un-entorno-de-etl\/","title":{"rendered":"Webinar \u201cConfiguraci\u00f3n y despliegue de un entorno de ETL mediante infraestructura como c\u00f3digo (IaC) de AWS\u201d"},"content":{"rendered":"<div id=\"pl-26664\"  class=\"panel-layout\" ><div id=\"pg-26664-0\"  class=\"panel-grid panel-no-style\" ><div id=\"pgc-26664-0-0\"  class=\"panel-grid-cell\" ><div id=\"panel-26664-0-0-0\" class=\"so-panel widget widget_media_image panel-first-child panel-last-child\" data-index=\"0\" ><img width=\"1080\" height=\"1080\" src=\"https:\/\/www.facet.unt.edu.ar\/facetinforma\/wp-content\/uploads\/sites\/9\/2024\/06\/Webinar-junio-instagram.png\" class=\"image wp-image-26665  attachment-full size-full\" alt=\"\" decoding=\"async\" loading=\"lazy\" style=\"max-width: 100%; height: auto;\" \/><\/div><\/div><div id=\"pgc-26664-0-1\"  class=\"panel-grid-cell\" ><div id=\"panel-26664-0-1-0\" class=\"so-panel widget widget_sow-editor panel-first-child panel-last-child\" data-index=\"1\" ><div\n\t\t\t\n\t\t\tclass=\"so-widget-sow-editor so-widget-sow-editor-base\"\n\t\t\t\n\t\t>\n<div class=\"siteorigin-widget-tinymce textwidget\">\n\t<p>&nbsp;<\/p>\n<p>El Departamento de Ciencias de la Computaci\u00f3n invita al Webinar \u201cConfiguraci\u00f3n y despliegue de un entorno de ETL mediante infraestructura como c\u00f3digo (IaC) de AWS\u201d.<\/p>\n<p>Se desarrollar\u00e1 el 27 de junio a las 19 horas a cargo\u00a0 del\u00a0 Lic. Jorge Namour. Est\u00e1 destinado a profesionales, docentes y alumnos de carreras afines a la inform\u00e1tica y la computaci\u00f3n. De car\u00e1cter gratuito.<\/p>\n<p>El webinar contar\u00e1 con una parte introductoria a la computaci\u00f3n en la nube de Amazon (Amazon Web Services), definiciones sobre IaC, el kit de desarrollo de la nube AWS (Cloud Development Kit) servicio de almacenamiento S3, API Gateway, virtualizaci\u00f3n con EC2, funciones lambda, motor de base de datos no relacional Mongo DB.<\/p>\n<p>Link de acceso:<\/p>\n<p><a href=\"https:\/\/www.youtube.com\/watch?v=zEFqOl2x-no\">https:\/\/www.youtube.com\/watch?v=zEFqOl2x-no<\/a><\/p>\n<p>&nbsp;<\/p>\n<\/div>\n<\/div><\/div><\/div><\/div><\/div>","protected":false},"excerpt":{"rendered":"<p>&nbsp; El Departamento de Ciencias de la Computaci\u00f3n invita al Webinar \u201cConfiguraci\u00f3n y despliegue de un entorno de ETL mediante infraestructura como c\u00f3digo (IaC) de AWS\u201d. Se desarrollar\u00e1 el 27 de junio a las 19 horas a cargo\u00a0 del\u00a0 Lic. Jorge Namour. Est\u00e1 destinado a profesionales, docentes y alumnos de carreras afines a la inform\u00e1tica [&hellip;]<\/p>\n","protected":false},"author":123512,"featured_media":26665,"comment_status":"closed","ping_status":"closed","sticky":false,"template":"","format":"standard","meta":[],"categories":[52,5],"tags":[],"_links":{"self":[{"href":"https:\/\/www.facet.unt.edu.ar\/facetinforma\/wp-json\/wp\/v2\/posts\/26664"}],"collection":[{"href":"https:\/\/www.facet.unt.edu.ar\/facetinforma\/wp-json\/wp\/v2\/posts"}],"about":[{"href":"https:\/\/www.facet.unt.edu.ar\/facetinforma\/wp-json\/wp\/v2\/types\/post"}],"author":[{"embeddable":true,"href":"https:\/\/www.facet.unt.edu.ar\/facetinforma\/wp-json\/wp\/v2\/users\/123512"}],"replies":[{"embeddable":true,"href":"https:\/\/www.facet.unt.edu.ar\/facetinforma\/wp-json\/wp\/v2\/comments?post=26664"}],"version-history":[{"count":13,"href":"https:\/\/www.facet.unt.edu.ar\/facetinforma\/wp-json\/wp\/v2\/posts\/26664\/revisions"}],"predecessor-version":[{"id":26672,"href":"https:\/\/www.facet.unt.edu.ar\/facetinforma\/wp-json\/wp\/v2\/posts\/26664\/revisions\/26672"}],"wp:featuredmedia":[{"embeddable":true,"href":"https:\/\/www.facet.unt.edu.ar\/facetinforma\/wp-json\/wp\/v2\/media\/26665"}],"wp:attachment":[{"href":"https:\/\/www.facet.unt.edu.ar\/facetinforma\/wp-json\/wp\/v2\/media?parent=26664"}],"wp:term":[{"taxonomy":"category","embeddable":true,"href":"https:\/\/www.facet.unt.edu.ar\/facetinforma\/wp-json\/wp\/v2\/categories?post=26664"},{"taxonomy":"post_tag","embeddable":true,"href":"https:\/\/www.facet.unt.edu.ar\/facetinforma\/wp-json\/wp\/v2\/tags?post=26664"}],"curies":[{"name":"wp","href":"https:\/\/api.w.org\/{rel}","templated":true}]}}