{"id":26684,"date":"2024-06-04T10:57:50","date_gmt":"2024-06-04T13:57:50","guid":{"rendered":"https:\/\/www.facet.unt.edu.ar\/facetinforma\/?p=26684"},"modified":"2024-06-04T15:51:30","modified_gmt":"2024-06-04T18:51:30","slug":"encuentro-cientifico-de-investigadores-de-la-facet","status":"publish","type":"post","link":"https:\/\/www.facet.unt.edu.ar\/facetinforma\/2024\/06\/04\/encuentro-cientifico-de-investigadores-de-la-facet\/","title":{"rendered":"Acto Inaugural del Encuentro Cient\u00edfico de Investigadores de la FACET"},"content":{"rendered":"<div id=\"pl-26684\"  class=\"panel-layout\" ><div id=\"pg-26684-0\"  class=\"panel-grid panel-no-style\" ><div id=\"pgc-26684-0-0\"  class=\"panel-grid-cell\" ><div id=\"panel-26684-0-0-0\" class=\"so-panel widget widget_media_image panel-first-child panel-last-child\" data-index=\"0\" ><img width=\"1280\" height=\"1280\" src=\"https:\/\/www.facet.unt.edu.ar\/facetinforma\/wp-content\/uploads\/sites\/9\/2024\/06\/dc62fcd1-6a04-47d3-960c-55f2e89da88c.jpg\" class=\"image wp-image-26685  attachment-full size-full\" alt=\"\" decoding=\"async\" loading=\"lazy\" style=\"max-width: 100%; height: auto;\" \/><\/div><\/div><div id=\"pgc-26684-0-1\"  class=\"panel-grid-cell\" ><div id=\"panel-26684-0-1-0\" class=\"so-panel widget widget_sow-editor panel-first-child panel-last-child\" data-index=\"1\" ><div\n\t\t\t\n\t\t\tclass=\"so-widget-sow-editor so-widget-sow-editor-base\"\n\t\t\t\n\t\t>\n<div class=\"siteorigin-widget-tinymce textwidget\">\n\t<p>En presencia del Decano de la Facultad de Ciencias Exactas y Tecnolog\u00eda, Dr. Miguel \u00c1ngel Cabrera, el Se\u00f1or Vicedecano Ing. Eduardo Martel, la Secretaria de Ciencia Arte e Innovaci\u00f3n Tecnol\u00f3gica de la UNT, Dra. M\u00f3nica Tirado, el Secretario de Posgrado, Investigaci\u00f3n e Innovaci\u00f3n de la FACET, Dr. Nicol\u00e1s Nieva, la Subsecretaria de Investigaci\u00f3n e Innovaci\u00f3n Dra. Liliana Abascal, Secretarios del Gabinete, Se\u00f1ores Jefes de Departamento, Se\u00f1ores Directores de Carreras, comunidad educativa de la FACET, docentes de nuestra facultad y de otras unidades acad\u00e9micas, no docentes, egresados, estudiantes y p\u00fablico en general.<\/p>\n<p>Se llev\u00f3 a cabo el acto inaugural de la cuarta edici\u00f3n del Encuentro Cient\u00edfico de Investigadores de la Facultad de Ciencias Exactas y Tecnolog\u00eda.<\/p>\n<p>Evento organizado por la Subsecretar\u00eda de Investigaci\u00f3n e Innovaci\u00f3n de la FACET, que se desarrollar\u00e1 hoy de 9 a 18 horas y ma\u00f1ana 5 de junio de 9 a 13 horas.<\/p>\n<p>Para m\u00e1s informaci\u00f3n del Encuentro ver el siguiente link:<\/p>\n<blockquote class=\"wp-embedded-content\" data-secret=\"FSzefipgf7\"><p><a href=\"https:\/\/www.facet.unt.edu.ar\/ecifacet\/\">Home<\/a><\/p><\/blockquote>\n<p><iframe class=\"wp-embedded-content\" sandbox=\"allow-scripts\" security=\"restricted\" style=\"position: absolute; clip: rect(1px, 1px, 1px, 1px);\" title=\"\u00abHome\u00bb \u2014 ECIFACET\" src=\"https:\/\/www.facet.unt.edu.ar\/ecifacet\/embed\/#?secret=lcHW1eEKX9#?secret=FSzefipgf7\" data-secret=\"FSzefipgf7\" width=\"600\" height=\"338\" frameborder=\"0\" marginwidth=\"0\" marginheight=\"0\" scrolling=\"no\"><\/iframe><\/p>\n<p>&nbsp;<\/p>\n<\/div>\n<\/div><\/div><\/div><\/div><div id=\"pg-26684-1\"  class=\"panel-grid panel-no-style\" ><div id=\"pgc-26684-1-0\"  class=\"panel-grid-cell\" ><div id=\"panel-26684-1-0-0\" class=\"so-panel widget widget_sow-slider panel-first-child panel-last-child\" data-index=\"2\" ><div\n\t\t\t\n\t\t\tclass=\"so-widget-sow-slider so-widget-sow-slider-default-53fd0f98de19-26684\"\n\t\t\t\n\t\t><div class=\"sow-slider-base\" style=\"display: none\"><ul\n\t\t\t\t\tclass=\"sow-slider-images\"\n\t\t\t\t\tdata-settings=\"{&quot;pagination&quot;:true,&quot;speed&quot;:800,&quot;timeout&quot;:8000,&quot;paused&quot;:false,&quot;pause_on_hover&quot;:false,&quot;swipe&quot;:true,&quot;nav_always_show_desktop&quot;:&quot;&quot;,&quot;nav_always_show_mobile&quot;:&quot;&quot;,&quot;breakpoint&quot;:&quot;780px&quot;,&quot;unmute&quot;:false,&quot;anchor&quot;:null}\"\n\t\t\t\t\t\t\t\t\t\tdata-anchor-id=\"\"\n\t\t\t\t>\t\t<li class=\"sow-slider-image\" style=\"visibility: visible;\" >\n\t\t\t\t\t\t<div class=\"sow-slider-image-container\">\n\t\t\t\t<div class=\"sow-slider-image-wrapper\" style=\"max-width: 1600px\">\n\t\t\t\t\t\t\t\t\t\t<div class=\"sow-slider-image-foreground-wrapper\">\n\t\t\t\t\t\t<img width=\"1600\" height=\"1270\" src=\"https:\/\/www.facet.unt.edu.ar\/facetinforma\/wp-content\/uploads\/sites\/9\/2024\/06\/WhatsApp-Image-2024-06-04-at-3.30.26-PM.jpeg\" class=\"sow-slider-foreground-image skip-lazy\" alt=\"\" decoding=\"async\" loading=\"eager\" style=\"\" \/>\t\t\t\t\t<\/div>\n\t\t\t\t\t\t\t\t\t<\/div>\n\t\t\t<\/div>\n\t\t\t\t\t<\/li>\n\t\t\t\t<li class=\"sow-slider-image  sow-slider-image-cover\" style=\"visibility: hidden;;background-image: url(https:\/\/www.facet.unt.edu.ar\/facetinforma\/wp-content\/uploads\/sites\/9\/2024\/06\/WhatsApp-Image-2024-06-04-at-3.31.19-PM.jpeg)\" >\n\t\t\t\t\t\t\t\t\t<img width=\"1600\" height=\"1200\" src=\"https:\/\/www.facet.unt.edu.ar\/facetinforma\/wp-content\/uploads\/sites\/9\/2024\/06\/WhatsApp-Image-2024-06-04-at-3.31.19-PM.jpeg\" class=\"sow-slider-background-image skip-lazy\" alt=\"\" decoding=\"async\" loading=\"eager\" \/>\t\t\t\t\t\t\t\t<\/li>\n\t\t\t\t<li class=\"sow-slider-image  sow-slider-image-cover\" style=\"visibility: hidden;;background-image: url(https:\/\/www.facet.unt.edu.ar\/facetinforma\/wp-content\/uploads\/sites\/9\/2024\/06\/WhatsApp-Image-2024-06-04-at-3.31.20-PM.jpeg)\" >\n\t\t\t\t\t\t\t\t\t<img width=\"1600\" height=\"1200\" src=\"https:\/\/www.facet.unt.edu.ar\/facetinforma\/wp-content\/uploads\/sites\/9\/2024\/06\/WhatsApp-Image-2024-06-04-at-3.31.20-PM.jpeg\" class=\"sow-slider-background-image skip-lazy\" alt=\"\" decoding=\"async\" loading=\"eager\" \/>\t\t\t\t\t\t\t\t<\/li>\n\t\t<\/ul>\t\t\t\t<ol class=\"sow-slider-pagination\">\n\t\t\t\t\t\t\t\t\t\t\t<li><a href=\"#\" data-goto=\"0\" aria-label=\"mostrar diapositiva 1\"><\/a><\/li>\n\t\t\t\t\t\t\t\t\t\t\t<li><a href=\"#\" data-goto=\"1\" aria-label=\"mostrar diapositiva 2\"><\/a><\/li>\n\t\t\t\t\t\t\t\t\t\t\t<li><a href=\"#\" data-goto=\"2\" aria-label=\"mostrar diapositiva 3\"><\/a><\/li>\n\t\t\t\t\t\t\t\t\t<\/ol>\n\n\t\t\t\t<div class=\"sow-slide-nav sow-slide-nav-next\">\n\t\t\t\t\t<a href=\"#\" data-goto=\"next\" aria-label=\"diapositiva siguiente\" data-action=\"next\">\n\t\t\t\t\t\t<em class=\"sow-sld-icon-thin-right\"><\/em>\n\t\t\t\t\t<\/a>\n\t\t\t\t<\/div>\n\n\t\t\t\t<div class=\"sow-slide-nav sow-slide-nav-prev\">\n\t\t\t\t\t<a href=\"#\" data-goto=\"previous\" aria-label=\"diapositiva anterior\" data-action=\"prev\">\n\t\t\t\t\t\t<em class=\"sow-sld-icon-thin-left\"><\/em>\n\t\t\t\t\t<\/a>\n\t\t\t\t<\/div>\n\t\t\t\t<\/div><\/div><\/div><\/div><\/div><\/div>","protected":false},"excerpt":{"rendered":"<p>En presencia del Decano de la Facultad de Ciencias Exactas y Tecnolog\u00eda, Dr. Miguel \u00c1ngel Cabrera, el Se\u00f1or Vicedecano Ing. Eduardo Martel, la Secretaria de Ciencia Arte e Innovaci\u00f3n Tecnol\u00f3gica de la UNT, Dra. M\u00f3nica Tirado, el Secretario de Posgrado, Investigaci\u00f3n e Innovaci\u00f3n de la FACET, Dr. Nicol\u00e1s Nieva, la Subsecretaria de Investigaci\u00f3n e Innovaci\u00f3n [&hellip;]<\/p>\n","protected":false},"author":123512,"featured_media":26685,"comment_status":"closed","ping_status":"closed","sticky":false,"template":"","format":"standard","meta":[],"categories":[5,9],"tags":[],"_links":{"self":[{"href":"https:\/\/www.facet.unt.edu.ar\/facetinforma\/wp-json\/wp\/v2\/posts\/26684"}],"collection":[{"href":"https:\/\/www.facet.unt.edu.ar\/facetinforma\/wp-json\/wp\/v2\/posts"}],"about":[{"href":"https:\/\/www.facet.unt.edu.ar\/facetinforma\/wp-json\/wp\/v2\/types\/post"}],"author":[{"embeddable":true,"href":"https:\/\/www.facet.unt.edu.ar\/facetinforma\/wp-json\/wp\/v2\/users\/123512"}],"replies":[{"embeddable":true,"href":"https:\/\/www.facet.unt.edu.ar\/facetinforma\/wp-json\/wp\/v2\/comments?post=26684"}],"version-history":[{"count":13,"href":"https:\/\/www.facet.unt.edu.ar\/facetinforma\/wp-json\/wp\/v2\/posts\/26684\/revisions"}],"predecessor-version":[{"id":26714,"href":"https:\/\/www.facet.unt.edu.ar\/facetinforma\/wp-json\/wp\/v2\/posts\/26684\/revisions\/26714"}],"wp:featuredmedia":[{"embeddable":true,"href":"https:\/\/www.facet.unt.edu.ar\/facetinforma\/wp-json\/wp\/v2\/media\/26685"}],"wp:attachment":[{"href":"https:\/\/www.facet.unt.edu.ar\/facetinforma\/wp-json\/wp\/v2\/media?parent=26684"}],"wp:term":[{"taxonomy":"category","embeddable":true,"href":"https:\/\/www.facet.unt.edu.ar\/facetinforma\/wp-json\/wp\/v2\/categories?post=26684"},{"taxonomy":"post_tag","embeddable":true,"href":"https:\/\/www.facet.unt.edu.ar\/facetinforma\/wp-json\/wp\/v2\/tags?post=26684"}],"curies":[{"name":"wp","href":"https:\/\/api.w.org\/{rel}","templated":true}]}}