{"id":2684,"date":"2013-02-21T16:47:21","date_gmt":"2013-02-21T16:47:21","guid":{"rendered":"http:\/\/www1.herrera.unt.edu.ar\/facetinforma\/?p=2684"},"modified":"2013-02-21T16:47:21","modified_gmt":"2013-02-21T16:47:21","slug":"circular-red-ciun-no-052013-convocatoria-a-redes-del-nucleo-de-estudios-e-investigaciones-en-educacion-superior-del-mercosur","status":"publish","type":"post","link":"https:\/\/www.facet.unt.edu.ar\/facetinforma\/2013\/02\/21\/circular-red-ciun-no-052013-convocatoria-a-redes-del-nucleo-de-estudios-e-investigaciones-en-educacion-superior-del-mercosur\/","title":{"rendered":"Circular Red CIUN N\u00ba 05\/2013: Convocatoria a redes del N\u00facleo de Estudios e Investigaciones en Educaci\u00f3n Superior del MERCOSUR"},"content":{"rendered":"<p>Estimados Colegas,<\/p>\n<p style=\"text-align: justify\">A solicitud del Programa de Internacionalizaci\u00f3n de la Educaci\u00f3n Superior y Cooperaci\u00f3n Internacional (PIESCI) de la SPU, enviamos a ustedes la siguiente convocatoria:\u00a0<\/p>\n<p style=\"text-align: justify\">La Comisi\u00f3n Regional Coordinadora de Educaci\u00f3n Superior (CRC-ES) del Sector Educativo del MERCOSUR,\u00a0convoca\u00a0a universidades de la Rep\u00fablica Argentina, la Rep\u00fablica Federativa del Brasil, la Rep\u00fablica del Paraguay, la Rep\u00fablica Bolivariana de Venezuela y la Rep\u00fablica Oriental del Uruguay\u00a0a conformar redes de investigaci\u00f3n, en el marco del N\u00facleo de Estudios e Investigaciones en Educaci\u00f3n Superior del MERCOSUR.\u00a0Los proyectos de red presentados deber\u00e1n encuadrarse en\u00a0las tem\u00e1ticas de Educaci\u00f3n Superior y MERCOSUR, de acuerdo a las especificaciones que figuran en los t\u00e9rminos de referencia. Adjuntos se encuentran los t\u00e9rminos de referencias y el formulario de presentaci\u00f3n:<br \/> &#8211; <a href=\"https:\/\/www.facet.unt.edu.ar\/facetinforma\/wp-content\/uploads\/sites\/9\/2013\/02\/Convocatoria-Redes-para-publicar.pdf\" target=\"_blank\">Convocatoria Redes &#8211; para publicar.pdf<\/a><br \/> &#8211; <a href=\"https:\/\/www.facet.unt.edu.ar\/facetinforma\/wp-content\/uploads\/sites\/9\/2013\/02\/Formulario-presentaci\u00f3n-Redes-NEIES.pdf\" target=\"_blank\">Formulario presentaci\u00f3n Redes NEIES.pdf<\/a><!--more--><\/p>\n<p style=\"text-align: justify\">Los proyectos de red deber\u00e1n enviarse\u00a0durante el per\u00edodo comprendido entre el\u00a0<strong>1 de enero al 3 de abril de 2012<\/strong>.<\/p>\n<p style=\"text-align: justify\">Para mayor informaci\u00f3n consultar en: <a href=\"http:\/\/nemercosur.siu.edu.ar\/\" target=\"_blank\">http:\/\/nemercosur.siu.edu.ar\/<\/a><\/p>\n<p>Saludos cordiales,<\/p>\n<p>&#8212; <br \/> Med. Vet. Marcelo Tobin<br \/> Secretario de Relaciones Internacionales<br \/> Universidad de Buenos Aires<br \/> Coordinador Comit\u00e9 Ejecutivo Red CIUN<\/p>\n<div id=\"dc_vk_code\">\u00a0<\/div>\n","protected":false},"excerpt":{"rendered":"<p>Estimados Colegas, A solicitud del Programa de Internacionalizaci\u00f3n de la Educaci\u00f3n Superior y Cooperaci\u00f3n Internacional (PIESCI) de la SPU, enviamos a ustedes la siguiente convocatoria:\u00a0 La Comisi\u00f3n Regional Coordinadora de Educaci\u00f3n Superior (CRC-ES) del Sector Educativo del MERCOSUR,\u00a0convoca\u00a0a universidades de la Rep\u00fablica Argentina, la Rep\u00fablica Federativa del Brasil, la Rep\u00fablica del Paraguay, la Rep\u00fablica Bolivariana [&hellip;]<\/p>\n","protected":false},"author":6,"featured_media":0,"comment_status":"closed","ping_status":"open","sticky":false,"template":"","format":"standard","meta":[],"categories":[5],"tags":[],"_links":{"self":[{"href":"https:\/\/www.facet.unt.edu.ar\/facetinforma\/wp-json\/wp\/v2\/posts\/2684"}],"collection":[{"href":"https:\/\/www.facet.unt.edu.ar\/facetinforma\/wp-json\/wp\/v2\/posts"}],"about":[{"href":"https:\/\/www.facet.unt.edu.ar\/facetinforma\/wp-json\/wp\/v2\/types\/post"}],"author":[{"embeddable":true,"href":"https:\/\/www.facet.unt.edu.ar\/facetinforma\/wp-json\/wp\/v2\/users\/6"}],"replies":[{"embeddable":true,"href":"https:\/\/www.facet.unt.edu.ar\/facetinforma\/wp-json\/wp\/v2\/comments?post=2684"}],"version-history":[{"count":0,"href":"https:\/\/www.facet.unt.edu.ar\/facetinforma\/wp-json\/wp\/v2\/posts\/2684\/revisions"}],"wp:attachment":[{"href":"https:\/\/www.facet.unt.edu.ar\/facetinforma\/wp-json\/wp\/v2\/media?parent=2684"}],"wp:term":[{"taxonomy":"category","embeddable":true,"href":"https:\/\/www.facet.unt.edu.ar\/facetinforma\/wp-json\/wp\/v2\/categories?post=2684"},{"taxonomy":"post_tag","embeddable":true,"href":"https:\/\/www.facet.unt.edu.ar\/facetinforma\/wp-json\/wp\/v2\/tags?post=2684"}],"curies":[{"name":"wp","href":"https:\/\/api.w.org\/{rel}","templated":true}]}}