{"id":26945,"date":"2024-06-18T08:54:54","date_gmt":"2024-06-18T11:54:54","guid":{"rendered":"https:\/\/www.facet.unt.edu.ar\/facetinforma\/?p=26945"},"modified":"2024-06-18T08:55:01","modified_gmt":"2024-06-18T11:55:01","slug":"la-facet-presente-en-las-cooperaciones-municipales-para-el-clima","status":"publish","type":"post","link":"https:\/\/www.facet.unt.edu.ar\/facetinforma\/2024\/06\/18\/la-facet-presente-en-las-cooperaciones-municipales-para-el-clima\/","title":{"rendered":"La FACET presente en las &#8220;Cooperaciones Municipales para el Clima&#8221;"},"content":{"rendered":"<div id=\"pl-26945\"  class=\"panel-layout\" ><div id=\"pg-26945-0\"  class=\"panel-grid panel-no-style\" ><div id=\"pgc-26945-0-0\"  class=\"panel-grid-cell\" ><div id=\"panel-26945-0-0-0\" class=\"so-panel widget widget_media_image panel-first-child panel-last-child\" data-index=\"0\" ><img width=\"1080\" height=\"1080\" src=\"https:\/\/www.facet.unt.edu.ar\/facetinforma\/wp-content\/uploads\/sites\/9\/2024\/06\/WhatsApp-Image-2024-06-18-at-8.51.29-AM.jpeg\" class=\"image wp-image-26946  attachment-full size-full\" alt=\"\" decoding=\"async\" loading=\"lazy\" style=\"max-width: 100%; height: auto;\" \/><\/div><\/div><div id=\"pgc-26945-0-1\"  class=\"panel-grid-cell\" ><div id=\"panel-26945-0-1-0\" class=\"so-panel widget widget_sow-editor panel-first-child panel-last-child\" data-index=\"1\" ><div\n\t\t\t\n\t\t\tclass=\"so-widget-sow-editor so-widget-sow-editor-base\"\n\t\t\t\n\t\t>\n<div class=\"siteorigin-widget-tinymce textwidget\">\n\t<p style=\"text-align: justify;\">El pasado 6 de junio de 2024 se puso en funcionamiento oficialmente dos sistemas fotovolt\u00e1icos (SFV) en modalidad Generaci\u00f3n Distribuida, uno en el Centro de Integraci\u00f3n Comunitaria (CIC) ubicado en la calle Adolfo de la Vega y el otro en el CIC de Barrio Oeste II.<\/p>\n<p style=\"text-align: justify;\">\nEstuvieron presentes en este acto, la Sra. Intendenta de la Municipalidad de S.M. de Tucum\u00e1n (MSMT), Dra. Rossana Chahla; el Prof. Ing. Jorge Gonz\u00e1lez de la UNT-FACET responsable de la supervisi\u00f3n de las instalaciones fotovolt\u00e1icas y posterior an\u00e1lisis de datos; y el equipo de la Empresa DECU3 a cargo de la ejecuci\u00f3n de estas instalaciones.<\/p>\n<p style=\"text-align: justify;\">\nEl proyecto original del a\u00f1o 2022 ten\u00eda como objetivo la instalaci\u00f3n de seis SFV en balcones de la ciudad de S.M. de Tucum\u00e1n, establecido en un Acuerdo firmado entre la UNT y la Municipalidad de S.M de Tucum\u00e1n (MSMT), en el marco del Programa de Acci\u00f3n Proyecto \u201cCooperaciones Municipales para el Clima\u201d de las ciudades hermanadas, Municipio de S.M de Tucum\u00e1n y Municipio de Erfurt, Alemania.<\/p>\n<p style=\"text-align: justify;\">\nLa nueva administraci\u00f3n de la MSMT tom\u00f3 la decisi\u00f3n de cambiar el lugar de la instalaci\u00f3n, sin perder de vista el compromiso y la apuesta al desarrollo sostenible.<\/p>\n<\/div>\n<\/div><\/div><\/div><\/div><div id=\"pg-26945-1\"  class=\"panel-grid panel-no-style\" ><div id=\"pgc-26945-1-0\"  class=\"panel-grid-cell\" ><div id=\"panel-26945-1-0-0\" class=\"so-panel widget widget_sow-slider panel-first-child panel-last-child\" data-index=\"2\" ><div\n\t\t\t\n\t\t\tclass=\"so-widget-sow-slider so-widget-sow-slider-default-53fd0f98de19-26945\"\n\t\t\t\n\t\t><div class=\"sow-slider-base\" style=\"display: none\"><ul\n\t\t\t\t\tclass=\"sow-slider-images\"\n\t\t\t\t\tdata-settings=\"{&quot;pagination&quot;:true,&quot;speed&quot;:800,&quot;timeout&quot;:8000,&quot;paused&quot;:false,&quot;pause_on_hover&quot;:false,&quot;swipe&quot;:true,&quot;nav_always_show_desktop&quot;:&quot;&quot;,&quot;nav_always_show_mobile&quot;:&quot;&quot;,&quot;breakpoint&quot;:&quot;780px&quot;,&quot;unmute&quot;:false,&quot;anchor&quot;:null}\"\n\t\t\t\t\t\t\t\t\t\tdata-anchor-id=\"\"\n\t\t\t\t>\t\t<li class=\"sow-slider-image  sow-slider-image-cover\" style=\"visibility: visible;;background-image: url(https:\/\/www.facet.unt.edu.ar\/facetinforma\/wp-content\/uploads\/sites\/9\/2024\/06\/IMG-20240612-WA0018.jpg)\" >\n\t\t\t\t\t\t\t\t\t<img width=\"1600\" height=\"1200\" src=\"https:\/\/www.facet.unt.edu.ar\/facetinforma\/wp-content\/uploads\/sites\/9\/2024\/06\/IMG-20240612-WA0018.jpg\" class=\"sow-slider-background-image skip-lazy\" alt=\"\" decoding=\"async\" loading=\"eager\" \/>\t\t\t\t\t\t\t\t<\/li>\n\t\t\t\t<li class=\"sow-slider-image  sow-slider-image-cover\" style=\"visibility: hidden;;background-image: url(https:\/\/www.facet.unt.edu.ar\/facetinforma\/wp-content\/uploads\/sites\/9\/2024\/06\/IMG-20240612-WA0014.jpg)\" >\n\t\t\t\t\t\t\t\t\t<img width=\"1200\" height=\"1600\" src=\"https:\/\/www.facet.unt.edu.ar\/facetinforma\/wp-content\/uploads\/sites\/9\/2024\/06\/IMG-20240612-WA0014.jpg\" class=\"sow-slider-background-image skip-lazy\" alt=\"\" decoding=\"async\" loading=\"eager\" \/>\t\t\t\t\t\t\t\t<\/li>\n\t\t<\/ul>\t\t\t\t<ol class=\"sow-slider-pagination\">\n\t\t\t\t\t\t\t\t\t\t\t<li><a href=\"#\" data-goto=\"0\" aria-label=\"mostrar diapositiva 1\"><\/a><\/li>\n\t\t\t\t\t\t\t\t\t\t\t<li><a href=\"#\" data-goto=\"1\" aria-label=\"mostrar diapositiva 2\"><\/a><\/li>\n\t\t\t\t\t\t\t\t\t<\/ol>\n\n\t\t\t\t<div class=\"sow-slide-nav sow-slide-nav-next\">\n\t\t\t\t\t<a href=\"#\" data-goto=\"next\" aria-label=\"diapositiva siguiente\" data-action=\"next\">\n\t\t\t\t\t\t<em class=\"sow-sld-icon-thin-right\"><\/em>\n\t\t\t\t\t<\/a>\n\t\t\t\t<\/div>\n\n\t\t\t\t<div class=\"sow-slide-nav sow-slide-nav-prev\">\n\t\t\t\t\t<a href=\"#\" data-goto=\"previous\" aria-label=\"diapositiva anterior\" data-action=\"prev\">\n\t\t\t\t\t\t<em class=\"sow-sld-icon-thin-left\"><\/em>\n\t\t\t\t\t<\/a>\n\t\t\t\t<\/div>\n\t\t\t\t<\/div><\/div><\/div><\/div><\/div><\/div>","protected":false},"excerpt":{"rendered":"<p>El pasado 6 de junio de 2024 se puso en funcionamiento oficialmente dos sistemas fotovolt\u00e1icos (SFV) en modalidad Generaci\u00f3n Distribuida, uno en el Centro de Integraci\u00f3n Comunitaria (CIC) ubicado en la calle Adolfo de la Vega y el otro en el CIC de Barrio Oeste II. Estuvieron presentes en este acto, la Sra. Intendenta de [&hellip;]<\/p>\n","protected":false},"author":123512,"featured_media":26946,"comment_status":"closed","ping_status":"closed","sticky":false,"template":"","format":"standard","meta":[],"categories":[5],"tags":[],"_links":{"self":[{"href":"https:\/\/www.facet.unt.edu.ar\/facetinforma\/wp-json\/wp\/v2\/posts\/26945"}],"collection":[{"href":"https:\/\/www.facet.unt.edu.ar\/facetinforma\/wp-json\/wp\/v2\/posts"}],"about":[{"href":"https:\/\/www.facet.unt.edu.ar\/facetinforma\/wp-json\/wp\/v2\/types\/post"}],"author":[{"embeddable":true,"href":"https:\/\/www.facet.unt.edu.ar\/facetinforma\/wp-json\/wp\/v2\/users\/123512"}],"replies":[{"embeddable":true,"href":"https:\/\/www.facet.unt.edu.ar\/facetinforma\/wp-json\/wp\/v2\/comments?post=26945"}],"version-history":[{"count":9,"href":"https:\/\/www.facet.unt.edu.ar\/facetinforma\/wp-json\/wp\/v2\/posts\/26945\/revisions"}],"predecessor-version":[{"id":26957,"href":"https:\/\/www.facet.unt.edu.ar\/facetinforma\/wp-json\/wp\/v2\/posts\/26945\/revisions\/26957"}],"wp:featuredmedia":[{"embeddable":true,"href":"https:\/\/www.facet.unt.edu.ar\/facetinforma\/wp-json\/wp\/v2\/media\/26946"}],"wp:attachment":[{"href":"https:\/\/www.facet.unt.edu.ar\/facetinforma\/wp-json\/wp\/v2\/media?parent=26945"}],"wp:term":[{"taxonomy":"category","embeddable":true,"href":"https:\/\/www.facet.unt.edu.ar\/facetinforma\/wp-json\/wp\/v2\/categories?post=26945"},{"taxonomy":"post_tag","embeddable":true,"href":"https:\/\/www.facet.unt.edu.ar\/facetinforma\/wp-json\/wp\/v2\/tags?post=26945"}],"curies":[{"name":"wp","href":"https:\/\/api.w.org\/{rel}","templated":true}]}}