{"id":26960,"date":"2024-06-23T09:00:59","date_gmt":"2024-06-23T12:00:59","guid":{"rendered":"https:\/\/www.facet.unt.edu.ar\/facetinforma\/?p=26960"},"modified":"2024-06-20T11:34:49","modified_gmt":"2024-06-20T14:34:49","slug":"dia-internacional-de-la-mujer-en-la-ingenieria","status":"publish","type":"post","link":"https:\/\/www.facet.unt.edu.ar\/facetinforma\/2024\/06\/23\/dia-internacional-de-la-mujer-en-la-ingenieria\/","title":{"rendered":"D\u00eda Internacional de la Mujer en la Ingenier\u00eda"},"content":{"rendered":"<div id=\"pl-26960\"  class=\"panel-layout\"><div id=\"pg-26960-0\"  class=\"panel-grid panel-no-style\"><div id=\"pgc-26960-0-0\"  class=\"panel-grid-cell\"><div id=\"panel-26960-0-0-0\" class=\"so-panel widget widget_media_image panel-first-child panel-last-child\" data-index=\"0\"><img width=\"1080\" height=\"1080\" src=\"https:\/\/www.facet.unt.edu.ar\/facetinforma\/wp-content\/uploads\/sites\/9\/2024\/06\/23-de-junio.jpg\" class=\"image wp-image-26982  attachment-full size-full\" alt=\"\" decoding=\"async\" loading=\"lazy\" style=\"max-width: 100%; height: auto;\" \/><\/div><\/div><div id=\"pgc-26960-0-1\"  class=\"panel-grid-cell\"><div id=\"panel-26960-0-1-0\" class=\"so-panel widget widget_sow-editor panel-first-child panel-last-child\" data-index=\"1\"><div\n\t\t\t\n\t\t\tclass=\"so-widget-sow-editor so-widget-sow-editor-base\">\n<div class=\"siteorigin-widget-tinymce textwidget\">\n\t<p>Hoy,23 de junio, se celebra el D\u00eda Internacional de la Mujer en la Ingenier\u00eda, creado por la Women's Engineering Society (WES) en el Reino Unido en el a\u00f1o 2014, con el objetivo de visibilizar a las mujeres en esta profesi\u00f3n. Desde la FACET creemos que es importante tomar este d\u00eda como una jornada de reflexi\u00f3n que invite a impulsar a que cada vez m\u00e1s mujeres puedan sumarse a interiorizarse acerca de la ciencia, la tecnolog\u00eda, la ingenier\u00eda y la matem\u00e1tica (CTIM).<\/p>\n<p>En esta opotunidad, nos gustaria recordar a la primera mujer que recibi\u00f3 el t\u00edtulo de ingeniera industrial de nuestro pa\u00eds, egresada de la Universidad Nacional de Tucum\u00e1n. Se trata de Carlota Barber de Salmoiraghi, qui\u00e9n se gradu\u00f3 el 14 de agosto de 1928 en la Facultad de Ciencias Exactas y fue pionera en la disciplina.<\/p>\n<p>Aprendi\u00f3 de grandes personalidades de nuestra Universidad y de la provincia, como el ingeniero Jos\u00e9 Graciano Sortheix, qui\u00e9n fue rector de la UNT y gobernador de Tucum\u00e1n; del Ingeniero William Cross, fundador de la Estaci\u00f3n Experimental; y del Dr. Miguel Lillo, entre otros. Previo a su ingreso a la Universidad, en el a\u00f1o 1918, se hab\u00edan iniciado los movimientos estudiantiles promoviendo la \u201creforma universitaria\u201d. La d\u00e9cada en la que transit\u00f3 como estudiante estuvo convulsionada con estos movimientos de los que ella particip\u00f3 y fue testigo de momentos claves de la UNT, como su nacionalizaci\u00f3n.<\/p>\n<p><\/p><\/div><\/div><\/div><\/div><\/div><\/div><p><a class=\"more-link\" href=\"https:\/\/www.facet.unt.edu.ar\/facetinforma\/2024\/06\/23\/dia-internacional-de-la-mujer-en-la-ingenieria\/\">Leer m\u00e1s<span class=\"meta-nav\">&rarr;<\/span><\/a><\/p>","protected":false},"excerpt":{"rendered":"<p>Hoy,23 de junio, se celebra el D\u00eda Internacional de la Mujer en la Ingenier\u00eda, creado por la Women&#8217;s Engineering Society (WES) en el Reino Unido en el a\u00f1o 2014, con el objetivo de visibilizar a las mujeres en esta profesi\u00f3n. Desde la FACET creemos que es importante tomar este d\u00eda como una jornada de reflexi\u00f3n [&hellip;]<\/p>\n","protected":false},"author":123512,"featured_media":26982,"comment_status":"closed","ping_status":"closed","sticky":false,"template":"","format":"standard","meta":[],"categories":[5],"tags":[],"_links":{"self":[{"href":"https:\/\/www.facet.unt.edu.ar\/facetinforma\/wp-json\/wp\/v2\/posts\/26960"}],"collection":[{"href":"https:\/\/www.facet.unt.edu.ar\/facetinforma\/wp-json\/wp\/v2\/posts"}],"about":[{"href":"https:\/\/www.facet.unt.edu.ar\/facetinforma\/wp-json\/wp\/v2\/types\/post"}],"author":[{"embeddable":true,"href":"https:\/\/www.facet.unt.edu.ar\/facetinforma\/wp-json\/wp\/v2\/users\/123512"}],"replies":[{"embeddable":true,"href":"https:\/\/www.facet.unt.edu.ar\/facetinforma\/wp-json\/wp\/v2\/comments?post=26960"}],"version-history":[{"count":11,"href":"https:\/\/www.facet.unt.edu.ar\/facetinforma\/wp-json\/wp\/v2\/posts\/26960\/revisions"}],"predecessor-version":[{"id":26984,"href":"https:\/\/www.facet.unt.edu.ar\/facetinforma\/wp-json\/wp\/v2\/posts\/26960\/revisions\/26984"}],"wp:featuredmedia":[{"embeddable":true,"href":"https:\/\/www.facet.unt.edu.ar\/facetinforma\/wp-json\/wp\/v2\/media\/26982"}],"wp:attachment":[{"href":"https:\/\/www.facet.unt.edu.ar\/facetinforma\/wp-json\/wp\/v2\/media?parent=26960"}],"wp:term":[{"taxonomy":"category","embeddable":true,"href":"https:\/\/www.facet.unt.edu.ar\/facetinforma\/wp-json\/wp\/v2\/categories?post=26960"},{"taxonomy":"post_tag","embeddable":true,"href":"https:\/\/www.facet.unt.edu.ar\/facetinforma\/wp-json\/wp\/v2\/tags?post=26960"}],"curies":[{"name":"wp","href":"https:\/\/api.w.org\/{rel}","templated":true}]}}