{"id":27118,"date":"2024-07-04T15:26:58","date_gmt":"2024-07-04T18:26:58","guid":{"rendered":"https:\/\/www.facet.unt.edu.ar\/facetinforma\/?p=27118"},"modified":"2024-07-04T15:27:06","modified_gmt":"2024-07-04T18:27:06","slug":"firma-de-convenio-entre-la-facet-y-la-municipalidad-de-simoca","status":"publish","type":"post","link":"https:\/\/www.facet.unt.edu.ar\/facetinforma\/2024\/07\/04\/firma-de-convenio-entre-la-facet-y-la-municipalidad-de-simoca\/","title":{"rendered":"Firma de Convenio entre la FACET y la Municipalidad de Simoca"},"content":{"rendered":"<div id=\"pl-27118\"  class=\"panel-layout\" ><div id=\"pg-27118-0\"  class=\"panel-grid panel-no-style\" ><div id=\"pgc-27118-0-0\"  class=\"panel-grid-cell\" ><div id=\"panel-27118-0-0-0\" class=\"so-panel widget widget_media_image panel-first-child panel-last-child\" data-index=\"0\" ><img width=\"1080\" height=\"1080\" src=\"https:\/\/www.facet.unt.edu.ar\/facetinforma\/wp-content\/uploads\/sites\/9\/2024\/07\/unnamed-2.png\" class=\"image wp-image-27119  attachment-full size-full\" alt=\"\" decoding=\"async\" loading=\"lazy\" style=\"max-width: 100%; height: auto;\" \/><\/div><\/div><div id=\"pgc-27118-0-1\"  class=\"panel-grid-cell\" ><div id=\"panel-27118-0-1-0\" class=\"so-panel widget widget_sow-editor panel-first-child\" data-index=\"1\" ><div\n\t\t\t\n\t\t\tclass=\"so-widget-sow-editor so-widget-sow-editor-base\"\n\t\t\t\n\t\t>\n<div class=\"siteorigin-widget-tinymce textwidget\">\n\t<p>Durante la ma\u00f1ana del d\u00eda de hoy, en la Sala de Consejo de la FACET, en presencia del Decano Dr.Miguel \u00c1ngel Cabrera, el Vicedecano,Mg.Ing. Eduardo Martel, la Ing. Carolina Saracho, la Secretaria de Desarrollo Social,Eleonora Marchetti y el Intendente de Simoca, Elvio Salazar, junto a su equipo.Se llev\u00f3 a cabo la firma de convenio entre nuestra Facultad y la Municipalidad de Simoca.<\/p>\n<p>En el marco del proyecto TiI (Tecnolog\u00edas e Innovaci\u00f3n para la Inclusi\u00f3n) de la FACET, se incluye entre sus objetivos la instalaci\u00f3n de un laboratorio de biomec\u00e1nica, el dictado de talleres orientados al empleo de personas con discapacidad motriz y acciones de impacto en pol\u00edtica p\u00fablicas. La Municipalidad de Simoca, es una instituci\u00f3n que tiene pol\u00edticas p\u00fablicas dirigidas a tem\u00e1ticas de la discapacidad, y diversas reparticiones de su dependencia que realizan permanentes acciones y desarrollan diversas actividades para llevarlas a cabo.<\/p>\n<p>Para potenciar las propuestas de ambas instituciones es necesario articular y planificar acciones y l\u00edneas de trabajo compartidas, aprovechar los recursos humanos y el equipamiento con que ya cuentan, lo que redundar\u00e1 en mayores y mejores beneficios para la poblaci\u00f3n.<\/p>\n<p>Por estos motivos es que se realiz\u00f3 un acuerdo entre ambas partes, donde se prev\u00e9n actividades de cooperaci\u00f3n cient\u00edfica, cooperaci\u00f3n t\u00e9cnica, cooperaci\u00f3n acad\u00e9mica, articulaci\u00f3n de la log\u00edstica de implementaci\u00f3n como transporte, o locaciones de ser necesario, en el marco de un programa de cooperaci\u00f3n interinstitucional , destinado a promover y realizar acciones conjuntas en materia de investigaci\u00f3n, docencia y extensi\u00f3n en temas de mutuo inter\u00e9s.<\/p>\n<p>Al finalizar la reuni\u00f3n el Ing. Cabrera le otorg\u00f3 como presente al Intendente, el libro \"Voces y miradas para la construcci\u00f3n de una memoria de la Facultad de Ciencias Exactas y Tecnolog\u00eda\".<\/p>\n<\/div>\n<\/div><\/div><div id=\"panel-27118-0-1-1\" class=\"so-panel widget widget_sow-slider panel-last-child\" data-index=\"2\" ><div\n\t\t\t\n\t\t\tclass=\"so-widget-sow-slider so-widget-sow-slider-default-53fd0f98de19-27118\"\n\t\t\t\n\t\t><div class=\"sow-slider-base\" style=\"display: none\"><ul\n\t\t\t\t\tclass=\"sow-slider-images\"\n\t\t\t\t\tdata-settings=\"{&quot;pagination&quot;:true,&quot;speed&quot;:800,&quot;timeout&quot;:8000,&quot;paused&quot;:false,&quot;pause_on_hover&quot;:false,&quot;swipe&quot;:true,&quot;nav_always_show_desktop&quot;:&quot;&quot;,&quot;nav_always_show_mobile&quot;:&quot;&quot;,&quot;breakpoint&quot;:&quot;780px&quot;,&quot;unmute&quot;:false,&quot;anchor&quot;:null}\"\n\t\t\t\t\t\t\t\t\t\tdata-anchor-id=\"\"\n\t\t\t\t>\t\t<li class=\"sow-slider-image  sow-slider-image-cover\" style=\"visibility: visible;;background-image: url(https:\/\/www.facet.unt.edu.ar\/facetinforma\/wp-content\/uploads\/sites\/9\/2024\/07\/unnamed-7.jpg)\" >\n\t\t\t\t\t\t\t\t\t<img width=\"3024\" height=\"3024\" src=\"https:\/\/www.facet.unt.edu.ar\/facetinforma\/wp-content\/uploads\/sites\/9\/2024\/07\/unnamed-7.jpg\" class=\"sow-slider-background-image skip-lazy\" alt=\"\" decoding=\"async\" loading=\"eager\" \/>\t\t\t\t\t\t\t\t<\/li>\n\t\t\t\t<li class=\"sow-slider-image  sow-slider-image-cover\" style=\"visibility: hidden;;background-image: url(https:\/\/www.facet.unt.edu.ar\/facetinforma\/wp-content\/uploads\/sites\/9\/2024\/07\/unnamed-10.jpg)\" >\n\t\t\t\t\t\t\t\t\t<img width=\"4284\" height=\"4284\" src=\"https:\/\/www.facet.unt.edu.ar\/facetinforma\/wp-content\/uploads\/sites\/9\/2024\/07\/unnamed-10.jpg\" class=\"sow-slider-background-image skip-lazy\" alt=\"\" decoding=\"async\" loading=\"eager\" \/>\t\t\t\t\t\t\t\t<\/li>\n\t\t\t\t<li class=\"sow-slider-image  sow-slider-image-cover\" style=\"visibility: hidden;;background-image: url(https:\/\/www.facet.unt.edu.ar\/facetinforma\/wp-content\/uploads\/sites\/9\/2024\/07\/unnamed-11.jpg)\" >\n\t\t\t\t\t\t\t\t\t<img width=\"4284\" height=\"4284\" src=\"https:\/\/www.facet.unt.edu.ar\/facetinforma\/wp-content\/uploads\/sites\/9\/2024\/07\/unnamed-11.jpg\" class=\"sow-slider-background-image skip-lazy\" alt=\"\" decoding=\"async\" loading=\"eager\" \/>\t\t\t\t\t\t\t\t<\/li>\n\t\t\t\t<li class=\"sow-slider-image  sow-slider-image-cover\" style=\"visibility: hidden;;background-image: url(https:\/\/www.facet.unt.edu.ar\/facetinforma\/wp-content\/uploads\/sites\/9\/2024\/07\/unnamed-14.jpg)\" >\n\t\t\t\t\t\t\t\t\t<img width=\"3024\" height=\"4032\" src=\"https:\/\/www.facet.unt.edu.ar\/facetinforma\/wp-content\/uploads\/sites\/9\/2024\/07\/unnamed-14.jpg\" class=\"sow-slider-background-image skip-lazy\" alt=\"\" decoding=\"async\" loading=\"eager\" \/>\t\t\t\t\t\t\t\t<\/li>\n\t\t\t\t<li class=\"sow-slider-image  sow-slider-image-cover\" style=\"visibility: hidden;;background-image: url(https:\/\/www.facet.unt.edu.ar\/facetinforma\/wp-content\/uploads\/sites\/9\/2024\/07\/unnamed-17.jpg)\" >\n\t\t\t\t\t\t\t\t\t<img width=\"4284\" height=\"5712\" src=\"https:\/\/www.facet.unt.edu.ar\/facetinforma\/wp-content\/uploads\/sites\/9\/2024\/07\/unnamed-17.jpg\" class=\"sow-slider-background-image skip-lazy\" alt=\"\" decoding=\"async\" loading=\"eager\" \/>\t\t\t\t\t\t\t\t<\/li>\n\t\t<\/ul>\t\t\t\t<ol class=\"sow-slider-pagination\">\n\t\t\t\t\t\t\t\t\t\t\t<li><a href=\"#\" data-goto=\"0\" aria-label=\"mostrar diapositiva 1\"><\/a><\/li>\n\t\t\t\t\t\t\t\t\t\t\t<li><a href=\"#\" data-goto=\"1\" aria-label=\"mostrar diapositiva 2\"><\/a><\/li>\n\t\t\t\t\t\t\t\t\t\t\t<li><a href=\"#\" data-goto=\"2\" aria-label=\"mostrar diapositiva 3\"><\/a><\/li>\n\t\t\t\t\t\t\t\t\t\t\t<li><a href=\"#\" data-goto=\"3\" aria-label=\"mostrar diapositiva 4\"><\/a><\/li>\n\t\t\t\t\t\t\t\t\t\t\t<li><a href=\"#\" data-goto=\"4\" aria-label=\"mostrar diapositiva 5\"><\/a><\/li>\n\t\t\t\t\t\t\t\t\t<\/ol>\n\n\t\t\t\t<div class=\"sow-slide-nav sow-slide-nav-next\">\n\t\t\t\t\t<a href=\"#\" data-goto=\"next\" aria-label=\"diapositiva siguiente\" data-action=\"next\">\n\t\t\t\t\t\t<em class=\"sow-sld-icon-thin-right\"><\/em>\n\t\t\t\t\t<\/a>\n\t\t\t\t<\/div>\n\n\t\t\t\t<div class=\"sow-slide-nav sow-slide-nav-prev\">\n\t\t\t\t\t<a href=\"#\" data-goto=\"previous\" aria-label=\"diapositiva anterior\" data-action=\"prev\">\n\t\t\t\t\t\t<em class=\"sow-sld-icon-thin-left\"><\/em>\n\t\t\t\t\t<\/a>\n\t\t\t\t<\/div>\n\t\t\t\t<\/div><\/div><\/div><\/div><\/div><\/div>","protected":false},"excerpt":{"rendered":"<p>Durante la ma\u00f1ana del d\u00eda de hoy, en la Sala de Consejo de la FACET, en presencia del Decano Dr.Miguel \u00c1ngel Cabrera, el Vicedecano,Mg.Ing. Eduardo Martel, la Ing. Carolina Saracho, la Secretaria de Desarrollo Social,Eleonora Marchetti y el Intendente de Simoca, Elvio Salazar, junto a su equipo.Se llev\u00f3 a cabo la firma de convenio entre [&hellip;]<\/p>\n","protected":false},"author":123512,"featured_media":27119,"comment_status":"closed","ping_status":"closed","sticky":false,"template":"","format":"standard","meta":[],"categories":[5],"tags":[],"_links":{"self":[{"href":"https:\/\/www.facet.unt.edu.ar\/facetinforma\/wp-json\/wp\/v2\/posts\/27118"}],"collection":[{"href":"https:\/\/www.facet.unt.edu.ar\/facetinforma\/wp-json\/wp\/v2\/posts"}],"about":[{"href":"https:\/\/www.facet.unt.edu.ar\/facetinforma\/wp-json\/wp\/v2\/types\/post"}],"author":[{"embeddable":true,"href":"https:\/\/www.facet.unt.edu.ar\/facetinforma\/wp-json\/wp\/v2\/users\/123512"}],"replies":[{"embeddable":true,"href":"https:\/\/www.facet.unt.edu.ar\/facetinforma\/wp-json\/wp\/v2\/comments?post=27118"}],"version-history":[{"count":14,"href":"https:\/\/www.facet.unt.edu.ar\/facetinforma\/wp-json\/wp\/v2\/posts\/27118\/revisions"}],"predecessor-version":[{"id":27138,"href":"https:\/\/www.facet.unt.edu.ar\/facetinforma\/wp-json\/wp\/v2\/posts\/27118\/revisions\/27138"}],"wp:featuredmedia":[{"embeddable":true,"href":"https:\/\/www.facet.unt.edu.ar\/facetinforma\/wp-json\/wp\/v2\/media\/27119"}],"wp:attachment":[{"href":"https:\/\/www.facet.unt.edu.ar\/facetinforma\/wp-json\/wp\/v2\/media?parent=27118"}],"wp:term":[{"taxonomy":"category","embeddable":true,"href":"https:\/\/www.facet.unt.edu.ar\/facetinforma\/wp-json\/wp\/v2\/categories?post=27118"},{"taxonomy":"post_tag","embeddable":true,"href":"https:\/\/www.facet.unt.edu.ar\/facetinforma\/wp-json\/wp\/v2\/tags?post=27118"}],"curies":[{"name":"wp","href":"https:\/\/api.w.org\/{rel}","templated":true}]}}