{"id":27231,"date":"2024-07-25T09:15:15","date_gmt":"2024-07-25T12:15:15","guid":{"rendered":"https:\/\/www.facet.unt.edu.ar\/facetinforma\/?p=27231"},"modified":"2024-07-25T09:24:59","modified_gmt":"2024-07-25T12:24:59","slug":"la-facet-crea-protesis-y-herramientas-asistivas-para-personas-con-discapacidad","status":"publish","type":"post","link":"https:\/\/www.facet.unt.edu.ar\/facetinforma\/2024\/07\/25\/la-facet-crea-protesis-y-herramientas-asistivas-para-personas-con-discapacidad\/","title":{"rendered":"La FACET crea pr\u00f3tesis y herramientas asistivas para personas con discapacidad"},"content":{"rendered":"<div id=\"pl-27231\"  class=\"panel-layout\"><div id=\"pg-27231-0\"  class=\"panel-grid panel-no-style\"><div id=\"pgc-27231-0-0\"  class=\"panel-grid-cell\"><div id=\"panel-27231-0-0-0\" class=\"so-panel widget widget_media_image panel-first-child panel-last-child\" data-index=\"0\"><img width=\"1080\" height=\"1080\" src=\"https:\/\/www.facet.unt.edu.ar\/facetinforma\/wp-content\/uploads\/sites\/9\/2024\/07\/unnamed-5.png\" class=\"image wp-image-27232  attachment-full size-full\" alt=\"\" decoding=\"async\" loading=\"lazy\" style=\"max-width: 100%; height: auto;\" \/><\/div><\/div><div id=\"pgc-27231-0-1\"  class=\"panel-grid-cell\"><div id=\"panel-27231-0-1-0\" class=\"so-panel widget widget_sow-editor panel-first-child panel-last-child\" data-index=\"1\"><div\n\t\t\t\n\t\t\tclass=\"so-widget-sow-editor so-widget-sow-editor-base\">\n<div class=\"siteorigin-widget-tinymce textwidget\">\n\t<p>Nuestra Facultad, desarroll\u00f3 un proyecto que tiene una subvenci\u00f3n parcial de la Uni\u00f3n Europea. Bajo el nombre de \u201cTecnolog\u00edas e innovaci\u00f3n para la inclusi\u00f3n\u201d, la iniciativa propone crear herramientas y recursos asistivos para quienes tienen discapacidades de tipo mec\u00e1nica o neurol\u00f3gica.<\/p>\n<p>Se busca que los dise\u00f1os ayuden a la rehabilitaci\u00f3n y a mejorar la calidad de vida de las personas, el Vicedecano de nuestra instituci\u00f3n,Ing.Eduardo Martel, es el director del proyecto, que tambi\u00e9n apunta a brindarles capacitaci\u00f3n y formaci\u00f3n a quienes tienen una discapacidad para que mejoren sus opciones de empleo. En ese sentido, el ingeniero, coment\u00f3 que hay talleres en los que los participantes desarrollan y mejoran los dispositivos tecnol\u00f3gicos que usan. Por ejemplo, las sillas de ruedas. En otro espacio, se capacitan para crear su propio emprendimiento con impresi\u00f3n 3D.<\/p>\n<p>Los investigadores que integran esta iniciativa hicieron varias visitas a la asociaci\u00f3n ALPI, que es un centro de rehabilitaci\u00f3n neuromotriz en el que se asiste a tucumanos con distintas patolog\u00edas, como par\u00e1lisis cerebral u otros problemas neuronales.<br \/>\nA partir de esta experiencia, se sum\u00f3 al proyecto el dise\u00f1o de sistemas de comunicaci\u00f3n alternativos, de acuerdo a las posibilidades o complicaciones que presenta cada caso.<\/p><\/div><\/div><\/div><\/div><\/div><\/div><p><a class=\"more-link\" href=\"https:\/\/www.facet.unt.edu.ar\/facetinforma\/2024\/07\/25\/la-facet-crea-protesis-y-herramientas-asistivas-para-personas-con-discapacidad\/\">Leer m\u00e1s<span class=\"meta-nav\">&rarr;<\/span><\/a><\/p>","protected":false},"excerpt":{"rendered":"<p>Nuestra Facultad, desarroll\u00f3 un proyecto que tiene una subvenci\u00f3n parcial de la Uni\u00f3n Europea. Bajo el nombre de \u201cTecnolog\u00edas e innovaci\u00f3n para la inclusi\u00f3n\u201d, la iniciativa propone crear herramientas y recursos asistivos para quienes tienen discapacidades de tipo mec\u00e1nica o neurol\u00f3gica. Se busca que los dise\u00f1os ayuden a la rehabilitaci\u00f3n y a mejorar la calidad [&hellip;]<\/p>\n","protected":false},"author":123512,"featured_media":27232,"comment_status":"closed","ping_status":"closed","sticky":false,"template":"","format":"standard","meta":[],"categories":[5],"tags":[],"_links":{"self":[{"href":"https:\/\/www.facet.unt.edu.ar\/facetinforma\/wp-json\/wp\/v2\/posts\/27231"}],"collection":[{"href":"https:\/\/www.facet.unt.edu.ar\/facetinforma\/wp-json\/wp\/v2\/posts"}],"about":[{"href":"https:\/\/www.facet.unt.edu.ar\/facetinforma\/wp-json\/wp\/v2\/types\/post"}],"author":[{"embeddable":true,"href":"https:\/\/www.facet.unt.edu.ar\/facetinforma\/wp-json\/wp\/v2\/users\/123512"}],"replies":[{"embeddable":true,"href":"https:\/\/www.facet.unt.edu.ar\/facetinforma\/wp-json\/wp\/v2\/comments?post=27231"}],"version-history":[{"count":9,"href":"https:\/\/www.facet.unt.edu.ar\/facetinforma\/wp-json\/wp\/v2\/posts\/27231\/revisions"}],"predecessor-version":[{"id":27239,"href":"https:\/\/www.facet.unt.edu.ar\/facetinforma\/wp-json\/wp\/v2\/posts\/27231\/revisions\/27239"}],"wp:featuredmedia":[{"embeddable":true,"href":"https:\/\/www.facet.unt.edu.ar\/facetinforma\/wp-json\/wp\/v2\/media\/27232"}],"wp:attachment":[{"href":"https:\/\/www.facet.unt.edu.ar\/facetinforma\/wp-json\/wp\/v2\/media?parent=27231"}],"wp:term":[{"taxonomy":"category","embeddable":true,"href":"https:\/\/www.facet.unt.edu.ar\/facetinforma\/wp-json\/wp\/v2\/categories?post=27231"},{"taxonomy":"post_tag","embeddable":true,"href":"https:\/\/www.facet.unt.edu.ar\/facetinforma\/wp-json\/wp\/v2\/tags?post=27231"}],"curies":[{"name":"wp","href":"https:\/\/api.w.org\/{rel}","templated":true}]}}