{"id":27251,"date":"2024-07-25T10:39:34","date_gmt":"2024-07-25T13:39:34","guid":{"rendered":"https:\/\/www.facet.unt.edu.ar\/facetinforma\/?p=27251"},"modified":"2024-07-25T10:39:39","modified_gmt":"2024-07-25T13:39:39","slug":"el-infinoa-fortalece-la-vinculacion-con-instituciones-de-tucuman","status":"publish","type":"post","link":"https:\/\/www.facet.unt.edu.ar\/facetinforma\/2024\/07\/25\/el-infinoa-fortalece-la-vinculacion-con-instituciones-de-tucuman\/","title":{"rendered":"El INFINOA fortalece la vinculaci\u00f3n con instituciones de Tucum\u00e1n"},"content":{"rendered":"<div id=\"pl-27251\"  class=\"panel-layout\" ><div id=\"pg-27251-0\"  class=\"panel-grid panel-no-style\" ><div id=\"pgc-27251-0-0\"  class=\"panel-grid-cell\" ><div id=\"panel-27251-0-0-0\" class=\"so-panel widget widget_media_image panel-first-child panel-last-child\" data-index=\"0\" ><img width=\"1080\" height=\"1080\" src=\"https:\/\/www.facet.unt.edu.ar\/facetinforma\/wp-content\/uploads\/sites\/9\/2024\/07\/unnamed-6.png\" class=\"image wp-image-27252  attachment-full size-full\" alt=\"\" decoding=\"async\" loading=\"lazy\" style=\"max-width: 100%; height: auto;\" \/><\/div><\/div><div id=\"pgc-27251-0-1\"  class=\"panel-grid-cell\" ><div id=\"panel-27251-0-1-0\" class=\"so-panel widget widget_sow-editor panel-first-child panel-last-child\" data-index=\"1\" ><div\n\t\t\t\n\t\t\tclass=\"so-widget-sow-editor so-widget-sow-editor-base\"\n\t\t\t\n\t\t>\n<div class=\"siteorigin-widget-tinymce textwidget\">\n\t<p>En la Sala Multiespacio de la Facultad de Ciencias Exactas y Tecnolog\u00eda de la Universidad Nacional de Tucum\u00e1n (FACET-UNT), el Instituto de F\u00edsica del Noroeste Argentino (INFINOA, UNT-CONICET) organiz\u00f3 el mi\u00e9rcoles 24 de julio una jornada con el prop\u00f3sito de presentar sus potencialidades a instituciones p\u00fablicas y privadas, pymes, cooperativas, empresas e industrias de la provincia.<\/p>\n<p>Durante el \u201cEncuentro Tecnol\u00f3gico VinculAR 2024\u201d, equipos de investigaci\u00f3n y t\u00e9cnicos del INFINOA, Instituto de doble dependencia con asiento principal en la FACET, presentaron parte de sus diversas l\u00edneas de investigaci\u00f3n.<\/p>\n<p>Al respecto, la Dra. Ana Clelia G\u00f3mez Marigliano y el Dr. Nicol\u00e1s Nieva, directora y vicedirector respectivamente del INFINOA, remarcaron la importancia de este evento para vincularse con el medio de manera org\u00e1nica y estructurada, permitiendo de esta manera tender puentes entre la ciencia, la industria y sectores socio productivos, captando las demandas y las necesidades de la sociedad.<\/p>\n<p>Vale destacar que al encuentro -enmarcado en la \u201cConvocatoria VinculAr 2023 para el Fortalecimiento de la Vinculaci\u00f3n Tecnol\u00f3gica en el Territorio\u201d- asistieron adem\u00e1s representantes del sector ambiental de la municipalidad de Yerba Buena, del Instituto Nacional de Tecnolog\u00eda Agropecuaria (INTA) y del Centro Integral de Microscop\u00eda Electr\u00f3nica (CIME).<\/p>\n<\/div>\n<\/div><\/div><\/div><\/div><\/div>","protected":false},"excerpt":{"rendered":"<p>En la Sala Multiespacio de la Facultad de Ciencias Exactas y Tecnolog\u00eda de la Universidad Nacional de Tucum\u00e1n (FACET-UNT), el Instituto de F\u00edsica del Noroeste Argentino (INFINOA, UNT-CONICET) organiz\u00f3 el mi\u00e9rcoles 24 de julio una jornada con el prop\u00f3sito de presentar sus potencialidades a instituciones p\u00fablicas y privadas, pymes, cooperativas, empresas e industrias de la [&hellip;]<\/p>\n","protected":false},"author":123512,"featured_media":27252,"comment_status":"closed","ping_status":"closed","sticky":false,"template":"","format":"standard","meta":[],"categories":[5],"tags":[],"_links":{"self":[{"href":"https:\/\/www.facet.unt.edu.ar\/facetinforma\/wp-json\/wp\/v2\/posts\/27251"}],"collection":[{"href":"https:\/\/www.facet.unt.edu.ar\/facetinforma\/wp-json\/wp\/v2\/posts"}],"about":[{"href":"https:\/\/www.facet.unt.edu.ar\/facetinforma\/wp-json\/wp\/v2\/types\/post"}],"author":[{"embeddable":true,"href":"https:\/\/www.facet.unt.edu.ar\/facetinforma\/wp-json\/wp\/v2\/users\/123512"}],"replies":[{"embeddable":true,"href":"https:\/\/www.facet.unt.edu.ar\/facetinforma\/wp-json\/wp\/v2\/comments?post=27251"}],"version-history":[{"count":6,"href":"https:\/\/www.facet.unt.edu.ar\/facetinforma\/wp-json\/wp\/v2\/posts\/27251\/revisions"}],"predecessor-version":[{"id":27258,"href":"https:\/\/www.facet.unt.edu.ar\/facetinforma\/wp-json\/wp\/v2\/posts\/27251\/revisions\/27258"}],"wp:featuredmedia":[{"embeddable":true,"href":"https:\/\/www.facet.unt.edu.ar\/facetinforma\/wp-json\/wp\/v2\/media\/27252"}],"wp:attachment":[{"href":"https:\/\/www.facet.unt.edu.ar\/facetinforma\/wp-json\/wp\/v2\/media?parent=27251"}],"wp:term":[{"taxonomy":"category","embeddable":true,"href":"https:\/\/www.facet.unt.edu.ar\/facetinforma\/wp-json\/wp\/v2\/categories?post=27251"},{"taxonomy":"post_tag","embeddable":true,"href":"https:\/\/www.facet.unt.edu.ar\/facetinforma\/wp-json\/wp\/v2\/tags?post=27251"}],"curies":[{"name":"wp","href":"https:\/\/api.w.org\/{rel}","templated":true}]}}