{"id":27349,"date":"2024-08-02T10:24:01","date_gmt":"2024-08-02T13:24:01","guid":{"rendered":"https:\/\/www.facet.unt.edu.ar\/facetinforma\/?p=27349"},"modified":"2024-08-02T10:25:28","modified_gmt":"2024-08-02T13:25:28","slug":"la-facet-participara-de-la-expo-posgrado-unt-2024","status":"publish","type":"post","link":"https:\/\/www.facet.unt.edu.ar\/facetinforma\/2024\/08\/02\/la-facet-participara-de-la-expo-posgrado-unt-2024\/","title":{"rendered":"La FACET participar\u00e1 en la Expo Posgrado UNT 2024"},"content":{"rendered":"<div id=\"pl-27349\"  class=\"panel-layout\" ><div id=\"pg-27349-0\"  class=\"panel-grid panel-no-style\" ><div id=\"pgc-27349-0-0\"  class=\"panel-grid-cell\" ><div id=\"panel-27349-0-0-0\" class=\"so-panel widget widget_media_image panel-first-child panel-last-child\" data-index=\"0\" ><img width=\"1080\" height=\"1080\" src=\"https:\/\/www.facet.unt.edu.ar\/facetinforma\/wp-content\/uploads\/sites\/9\/2024\/08\/posgrado.png\" class=\"image wp-image-27350  attachment-full size-full\" alt=\"\" decoding=\"async\" loading=\"lazy\" style=\"max-width: 100%; height: auto;\" \/><\/div><\/div><div id=\"pgc-27349-0-1\"  class=\"panel-grid-cell\" ><div id=\"panel-27349-0-1-0\" class=\"so-panel widget widget_sow-editor panel-first-child panel-last-child\" data-index=\"1\" ><div\n\t\t\t\n\t\t\tclass=\"so-widget-sow-editor so-widget-sow-editor-base\"\n\t\t\t\n\t\t>\n<div class=\"siteorigin-widget-tinymce textwidget\">\n\t<p>El 14 de agosto de 08 a 18hs. se desarrollar\u00e1 la Expo Posgrado UNT, en el Centro Universitario Prebisch (Benjamin Araoz 800) donde se brindar\u00e1 informaci\u00f3n, exposiciones y actividades sobre carreras que dicta nuestra Universidad entre doctorados, maestr\u00edas y especializaciones. Actualmente son muchos los estudiantes cursan estas trayectorias en las que adem\u00e1s se incluyen diplomaturas y cursos de posgrado.<\/p>\n<p>La FACET estar\u00e1 presente con su Stand, donde la Subsecretar\u00eda de Posgrado de nuestra Facultad tiene como objetivo dar a conocer las especializaciones, maestr\u00edas y doctorados con los que cuenta. Como tambi\u00e9n exponer que representan y modalidades de cursado.<\/p>\n<p>Cabe destacar que la Secretar\u00eda de Posgrado de la UNT, desempe\u00f1a un papel fundamental, ya que sus programas son esenciales para la formaci\u00f3n de expertos en diversas \u00e1reas del conocimiento, lo que contribuye al desarrollo de la investigaci\u00f3n y la innovaci\u00f3n en el pa\u00eds.<\/p>\n<\/div>\n<\/div><\/div><\/div><\/div><\/div>","protected":false},"excerpt":{"rendered":"<p>El 14 de agosto de 08 a 18hs. se desarrollar\u00e1 la Expo Posgrado UNT, en el Centro Universitario Prebisch (Benjamin Araoz 800) donde se brindar\u00e1 informaci\u00f3n, exposiciones y actividades sobre carreras que dicta nuestra Universidad entre doctorados, maestr\u00edas y especializaciones. Actualmente son muchos los estudiantes cursan estas trayectorias en las que adem\u00e1s se incluyen diplomaturas [&hellip;]<\/p>\n","protected":false},"author":123512,"featured_media":27350,"comment_status":"closed","ping_status":"closed","sticky":false,"template":"","format":"standard","meta":[],"categories":[5],"tags":[],"_links":{"self":[{"href":"https:\/\/www.facet.unt.edu.ar\/facetinforma\/wp-json\/wp\/v2\/posts\/27349"}],"collection":[{"href":"https:\/\/www.facet.unt.edu.ar\/facetinforma\/wp-json\/wp\/v2\/posts"}],"about":[{"href":"https:\/\/www.facet.unt.edu.ar\/facetinforma\/wp-json\/wp\/v2\/types\/post"}],"author":[{"embeddable":true,"href":"https:\/\/www.facet.unt.edu.ar\/facetinforma\/wp-json\/wp\/v2\/users\/123512"}],"replies":[{"embeddable":true,"href":"https:\/\/www.facet.unt.edu.ar\/facetinforma\/wp-json\/wp\/v2\/comments?post=27349"}],"version-history":[{"count":11,"href":"https:\/\/www.facet.unt.edu.ar\/facetinforma\/wp-json\/wp\/v2\/posts\/27349\/revisions"}],"predecessor-version":[{"id":27359,"href":"https:\/\/www.facet.unt.edu.ar\/facetinforma\/wp-json\/wp\/v2\/posts\/27349\/revisions\/27359"}],"wp:featuredmedia":[{"embeddable":true,"href":"https:\/\/www.facet.unt.edu.ar\/facetinforma\/wp-json\/wp\/v2\/media\/27350"}],"wp:attachment":[{"href":"https:\/\/www.facet.unt.edu.ar\/facetinforma\/wp-json\/wp\/v2\/media?parent=27349"}],"wp:term":[{"taxonomy":"category","embeddable":true,"href":"https:\/\/www.facet.unt.edu.ar\/facetinforma\/wp-json\/wp\/v2\/categories?post=27349"},{"taxonomy":"post_tag","embeddable":true,"href":"https:\/\/www.facet.unt.edu.ar\/facetinforma\/wp-json\/wp\/v2\/tags?post=27349"}],"curies":[{"name":"wp","href":"https:\/\/api.w.org\/{rel}","templated":true}]}}