{"id":27422,"date":"2024-08-13T10:54:44","date_gmt":"2024-08-13T13:54:44","guid":{"rendered":"https:\/\/www.facet.unt.edu.ar\/facetinforma\/?p=27422"},"modified":"2024-08-13T10:54:50","modified_gmt":"2024-08-13T13:54:50","slug":"tours-por-la-facet-visita-del-colegio-san-isidro-labrador-de-la-ramada-de-abajo","status":"publish","type":"post","link":"https:\/\/www.facet.unt.edu.ar\/facetinforma\/2024\/08\/13\/tours-por-la-facet-visita-del-colegio-san-isidro-labrador-de-la-ramada-de-abajo\/","title":{"rendered":"Tours por la FACET:  Visita del Colegio San Isidro Labrador de la Ramada de Abajo"},"content":{"rendered":"<div id=\"pl-27422\"  class=\"panel-layout\" ><div id=\"pg-27422-0\"  class=\"panel-grid panel-no-style\" ><div id=\"pgc-27422-0-0\"  class=\"panel-grid-cell\" ><div id=\"panel-27422-0-0-0\" class=\"so-panel widget widget_media_image panel-first-child panel-last-child\" data-index=\"0\" ><img width=\"1080\" height=\"1080\" src=\"https:\/\/www.facet.unt.edu.ar\/facetinforma\/wp-content\/uploads\/sites\/9\/2024\/08\/unnamed-10.png\" class=\"image wp-image-27429  attachment-full size-full\" alt=\"\" decoding=\"async\" loading=\"lazy\" style=\"max-width: 100%; height: auto;\" \/><\/div><\/div><div id=\"pgc-27422-0-1\"  class=\"panel-grid-cell\" ><div id=\"panel-27422-0-1-0\" class=\"so-panel widget widget_sow-editor panel-first-child\" data-index=\"1\" ><div\n\t\t\t\n\t\t\tclass=\"so-widget-sow-editor so-widget-sow-editor-base\"\n\t\t\t\n\t\t>\n<div class=\"siteorigin-widget-tinymce textwidget\">\n\t<p>Desde el espacio de Tutor\u00eda Estudiantil, dependiente de la Secretar\u00eda Acad\u00e9mica de la FACET se organiz\u00f3 y llev\u00f3 a cabo el inicio de los \"Tours por la FACET\".<br \/>\nSe trata de un proyecto orientado a los \u00faltimos a\u00f1os del nivel secundario en el que pueden participar grupos de estudiantes y docentes de diferentes instituciones educativas de nuestra provincia.<\/p>\n<p>En esta ocasi\u00f3n, visitaron la FACET un grupo de 40 estudiantes acompa\u00f1ados por 3 docentes del Colegio San Isidro Labrador de la Ramada de Abajo.<\/p>\n<p>La actividad tiene como objetivo principal despertar la vocaci\u00f3n cient\u00edfica en los\/as estudiantes y difundir la oferta de carreras acad\u00e9micas disponibles en nuestra casa de estudios, muchas de ellas consideradas estrat\u00e9gicas para el desarrollo productivo y social del pa\u00eds.<br \/>\nEn esta oportunidad, a trav\u00e9s de una visita guiada, se recorrieron los blocks de la Facultad y los laboratorios de las carreras de Dise\u00f1o de Iluminaci\u00f3n e Ingenier\u00eda en Computaci\u00f3n Referentes de estas \u00e1reas brindaron breves charlas al estudiantado.<br \/>\nEsta actividad continuar\u00e1 durante los meses de agosto y septiembre.<\/p>\n<\/div>\n<\/div><\/div><div id=\"panel-27422-0-1-1\" class=\"so-panel widget widget_sow-slider panel-last-child\" data-index=\"2\" ><div\n\t\t\t\n\t\t\tclass=\"so-widget-sow-slider so-widget-sow-slider-default-53fd0f98de19-27422\"\n\t\t\t\n\t\t><div class=\"sow-slider-base\" style=\"display: none\"><ul\n\t\t\t\t\tclass=\"sow-slider-images\"\n\t\t\t\t\tdata-settings=\"{&quot;pagination&quot;:true,&quot;speed&quot;:800,&quot;timeout&quot;:8000,&quot;paused&quot;:false,&quot;pause_on_hover&quot;:false,&quot;swipe&quot;:true,&quot;nav_always_show_desktop&quot;:&quot;&quot;,&quot;nav_always_show_mobile&quot;:&quot;&quot;,&quot;breakpoint&quot;:&quot;780px&quot;,&quot;unmute&quot;:false,&quot;anchor&quot;:null}\"\n\t\t\t\t\t\t\t\t\t\tdata-anchor-id=\"\"\n\t\t\t\t>\t\t<li class=\"sow-slider-image  sow-slider-image-cover\" style=\"visibility: visible;;background-image: url(https:\/\/www.facet.unt.edu.ar\/facetinforma\/wp-content\/uploads\/sites\/9\/2024\/08\/WhatsApp-Image-2024-08-12-at-17.41.40.jpeg)\" >\n\t\t\t\t\t\t\t\t\t<img width=\"1600\" height=\"1200\" src=\"https:\/\/www.facet.unt.edu.ar\/facetinforma\/wp-content\/uploads\/sites\/9\/2024\/08\/WhatsApp-Image-2024-08-12-at-17.41.40.jpeg\" class=\"sow-slider-background-image skip-lazy\" alt=\"\" decoding=\"async\" loading=\"eager\" \/>\t\t\t\t\t\t\t\t<\/li>\n\t\t\t\t<li class=\"sow-slider-image  sow-slider-image-cover\" style=\"visibility: hidden;;background-image: url(https:\/\/www.facet.unt.edu.ar\/facetinforma\/wp-content\/uploads\/sites\/9\/2024\/08\/WhatsApp-Image-2024-08-12-at-17.42.09-1.jpeg)\" >\n\t\t\t\t\t\t\t\t\t<img width=\"1600\" height=\"1200\" src=\"https:\/\/www.facet.unt.edu.ar\/facetinforma\/wp-content\/uploads\/sites\/9\/2024\/08\/WhatsApp-Image-2024-08-12-at-17.42.09-1.jpeg\" class=\"sow-slider-background-image skip-lazy\" alt=\"\" decoding=\"async\" loading=\"eager\" \/>\t\t\t\t\t\t\t\t<\/li>\n\t\t\t\t<li class=\"sow-slider-image  sow-slider-image-cover\" style=\"visibility: hidden;;background-image: url(https:\/\/www.facet.unt.edu.ar\/facetinforma\/wp-content\/uploads\/sites\/9\/2024\/08\/WhatsApp-Image-2024-08-12-at-17.41.15.jpeg)\" >\n\t\t\t\t\t\t\t\t\t<img width=\"1600\" height=\"1204\" src=\"https:\/\/www.facet.unt.edu.ar\/facetinforma\/wp-content\/uploads\/sites\/9\/2024\/08\/WhatsApp-Image-2024-08-12-at-17.41.15.jpeg\" class=\"sow-slider-background-image skip-lazy\" alt=\"\" decoding=\"async\" loading=\"eager\" \/>\t\t\t\t\t\t\t\t<\/li>\n\t\t<\/ul>\t\t\t\t<ol class=\"sow-slider-pagination\">\n\t\t\t\t\t\t\t\t\t\t\t<li><a href=\"#\" data-goto=\"0\" aria-label=\"mostrar diapositiva 1\"><\/a><\/li>\n\t\t\t\t\t\t\t\t\t\t\t<li><a href=\"#\" data-goto=\"1\" aria-label=\"mostrar diapositiva 2\"><\/a><\/li>\n\t\t\t\t\t\t\t\t\t\t\t<li><a href=\"#\" data-goto=\"2\" aria-label=\"mostrar diapositiva 3\"><\/a><\/li>\n\t\t\t\t\t\t\t\t\t<\/ol>\n\n\t\t\t\t<div class=\"sow-slide-nav sow-slide-nav-next\">\n\t\t\t\t\t<a href=\"#\" data-goto=\"next\" aria-label=\"diapositiva siguiente\" data-action=\"next\">\n\t\t\t\t\t\t<em class=\"sow-sld-icon-thin-right\"><\/em>\n\t\t\t\t\t<\/a>\n\t\t\t\t<\/div>\n\n\t\t\t\t<div class=\"sow-slide-nav sow-slide-nav-prev\">\n\t\t\t\t\t<a href=\"#\" data-goto=\"previous\" aria-label=\"diapositiva anterior\" data-action=\"prev\">\n\t\t\t\t\t\t<em class=\"sow-sld-icon-thin-left\"><\/em>\n\t\t\t\t\t<\/a>\n\t\t\t\t<\/div>\n\t\t\t\t<\/div><\/div><\/div><\/div><\/div><div id=\"pg-27422-1\"  class=\"panel-grid panel-no-style\" ><div id=\"pgc-27422-1-0\"  class=\"panel-grid-cell panel-grid-cell-empty panel-grid-cell-mobile-last\" ><\/div><div id=\"pgc-27422-1-1\"  class=\"panel-grid-cell panel-grid-cell-empty\" ><\/div><\/div><\/div>","protected":false},"excerpt":{"rendered":"<p>Desde el espacio de Tutor\u00eda Estudiantil, dependiente de la Secretar\u00eda Acad\u00e9mica de la FACET se organiz\u00f3 y llev\u00f3 a cabo el inicio de los &#8220;Tours por la FACET&#8221;. Se trata de un proyecto orientado a los \u00faltimos a\u00f1os del nivel secundario en el que pueden participar grupos de estudiantes y docentes de diferentes instituciones educativas [&hellip;]<\/p>\n","protected":false},"author":123512,"featured_media":27429,"comment_status":"closed","ping_status":"closed","sticky":false,"template":"","format":"standard","meta":[],"categories":[55,5],"tags":[],"_links":{"self":[{"href":"https:\/\/www.facet.unt.edu.ar\/facetinforma\/wp-json\/wp\/v2\/posts\/27422"}],"collection":[{"href":"https:\/\/www.facet.unt.edu.ar\/facetinforma\/wp-json\/wp\/v2\/posts"}],"about":[{"href":"https:\/\/www.facet.unt.edu.ar\/facetinforma\/wp-json\/wp\/v2\/types\/post"}],"author":[{"embeddable":true,"href":"https:\/\/www.facet.unt.edu.ar\/facetinforma\/wp-json\/wp\/v2\/users\/123512"}],"replies":[{"embeddable":true,"href":"https:\/\/www.facet.unt.edu.ar\/facetinforma\/wp-json\/wp\/v2\/comments?post=27422"}],"version-history":[{"count":8,"href":"https:\/\/www.facet.unt.edu.ar\/facetinforma\/wp-json\/wp\/v2\/posts\/27422\/revisions"}],"predecessor-version":[{"id":27435,"href":"https:\/\/www.facet.unt.edu.ar\/facetinforma\/wp-json\/wp\/v2\/posts\/27422\/revisions\/27435"}],"wp:featuredmedia":[{"embeddable":true,"href":"https:\/\/www.facet.unt.edu.ar\/facetinforma\/wp-json\/wp\/v2\/media\/27429"}],"wp:attachment":[{"href":"https:\/\/www.facet.unt.edu.ar\/facetinforma\/wp-json\/wp\/v2\/media?parent=27422"}],"wp:term":[{"taxonomy":"category","embeddable":true,"href":"https:\/\/www.facet.unt.edu.ar\/facetinforma\/wp-json\/wp\/v2\/categories?post=27422"},{"taxonomy":"post_tag","embeddable":true,"href":"https:\/\/www.facet.unt.edu.ar\/facetinforma\/wp-json\/wp\/v2\/tags?post=27422"}],"curies":[{"name":"wp","href":"https:\/\/api.w.org\/{rel}","templated":true}]}}