{"id":27436,"date":"2024-08-15T12:05:24","date_gmt":"2024-08-15T15:05:24","guid":{"rendered":"https:\/\/www.facet.unt.edu.ar\/facetinforma\/?p=27436"},"modified":"2024-08-15T12:07:45","modified_gmt":"2024-08-15T15:07:45","slug":"la-facet-dijo-presente-en-la-expo-unt","status":"publish","type":"post","link":"https:\/\/www.facet.unt.edu.ar\/facetinforma\/2024\/08\/15\/la-facet-dijo-presente-en-la-expo-unt\/","title":{"rendered":"La FACET dijo presente en la Expo UNT"},"content":{"rendered":"<div id=\"pl-27436\"  class=\"panel-layout\" ><div id=\"pg-27436-0\"  class=\"panel-grid panel-no-style\" ><div id=\"pgc-27436-0-0\"  class=\"panel-grid-cell\" ><div id=\"panel-27436-0-0-0\" class=\"so-panel widget widget_media_image panel-first-child panel-last-child\" data-index=\"0\" ><img width=\"4284\" height=\"3915\" src=\"https:\/\/www.facet.unt.edu.ar\/facetinforma\/wp-content\/uploads\/sites\/9\/2024\/08\/si.jpg\" class=\"image wp-image-27438  attachment-full size-full\" alt=\"\" decoding=\"async\" loading=\"lazy\" style=\"max-width: 100%; height: auto;\" \/><\/div><\/div><div id=\"pgc-27436-0-1\"  class=\"panel-grid-cell\" ><div id=\"panel-27436-0-1-0\" class=\"so-panel widget widget_sow-editor panel-first-child\" data-index=\"1\" ><div\n\t\t\t\n\t\t\tclass=\"so-widget-sow-editor so-widget-sow-editor-base\"\n\t\t\t\n\t\t>\n<div class=\"siteorigin-widget-tinymce textwidget\">\n\t<p>La Expo UNT que se desarroll\u00f3 en el Centro Prebisch, finaliza hoy 15 de agosto a las 18 horas. Cabe destacar que es el evento m\u00e1s grande e importante de carreras del noroeste argentino, donde se presentan stands informativos de 100 carreras de grado y pregrado, con la participaci\u00f3n de docentes y estudiantes de todas las facultades.<\/p>\n<p>Nuestra Facultad estuvo presente con su stand, donde el personal de la Secretar\u00eda de Bienestar Estudiantil, el \u00c1rea Ingreso y Tutor\u00eda informaron a todos los presentes la oferta acad\u00e9mica con la que cuenta nuestra Instituci\u00f3n.<\/p>\n<p>Hoy, el MSC Gustavo Ju\u00e1rez disert\u00f3 con su charla \"Desaf\u00edos Tecnol\u00f3gicos y \u00c9ticos de la Inteligencia Artificial 2.0\" con un p\u00fablico muy participativo.<\/p>\n<p>Tambi\u00e9n nos acompa\u00f1aron el Departamento de Ingenier\u00eda Azucarera y personal de la Biblioteca de la FACET.<\/p>\n<p>&nbsp;<\/p>\n<\/div>\n<\/div><\/div><div id=\"panel-27436-0-1-1\" class=\"so-panel widget widget_sow-slider panel-last-child\" data-index=\"2\" ><div\n\t\t\t\n\t\t\tclass=\"so-widget-sow-slider so-widget-sow-slider-default-53fd0f98de19-27436\"\n\t\t\t\n\t\t><div class=\"sow-slider-base\" style=\"display: none\"><ul\n\t\t\t\t\tclass=\"sow-slider-images\"\n\t\t\t\t\tdata-settings=\"{&quot;pagination&quot;:true,&quot;speed&quot;:800,&quot;timeout&quot;:8000,&quot;paused&quot;:false,&quot;pause_on_hover&quot;:false,&quot;swipe&quot;:true,&quot;nav_always_show_desktop&quot;:&quot;&quot;,&quot;nav_always_show_mobile&quot;:&quot;&quot;,&quot;breakpoint&quot;:&quot;780px&quot;,&quot;unmute&quot;:false,&quot;anchor&quot;:null}\"\n\t\t\t\t\t\t\t\t\t\tdata-anchor-id=\"\"\n\t\t\t\t>\t\t<li class=\"sow-slider-image  sow-slider-image-cover\" style=\"visibility: visible;;background-image: url(https:\/\/www.facet.unt.edu.ar\/facetinforma\/wp-content\/uploads\/sites\/9\/2024\/08\/unnamed-40.jpg)\" >\n\t\t\t\t\t\t\t\t\t<img width=\"3213\" height=\"5712\" src=\"https:\/\/www.facet.unt.edu.ar\/facetinforma\/wp-content\/uploads\/sites\/9\/2024\/08\/unnamed-40.jpg\" class=\"sow-slider-background-image skip-lazy\" alt=\"\" decoding=\"async\" loading=\"eager\" \/>\t\t\t\t\t\t\t\t<\/li>\n\t\t\t\t<li class=\"sow-slider-image  sow-slider-image-cover\" style=\"visibility: hidden;;background-image: url(https:\/\/www.facet.unt.edu.ar\/facetinforma\/wp-content\/uploads\/sites\/9\/2024\/08\/IMG_9473.jpg)\" >\n\t\t\t\t\t\t\t\t\t<img width=\"3213\" height=\"5712\" src=\"https:\/\/www.facet.unt.edu.ar\/facetinforma\/wp-content\/uploads\/sites\/9\/2024\/08\/IMG_9473.jpg\" class=\"sow-slider-background-image skip-lazy\" alt=\"\" decoding=\"async\" loading=\"eager\" \/>\t\t\t\t\t\t\t\t<\/li>\n\t\t\t\t<li class=\"sow-slider-image  sow-slider-image-cover\" style=\"visibility: hidden;;background-image: url(https:\/\/www.facet.unt.edu.ar\/facetinforma\/wp-content\/uploads\/sites\/9\/2024\/08\/IMG_9491.jpg)\" >\n\t\t\t\t\t\t\t\t\t<img width=\"2268\" height=\"4032\" src=\"https:\/\/www.facet.unt.edu.ar\/facetinforma\/wp-content\/uploads\/sites\/9\/2024\/08\/IMG_9491.jpg\" class=\"sow-slider-background-image skip-lazy\" alt=\"\" decoding=\"async\" loading=\"eager\" \/>\t\t\t\t\t\t\t\t<\/li>\n\t\t\t\t<li class=\"sow-slider-image  sow-slider-image-cover\" style=\"visibility: hidden;;background-image: url(https:\/\/www.facet.unt.edu.ar\/facetinforma\/wp-content\/uploads\/sites\/9\/2024\/08\/IMG_9492.jpg)\" >\n\t\t\t\t\t\t\t\t\t<img width=\"3213\" height=\"5712\" src=\"https:\/\/www.facet.unt.edu.ar\/facetinforma\/wp-content\/uploads\/sites\/9\/2024\/08\/IMG_9492.jpg\" class=\"sow-slider-background-image skip-lazy\" alt=\"\" decoding=\"async\" loading=\"eager\" \/>\t\t\t\t\t\t\t\t<\/li>\n\t\t\t\t<li class=\"sow-slider-image  sow-slider-image-cover\" style=\"visibility: hidden;;background-image: url(https:\/\/www.facet.unt.edu.ar\/facetinforma\/wp-content\/uploads\/sites\/9\/2024\/08\/IMG_9496.jpg)\" >\n\t\t\t\t\t\t\t\t\t<img width=\"3213\" height=\"5712\" src=\"https:\/\/www.facet.unt.edu.ar\/facetinforma\/wp-content\/uploads\/sites\/9\/2024\/08\/IMG_9496.jpg\" class=\"sow-slider-background-image skip-lazy\" alt=\"\" decoding=\"async\" loading=\"eager\" \/>\t\t\t\t\t\t\t\t<\/li>\n\t\t<\/ul>\t\t\t\t<ol class=\"sow-slider-pagination\">\n\t\t\t\t\t\t\t\t\t\t\t<li><a href=\"#\" data-goto=\"0\" aria-label=\"mostrar diapositiva 1\"><\/a><\/li>\n\t\t\t\t\t\t\t\t\t\t\t<li><a href=\"#\" data-goto=\"1\" aria-label=\"mostrar diapositiva 2\"><\/a><\/li>\n\t\t\t\t\t\t\t\t\t\t\t<li><a href=\"#\" data-goto=\"2\" aria-label=\"mostrar diapositiva 3\"><\/a><\/li>\n\t\t\t\t\t\t\t\t\t\t\t<li><a href=\"#\" data-goto=\"3\" aria-label=\"mostrar diapositiva 4\"><\/a><\/li>\n\t\t\t\t\t\t\t\t\t\t\t<li><a href=\"#\" data-goto=\"4\" aria-label=\"mostrar diapositiva 5\"><\/a><\/li>\n\t\t\t\t\t\t\t\t\t<\/ol>\n\n\t\t\t\t<div class=\"sow-slide-nav sow-slide-nav-next\">\n\t\t\t\t\t<a href=\"#\" data-goto=\"next\" aria-label=\"diapositiva siguiente\" data-action=\"next\">\n\t\t\t\t\t\t<em class=\"sow-sld-icon-thin-right\"><\/em>\n\t\t\t\t\t<\/a>\n\t\t\t\t<\/div>\n\n\t\t\t\t<div class=\"sow-slide-nav sow-slide-nav-prev\">\n\t\t\t\t\t<a href=\"#\" data-goto=\"previous\" aria-label=\"diapositiva anterior\" data-action=\"prev\">\n\t\t\t\t\t\t<em class=\"sow-sld-icon-thin-left\"><\/em>\n\t\t\t\t\t<\/a>\n\t\t\t\t<\/div>\n\t\t\t\t<\/div><\/div><\/div><\/div><\/div><\/div>","protected":false},"excerpt":{"rendered":"<p>La Expo UNT que se desarroll\u00f3 en el Centro Prebisch, finaliza hoy 15 de agosto a las 18 horas. Cabe destacar que es el evento m\u00e1s grande e importante de carreras del noroeste argentino, donde se presentan stands informativos de 100 carreras de grado y pregrado, con la participaci\u00f3n de docentes y estudiantes de todas [&hellip;]<\/p>\n","protected":false},"author":123512,"featured_media":27453,"comment_status":"closed","ping_status":"closed","sticky":false,"template":"","format":"standard","meta":[],"categories":[5],"tags":[],"_links":{"self":[{"href":"https:\/\/www.facet.unt.edu.ar\/facetinforma\/wp-json\/wp\/v2\/posts\/27436"}],"collection":[{"href":"https:\/\/www.facet.unt.edu.ar\/facetinforma\/wp-json\/wp\/v2\/posts"}],"about":[{"href":"https:\/\/www.facet.unt.edu.ar\/facetinforma\/wp-json\/wp\/v2\/types\/post"}],"author":[{"embeddable":true,"href":"https:\/\/www.facet.unt.edu.ar\/facetinforma\/wp-json\/wp\/v2\/users\/123512"}],"replies":[{"embeddable":true,"href":"https:\/\/www.facet.unt.edu.ar\/facetinforma\/wp-json\/wp\/v2\/comments?post=27436"}],"version-history":[{"count":11,"href":"https:\/\/www.facet.unt.edu.ar\/facetinforma\/wp-json\/wp\/v2\/posts\/27436\/revisions"}],"predecessor-version":[{"id":27452,"href":"https:\/\/www.facet.unt.edu.ar\/facetinforma\/wp-json\/wp\/v2\/posts\/27436\/revisions\/27452"}],"wp:featuredmedia":[{"embeddable":true,"href":"https:\/\/www.facet.unt.edu.ar\/facetinforma\/wp-json\/wp\/v2\/media\/27453"}],"wp:attachment":[{"href":"https:\/\/www.facet.unt.edu.ar\/facetinforma\/wp-json\/wp\/v2\/media?parent=27436"}],"wp:term":[{"taxonomy":"category","embeddable":true,"href":"https:\/\/www.facet.unt.edu.ar\/facetinforma\/wp-json\/wp\/v2\/categories?post=27436"},{"taxonomy":"post_tag","embeddable":true,"href":"https:\/\/www.facet.unt.edu.ar\/facetinforma\/wp-json\/wp\/v2\/tags?post=27436"}],"curies":[{"name":"wp","href":"https:\/\/api.w.org\/{rel}","templated":true}]}}