{"id":27457,"date":"2024-08-19T09:00:05","date_gmt":"2024-08-19T12:00:05","guid":{"rendered":"https:\/\/www.facet.unt.edu.ar\/facetinforma\/?p=27457"},"modified":"2024-08-19T09:01:20","modified_gmt":"2024-08-19T12:01:20","slug":"xviii-congreso-nacional-de-expresion-grafica-egrafia2024","status":"publish","type":"post","link":"https:\/\/www.facet.unt.edu.ar\/facetinforma\/2024\/08\/19\/xviii-congreso-nacional-de-expresion-grafica-egrafia2024\/","title":{"rendered":"XVIII Congreso Nacional de Expresi\u00f3n Gr\u00e1fica: EGraF\u00cdA2024"},"content":{"rendered":"<div id=\"pl-27457\"  class=\"panel-layout\" ><div id=\"pg-27457-0\"  class=\"panel-grid panel-no-style\" ><div id=\"pgc-27457-0-0\"  class=\"panel-grid-cell\" ><div id=\"panel-27457-0-0-0\" class=\"so-panel widget widget_media_image panel-first-child panel-last-child\" data-index=\"0\" ><img width=\"1280\" height=\"1280\" src=\"https:\/\/www.facet.unt.edu.ar\/facetinforma\/wp-content\/uploads\/sites\/9\/2024\/08\/WhatsApp-Image-2024-08-19-at-8.45.07-AM.jpeg\" class=\"image wp-image-27458  attachment-full size-full\" alt=\"\" decoding=\"async\" loading=\"lazy\" style=\"max-width: 100%; height: auto;\" \/><\/div><\/div><div id=\"pgc-27457-0-1\"  class=\"panel-grid-cell\" ><div id=\"panel-27457-0-1-0\" class=\"so-panel widget widget_sow-editor panel-first-child panel-last-child\" data-index=\"1\" ><div\n\t\t\t\n\t\t\tclass=\"so-widget-sow-editor so-widget-sow-editor-base\"\n\t\t\t\n\t\t>\n<div class=\"siteorigin-widget-tinymce textwidget\">\n\t<p>Se invita a la comunidad universitaria de la FACET, a participar del Congreso Nacional de Expresi\u00f3n Gr\u00e1fica, que est\u00e1 dirigido a aquellos docentes, profesionales, estudiantes que en el ejercicio de su profesi\u00f3n utilicen la Expresi\u00f3n Gr\u00e1fica como un medio de comunicaci\u00f3n, es por ello que tanto carreras de Ingenier\u00eda, Arquitectura, Dise\u00f1o Industrial, Dise\u00f1o Gr\u00e1fico, Artes Gr\u00e1ficas y Visuales, Inteligencia Artificial y otras Disciplinas Afines.<\/p>\n<p>Se desarrollar\u00e1 los d\u00edas 21, 22 y 23 de noviembre de 2024 de manera presencial en las instalaciones de la Universidad Nacional de R\u00edo Cuarto, o bien de manera virtual dado a que se realizar\u00e1 con modalidad h\u00edbrida, permitiendo la participaci\u00f3n de personas de diferentes regiones tanto de la Naci\u00f3n Argentina como de otros pa\u00edses del mundo.<\/p>\n<p>Los interesados podr\u00e1n participar en el CNPEG 2024 mediante ponencias, posters, prototipos y maquetas que deber\u00e1n estar enmarcados en los cuatro ejes propuestos para este congreso:<\/p>\n<p>1- La Comunicaci\u00f3n Tradicional en el aula y en el \u00e1mbito profesional: La forma en que representamos visualmente mediante la Expresi\u00f3n Gr\u00e1fica conceptos de Dise\u00f1os Arquitect\u00f3nicos, Ingenieriles, de Dise\u00f1o Industrial, Urbanismo, Paisajismo, Patrimonio y disciplinas afines. M\u00e9todos tradicionales e h\u00edbridos de expresi\u00f3n gr\u00e1fica (Dibujo a mano, dibujo digital, t\u00e9cnicas no convencionales de relevamiento digital, prototipos, maquetas f\u00edsicas, croquis, sketching, entre otras).<\/p>\n<p>2- La Innovaci\u00f3n en Expresi\u00f3n Gr\u00e1fica y Dise\u00f1o \u2013 Inteligencia Artificial: Inteligencia artificial generativa aplicada en Dise\u00f1o. Tecnolog\u00edas digitales emergentes para mejorar o desafiar las pr\u00e1cticas de expresi\u00f3n gr\u00e1fica. C\u00f3mo garantizar que la tecnolog\u00eda no reemplace la creatividad humana. Avances en Modelado y Renderizado 3D, Realidad Virtual, Escaneo 3D, Impresi\u00f3n 3D y 4D, Sistemas CAD CAM CAE, BIM, Dise\u00f1o Param\u00e9trico y Generativo.<\/p>\n<p>3- La Expresi\u00f3n Gr\u00e1fica y su interacci\u00f3n en otras disciplinas: Diagn\u00f3stico por im\u00e1genes, Dibujo anat\u00f3mico (humano, animal y vegetal), en carreras de Medicina, Odontolog\u00eda, Enfermer\u00eda, Bioingenier\u00eda, Biolog\u00eda, Agronom\u00eda, Veterinaria, Geolog\u00eda, Escuelas de Artes, Fotograf\u00eda y otras disciplinas.<\/p>\n<p>4- Profesionales, Docentes e Investigadores para la retroalimentaci\u00f3n de un Dise\u00f1o Interdisciplinario: La retroalimentaci\u00f3n entre carreras afines al Dise\u00f1o para superar barreras y aprovechar las habilidades de cada disciplina dentro de trabajos interdisciplinarios.<\/p>\n<p>Por bases y condiciones:<br \/>\n<a href=\"https:\/\/egrafiaargentina.wixsite.com\/egrafiaargentina\/xvi-cnpeg-2024\">https:\/\/egrafiaargentina.wixsite.com\/egrafiaargentina\/xvi-cnpeg-2024<\/a><\/p>\n<\/div>\n<\/div><\/div><\/div><\/div><\/div>","protected":false},"excerpt":{"rendered":"<p>Se invita a la comunidad universitaria de la FACET, a participar del Congreso Nacional de Expresi\u00f3n Gr\u00e1fica, que est\u00e1 dirigido a aquellos docentes, profesionales, estudiantes que en el ejercicio de su profesi\u00f3n utilicen la Expresi\u00f3n Gr\u00e1fica como un medio de comunicaci\u00f3n, es por ello que tanto carreras de Ingenier\u00eda, Arquitectura, Dise\u00f1o Industrial, Dise\u00f1o Gr\u00e1fico, Artes [&hellip;]<\/p>\n","protected":false},"author":123512,"featured_media":27458,"comment_status":"closed","ping_status":"closed","sticky":false,"template":"","format":"standard","meta":[],"categories":[1],"tags":[],"_links":{"self":[{"href":"https:\/\/www.facet.unt.edu.ar\/facetinforma\/wp-json\/wp\/v2\/posts\/27457"}],"collection":[{"href":"https:\/\/www.facet.unt.edu.ar\/facetinforma\/wp-json\/wp\/v2\/posts"}],"about":[{"href":"https:\/\/www.facet.unt.edu.ar\/facetinforma\/wp-json\/wp\/v2\/types\/post"}],"author":[{"embeddable":true,"href":"https:\/\/www.facet.unt.edu.ar\/facetinforma\/wp-json\/wp\/v2\/users\/123512"}],"replies":[{"embeddable":true,"href":"https:\/\/www.facet.unt.edu.ar\/facetinforma\/wp-json\/wp\/v2\/comments?post=27457"}],"version-history":[{"count":9,"href":"https:\/\/www.facet.unt.edu.ar\/facetinforma\/wp-json\/wp\/v2\/posts\/27457\/revisions"}],"predecessor-version":[{"id":27467,"href":"https:\/\/www.facet.unt.edu.ar\/facetinforma\/wp-json\/wp\/v2\/posts\/27457\/revisions\/27467"}],"wp:featuredmedia":[{"embeddable":true,"href":"https:\/\/www.facet.unt.edu.ar\/facetinforma\/wp-json\/wp\/v2\/media\/27458"}],"wp:attachment":[{"href":"https:\/\/www.facet.unt.edu.ar\/facetinforma\/wp-json\/wp\/v2\/media?parent=27457"}],"wp:term":[{"taxonomy":"category","embeddable":true,"href":"https:\/\/www.facet.unt.edu.ar\/facetinforma\/wp-json\/wp\/v2\/categories?post=27457"},{"taxonomy":"post_tag","embeddable":true,"href":"https:\/\/www.facet.unt.edu.ar\/facetinforma\/wp-json\/wp\/v2\/tags?post=27457"}],"curies":[{"name":"wp","href":"https:\/\/api.w.org\/{rel}","templated":true}]}}