{"id":27514,"date":"2024-08-26T08:40:23","date_gmt":"2024-08-26T11:40:23","guid":{"rendered":"https:\/\/www.facet.unt.edu.ar\/facetinforma\/?p=27514"},"modified":"2024-08-26T08:40:28","modified_gmt":"2024-08-26T11:40:28","slug":"en-la-facet-se-dictara-la-maestria-en-electronica","status":"publish","type":"post","link":"https:\/\/www.facet.unt.edu.ar\/facetinforma\/2024\/08\/26\/en-la-facet-se-dictara-la-maestria-en-electronica\/","title":{"rendered":"En la FACET se dictar\u00e1 la Maestr\u00eda en Electr\u00f3nica"},"content":{"rendered":"<div id=\"pl-27514\"  class=\"panel-layout\" ><div id=\"pg-27514-0\"  class=\"panel-grid panel-no-style\" ><div id=\"pgc-27514-0-0\"  class=\"panel-grid-cell\" ><div id=\"panel-27514-0-0-0\" class=\"so-panel widget widget_media_image panel-first-child panel-last-child\" data-index=\"0\" ><img width=\"1080\" height=\"1080\" src=\"https:\/\/www.facet.unt.edu.ar\/facetinforma\/wp-content\/uploads\/sites\/9\/2024\/08\/unnamed-12.png\" class=\"image wp-image-27515  attachment-full size-full\" alt=\"\" decoding=\"async\" loading=\"lazy\" style=\"max-width: 100%; height: auto;\" \/><\/div><\/div><div id=\"pgc-27514-0-1\"  class=\"panel-grid-cell\" ><div id=\"panel-27514-0-1-0\" class=\"so-panel widget widget_sow-editor panel-first-child panel-last-child\" data-index=\"1\" ><div\n\t\t\t\n\t\t\tclass=\"so-widget-sow-editor so-widget-sow-editor-base\"\n\t\t\t\n\t\t>\n<div class=\"siteorigin-widget-tinymce textwidget\">\n\t<p>La Secretar\u00eda de Educaci\u00f3n del Ministerio del Capital Humano, decidi\u00f3 otorgar reconocimiento oficial provisorio y la consecuente validez nacional seg\u00fan el Dictamen considerado por la Comisi\u00f3n Nacional de Evaluaci\u00f3n Y Acreditaci\u00f3n Universitaria al t\u00edtulo de posgrado de Mag\u00edster en Electr\u00f3nica, que expide la Universidad Nacional de Tucum\u00e1n, Facultad de Ciencias Exactas y Tecnolog\u00eda, perteneciente a la carrera de Maestr\u00eda en Electr\u00f3nica, a dictarse bajo la modalidad a distancia.<\/p>\n<p>La carrera tiene una carga horaria total de 700 horas y est\u00e1 destinada a graduados en carreras de Ingenier\u00edas Electr\u00f3nica, El\u00e9ctrica, en Computaci\u00f3n, Inform\u00e1tica, Biom\u00e9dica y\/o de Carreras de grado del \u00e1rea de las TICs o \u00e1reas afines de universidades nacionales p\u00fablicas o privadas acreditadas o de universidades extranjeras reconocidas.<\/p>\n<p>PDF de Resoluci\u00f3n, donde encontrar\u00e1n el Plan de Estudios:<\/p>\n<p><a href=\"https:\/\/www.facet.unt.edu.ar\/facetinforma\/wp-content\/uploads\/sites\/9\/2024\/08\/RSE-502-24-MAGxc3x8dSTER-EN-ELECTRxc3x93NICA.pdf\">Maestr\u00eda en Electr\u00f3nica<\/a><\/p>\n<\/div>\n<\/div><\/div><\/div><\/div><\/div>","protected":false},"excerpt":{"rendered":"<p>La Secretar\u00eda de Educaci\u00f3n del Ministerio del Capital Humano, decidi\u00f3 otorgar reconocimiento oficial provisorio y la consecuente validez nacional seg\u00fan el Dictamen considerado por la Comisi\u00f3n Nacional de Evaluaci\u00f3n Y Acreditaci\u00f3n Universitaria al t\u00edtulo de posgrado de Mag\u00edster en Electr\u00f3nica, que expide la Universidad Nacional de Tucum\u00e1n, Facultad de Ciencias Exactas y Tecnolog\u00eda, perteneciente a [&hellip;]<\/p>\n","protected":false},"author":123512,"featured_media":27515,"comment_status":"closed","ping_status":"closed","sticky":false,"template":"","format":"standard","meta":[],"categories":[5,4],"tags":[],"_links":{"self":[{"href":"https:\/\/www.facet.unt.edu.ar\/facetinforma\/wp-json\/wp\/v2\/posts\/27514"}],"collection":[{"href":"https:\/\/www.facet.unt.edu.ar\/facetinforma\/wp-json\/wp\/v2\/posts"}],"about":[{"href":"https:\/\/www.facet.unt.edu.ar\/facetinforma\/wp-json\/wp\/v2\/types\/post"}],"author":[{"embeddable":true,"href":"https:\/\/www.facet.unt.edu.ar\/facetinforma\/wp-json\/wp\/v2\/users\/123512"}],"replies":[{"embeddable":true,"href":"https:\/\/www.facet.unt.edu.ar\/facetinforma\/wp-json\/wp\/v2\/comments?post=27514"}],"version-history":[{"count":7,"href":"https:\/\/www.facet.unt.edu.ar\/facetinforma\/wp-json\/wp\/v2\/posts\/27514\/revisions"}],"predecessor-version":[{"id":27524,"href":"https:\/\/www.facet.unt.edu.ar\/facetinforma\/wp-json\/wp\/v2\/posts\/27514\/revisions\/27524"}],"wp:featuredmedia":[{"embeddable":true,"href":"https:\/\/www.facet.unt.edu.ar\/facetinforma\/wp-json\/wp\/v2\/media\/27515"}],"wp:attachment":[{"href":"https:\/\/www.facet.unt.edu.ar\/facetinforma\/wp-json\/wp\/v2\/media?parent=27514"}],"wp:term":[{"taxonomy":"category","embeddable":true,"href":"https:\/\/www.facet.unt.edu.ar\/facetinforma\/wp-json\/wp\/v2\/categories?post=27514"},{"taxonomy":"post_tag","embeddable":true,"href":"https:\/\/www.facet.unt.edu.ar\/facetinforma\/wp-json\/wp\/v2\/tags?post=27514"}],"curies":[{"name":"wp","href":"https:\/\/api.w.org\/{rel}","templated":true}]}}