{"id":27618,"date":"2024-08-30T17:51:31","date_gmt":"2024-08-30T20:51:31","guid":{"rendered":"https:\/\/www.facet.unt.edu.ar\/facetinforma\/?p=27618"},"modified":"2024-08-30T17:51:36","modified_gmt":"2024-08-30T20:51:36","slug":"acto-de-colacion-de-egresados-de-la-facet","status":"publish","type":"post","link":"https:\/\/www.facet.unt.edu.ar\/facetinforma\/2024\/08\/30\/acto-de-colacion-de-egresados-de-la-facet\/","title":{"rendered":"Acto de Colaci\u00f3n de Egresados de la FACET"},"content":{"rendered":"<div id=\"pl-27618\"  class=\"panel-layout\" ><div id=\"pg-27618-0\"  class=\"panel-grid panel-no-style\" ><div id=\"pgc-27618-0-0\"  class=\"panel-grid-cell\" ><div id=\"panel-27618-0-0-0\" class=\"so-panel widget widget_media_image panel-first-child panel-last-child\" data-index=\"0\" ><img width=\"3024\" height=\"3024\" src=\"https:\/\/www.facet.unt.edu.ar\/facetinforma\/wp-content\/uploads\/sites\/9\/2024\/08\/IMG_9914.jpeg\" class=\"image wp-image-27619  attachment-full size-full\" alt=\"\" decoding=\"async\" loading=\"lazy\" style=\"max-width: 100%; height: auto;\" \/><\/div><\/div><div id=\"pgc-27618-0-1\"  class=\"panel-grid-cell\" ><div id=\"panel-27618-0-1-0\" class=\"so-panel widget widget_sow-editor panel-first-child\" data-index=\"1\" ><div\n\t\t\t\n\t\t\tclass=\"so-widget-sow-editor so-widget-sow-editor-base\"\n\t\t\t\n\t\t>\n<div class=\"siteorigin-widget-tinymce textwidget\">\n\t<p>Con la presencia del Vicedecano de la FACET, Mg. Eduardo Martel, la Ing. A\u00edda Olmos, el Secretario Administrativo, Ing. Carlos Iv\u00e1n, el Secretario de Bienestar Estudiantil, Sr. Fabi\u00e1n Ayarde, docentes, no docentes, egresados y p\u00fablico en general. En la ma\u00f1ana de hoy se llev\u00f3 a cabo el Acto Acad\u00e9mico de Colaci\u00f3n de Posgrado, Grado y Pregrado de nuestra facultad.<\/p>\n<p>En esta ceremonia se realiz\u00f3 el traspaso de la Bandera Argentina y Macha a los nuevos abanderados de nuestra Instituci\u00f3n.<\/p>\n<p>Siendo ahora ,seg\u00fan Resoluci\u00f3n 8028\/2024:<\/p>\n<p><em>De la Bandera Argentina:<\/em><br \/>\nAbanderado:<br \/>\nSantiago Ferraro, alumno de la carrera de ingenier\u00eda qu\u00edmica.<br \/>\nEscoltas:<br \/>\nLucas Gast\u00f3n Barrera, alumno de la carrera de ingenier\u00eda mec\u00e1nica.<br \/>\nAtuel Thiago Fernando Magdalon, alumno de la carrera de ingenier\u00eda mec\u00e1nica.<\/p>\n<p><em>De la Bandera Macha:<\/em><br \/>\nAbanderado:<br \/>\nAd\u00e1n Juan \u00c1ngel Lema, alumno de la carrera de Ing. Electr\u00f3nica.<br \/>\nEscoltas:<br \/>\nAmira Giulana Serpa, alumna de la carrera de ingenier\u00eda qu\u00edmica.<br \/>\nPaula Nieva Pastoriza, alumna de la carrera de ingenier\u00eda qu\u00edmica.<\/p>\n<p>En dicho evento, por los egresados, dirigi\u00f3 su mensaje la egresada de la Carrera de Ing. Qu\u00edmica, Srta. Olivera Victoria<\/p>\n<p>En representaci\u00f3n de los docentes el Ing. Carlos Santana S\u00e1nchez, brind\u00f3 unas palabras a los profesionales.<\/p>\n<p>Y finaliz\u00f3 con su discurso, el Vicedecano Mg. Eduardo Martel.<\/p>\n<p>Se entregaron mas de 70 diplomas a los flamantes egresados de nuestra facultad.<\/p>\n<p>&nbsp;<\/p>\n<\/div>\n<\/div><\/div><div id=\"panel-27618-0-1-1\" class=\"so-panel widget widget_sow-slider panel-last-child\" data-index=\"2\" ><div\n\t\t\t\n\t\t\tclass=\"so-widget-sow-slider so-widget-sow-slider-default-53fd0f98de19-27618\"\n\t\t\t\n\t\t><div class=\"sow-slider-base\" style=\"display: none\"><ul\n\t\t\t\t\tclass=\"sow-slider-images\"\n\t\t\t\t\tdata-settings=\"{&quot;pagination&quot;:true,&quot;speed&quot;:800,&quot;timeout&quot;:8000,&quot;paused&quot;:false,&quot;pause_on_hover&quot;:false,&quot;swipe&quot;:true,&quot;nav_always_show_desktop&quot;:&quot;&quot;,&quot;nav_always_show_mobile&quot;:&quot;&quot;,&quot;breakpoint&quot;:&quot;780px&quot;,&quot;unmute&quot;:false,&quot;anchor&quot;:null}\"\n\t\t\t\t\t\t\t\t\t\tdata-anchor-id=\"\"\n\t\t\t\t>\t\t<li class=\"sow-slider-image  sow-slider-image-cover\" style=\"visibility: visible;;background-image: url(https:\/\/www.facet.unt.edu.ar\/facetinforma\/wp-content\/uploads\/sites\/9\/2024\/08\/c882fc62-aa8c-492a-9904-cac4f463ec9a.jpeg)\" >\n\t\t\t\t\t\t\t\t\t<img width=\"951\" height=\"1280\" src=\"https:\/\/www.facet.unt.edu.ar\/facetinforma\/wp-content\/uploads\/sites\/9\/2024\/08\/c882fc62-aa8c-492a-9904-cac4f463ec9a.jpeg\" class=\"sow-slider-background-image skip-lazy\" alt=\"\" decoding=\"async\" loading=\"eager\" \/>\t\t\t\t\t\t\t\t<\/li>\n\t\t\t\t<li class=\"sow-slider-image  sow-slider-image-cover\" style=\"visibility: hidden;;background-image: url(https:\/\/www.facet.unt.edu.ar\/facetinforma\/wp-content\/uploads\/sites\/9\/2024\/08\/e884be53-bac0-4598-b444-ba12f9c26209.jpeg)\" >\n\t\t\t\t\t\t\t\t\t<img width=\"1600\" height=\"1200\" src=\"https:\/\/www.facet.unt.edu.ar\/facetinforma\/wp-content\/uploads\/sites\/9\/2024\/08\/e884be53-bac0-4598-b444-ba12f9c26209.jpeg\" class=\"sow-slider-background-image skip-lazy\" alt=\"\" decoding=\"async\" loading=\"eager\" \/>\t\t\t\t\t\t\t\t<\/li>\n\t\t\t\t<li class=\"sow-slider-image  sow-slider-image-cover\" style=\"visibility: hidden;;background-image: url(https:\/\/www.facet.unt.edu.ar\/facetinforma\/wp-content\/uploads\/sites\/9\/2024\/08\/74935626-43b1-4701-87d9-6dc7d87d929b.jpeg)\" >\n\t\t\t\t\t\t\t\t\t<img width=\"1200\" height=\"1600\" src=\"https:\/\/www.facet.unt.edu.ar\/facetinforma\/wp-content\/uploads\/sites\/9\/2024\/08\/74935626-43b1-4701-87d9-6dc7d87d929b.jpeg\" class=\"sow-slider-background-image skip-lazy\" alt=\"\" decoding=\"async\" loading=\"eager\" \/>\t\t\t\t\t\t\t\t<\/li>\n\t\t\t\t<li class=\"sow-slider-image  sow-slider-image-cover\" style=\"visibility: hidden;;background-image: url(https:\/\/www.facet.unt.edu.ar\/facetinforma\/wp-content\/uploads\/sites\/9\/2024\/08\/IMG_9907.jpg)\" >\n\t\t\t\t\t\t\t\t\t<img width=\"5712\" height=\"4284\" src=\"https:\/\/www.facet.unt.edu.ar\/facetinforma\/wp-content\/uploads\/sites\/9\/2024\/08\/IMG_9907.jpg\" class=\"sow-slider-background-image skip-lazy\" alt=\"\" decoding=\"async\" loading=\"eager\" \/>\t\t\t\t\t\t\t\t<\/li>\n\t\t\t\t<li class=\"sow-slider-image  sow-slider-image-cover\" style=\"visibility: hidden;;background-image: url(https:\/\/www.facet.unt.edu.ar\/facetinforma\/wp-content\/uploads\/sites\/9\/2024\/08\/IMG_9908.jpg)\" >\n\t\t\t\t\t\t\t\t\t<img width=\"4032\" height=\"3024\" src=\"https:\/\/www.facet.unt.edu.ar\/facetinforma\/wp-content\/uploads\/sites\/9\/2024\/08\/IMG_9908.jpg\" class=\"sow-slider-background-image skip-lazy\" alt=\"\" decoding=\"async\" loading=\"eager\" \/>\t\t\t\t\t\t\t\t<\/li>\n\t\t\t\t<li class=\"sow-slider-image  sow-slider-image-cover\" style=\"visibility: hidden;;background-image: url(https:\/\/www.facet.unt.edu.ar\/facetinforma\/wp-content\/uploads\/sites\/9\/2024\/08\/IMG_9909.jpg)\" >\n\t\t\t\t\t\t\t\t\t<img width=\"4032\" height=\"3024\" src=\"https:\/\/www.facet.unt.edu.ar\/facetinforma\/wp-content\/uploads\/sites\/9\/2024\/08\/IMG_9909.jpg\" class=\"sow-slider-background-image skip-lazy\" alt=\"\" decoding=\"async\" loading=\"eager\" \/>\t\t\t\t\t\t\t\t<\/li>\n\t\t\t\t<li class=\"sow-slider-image  sow-slider-image-cover\" style=\"visibility: hidden;;background-image: url(https:\/\/www.facet.unt.edu.ar\/facetinforma\/wp-content\/uploads\/sites\/9\/2024\/08\/IMG_9916.jpg)\" >\n\t\t\t\t\t\t\t\t\t<img width=\"3214\" height=\"5712\" src=\"https:\/\/www.facet.unt.edu.ar\/facetinforma\/wp-content\/uploads\/sites\/9\/2024\/08\/IMG_9916.jpg\" class=\"sow-slider-background-image skip-lazy\" alt=\"\" decoding=\"async\" loading=\"eager\" \/>\t\t\t\t\t\t\t\t<\/li>\n\t\t<\/ul>\t\t\t\t<ol class=\"sow-slider-pagination\">\n\t\t\t\t\t\t\t\t\t\t\t<li><a href=\"#\" data-goto=\"0\" aria-label=\"mostrar diapositiva 1\"><\/a><\/li>\n\t\t\t\t\t\t\t\t\t\t\t<li><a href=\"#\" data-goto=\"1\" aria-label=\"mostrar diapositiva 2\"><\/a><\/li>\n\t\t\t\t\t\t\t\t\t\t\t<li><a href=\"#\" data-goto=\"2\" aria-label=\"mostrar diapositiva 3\"><\/a><\/li>\n\t\t\t\t\t\t\t\t\t\t\t<li><a href=\"#\" data-goto=\"3\" aria-label=\"mostrar diapositiva 4\"><\/a><\/li>\n\t\t\t\t\t\t\t\t\t\t\t<li><a href=\"#\" data-goto=\"4\" aria-label=\"mostrar diapositiva 5\"><\/a><\/li>\n\t\t\t\t\t\t\t\t\t\t\t<li><a href=\"#\" data-goto=\"5\" aria-label=\"mostrar diapositiva 6\"><\/a><\/li>\n\t\t\t\t\t\t\t\t\t\t\t<li><a href=\"#\" data-goto=\"6\" aria-label=\"mostrar diapositiva 7\"><\/a><\/li>\n\t\t\t\t\t\t\t\t\t<\/ol>\n\n\t\t\t\t<div class=\"sow-slide-nav sow-slide-nav-next\">\n\t\t\t\t\t<a href=\"#\" data-goto=\"next\" aria-label=\"diapositiva siguiente\" data-action=\"next\">\n\t\t\t\t\t\t<em class=\"sow-sld-icon-thin-right\"><\/em>\n\t\t\t\t\t<\/a>\n\t\t\t\t<\/div>\n\n\t\t\t\t<div class=\"sow-slide-nav sow-slide-nav-prev\">\n\t\t\t\t\t<a href=\"#\" data-goto=\"previous\" aria-label=\"diapositiva anterior\" data-action=\"prev\">\n\t\t\t\t\t\t<em class=\"sow-sld-icon-thin-left\"><\/em>\n\t\t\t\t\t<\/a>\n\t\t\t\t<\/div>\n\t\t\t\t<\/div><\/div><\/div><\/div><\/div><\/div>","protected":false},"excerpt":{"rendered":"<p>Con la presencia del Vicedecano de la FACET, Mg. Eduardo Martel, la Ing. A\u00edda Olmos, el Secretario Administrativo, Ing. Carlos Iv\u00e1n, el Secretario de Bienestar Estudiantil, Sr. Fabi\u00e1n Ayarde, docentes, no docentes, egresados y p\u00fablico en general. En la ma\u00f1ana de hoy se llev\u00f3 a cabo el Acto Acad\u00e9mico de Colaci\u00f3n de Posgrado, Grado y [&hellip;]<\/p>\n","protected":false},"author":123512,"featured_media":27619,"comment_status":"closed","ping_status":"closed","sticky":false,"template":"","format":"standard","meta":[],"categories":[5],"tags":[],"_links":{"self":[{"href":"https:\/\/www.facet.unt.edu.ar\/facetinforma\/wp-json\/wp\/v2\/posts\/27618"}],"collection":[{"href":"https:\/\/www.facet.unt.edu.ar\/facetinforma\/wp-json\/wp\/v2\/posts"}],"about":[{"href":"https:\/\/www.facet.unt.edu.ar\/facetinforma\/wp-json\/wp\/v2\/types\/post"}],"author":[{"embeddable":true,"href":"https:\/\/www.facet.unt.edu.ar\/facetinforma\/wp-json\/wp\/v2\/users\/123512"}],"replies":[{"embeddable":true,"href":"https:\/\/www.facet.unt.edu.ar\/facetinforma\/wp-json\/wp\/v2\/comments?post=27618"}],"version-history":[{"count":12,"href":"https:\/\/www.facet.unt.edu.ar\/facetinforma\/wp-json\/wp\/v2\/posts\/27618\/revisions"}],"predecessor-version":[{"id":27638,"href":"https:\/\/www.facet.unt.edu.ar\/facetinforma\/wp-json\/wp\/v2\/posts\/27618\/revisions\/27638"}],"wp:featuredmedia":[{"embeddable":true,"href":"https:\/\/www.facet.unt.edu.ar\/facetinforma\/wp-json\/wp\/v2\/media\/27619"}],"wp:attachment":[{"href":"https:\/\/www.facet.unt.edu.ar\/facetinforma\/wp-json\/wp\/v2\/media?parent=27618"}],"wp:term":[{"taxonomy":"category","embeddable":true,"href":"https:\/\/www.facet.unt.edu.ar\/facetinforma\/wp-json\/wp\/v2\/categories?post=27618"},{"taxonomy":"post_tag","embeddable":true,"href":"https:\/\/www.facet.unt.edu.ar\/facetinforma\/wp-json\/wp\/v2\/tags?post=27618"}],"curies":[{"name":"wp","href":"https:\/\/api.w.org\/{rel}","templated":true}]}}