{"id":2767,"date":"2013-02-27T17:12:55","date_gmt":"2013-02-27T17:12:55","guid":{"rendered":"http:\/\/www1.herrera.unt.edu.ar\/facetinforma\/?p=2767"},"modified":"2013-02-27T17:12:55","modified_gmt":"2013-02-27T17:12:55","slug":"fundacion-ypf-convocatoria-al-nuevo-programa-de-becas-de-grado","status":"publish","type":"post","link":"https:\/\/www.facet.unt.edu.ar\/facetinforma\/2013\/02\/27\/fundacion-ypf-convocatoria-al-nuevo-programa-de-becas-de-grado\/","title":{"rendered":"Fundaci\u00f3n YPF- Convocatoria al nuevo programa de becas de grado"},"content":{"rendered":"<p style=\"text-align: justify\">La Fundaci\u00f3n YPF, en acuerdo con la Subsecretar\u00eda de Gesti\u00f3n y Coordinaci\u00f3n de Pol\u00edticas Universitarias y el Instituto Nacional de Educaci\u00f3n Tecnol\u00f3gica (INET), dependientes del Ministerio de Educaci\u00f3n de la Naci\u00f3n, abre la convocatoria a un nuevo programa de est\u00edmulo a la formaci\u00f3n superior. Se otorgar\u00e1n 100 becas de grado por concurso, destinadas al estudio de carreras vinculadas a la industria del petr\u00f3leo y del gas en Universidades p\u00fablicas de Argentina.<\/p>\n<p style=\"text-align: justify\">La convocatoria est\u00e1 dirigida a j\u00f3venes egresados de escuelas secundarias de modalidad t\u00e9cnica que acrediten un promedio general de 8 o m\u00e1s puntos, en la escala de 1 \u00e1 10. Los candidatos deber\u00e1n iniciar su carrera de grado en 2013 y haber finalizado sus estudios secundarios entre los a\u00f1os 2010 y 2012.<\/p>\n<p style=\"text-align: justify\">La beca consiste en un aporte de 12 cuotas mensuales de $ 1.300, con una duraci\u00f3n de un a\u00f1o y la posibilidad de ser renovada hasta un m\u00e1ximo de 5 a\u00f1os, de acuerdo al desempe\u00f1o y rendimiento acad\u00e9mico demostrado por cada estudiante.<!--more--><\/p>\n<p style=\"text-align: justify\"><strong>Los interesados deben completar el formulario on line ingresando <a href=\"http:\/\/www.fundacionypf.org.ar\/BecasFundacionYPF\/BecasGrado.aspx\">aqu\u00ed<\/a> y pueden hacerlo hasta el 15 de marzo de 2013, cuando cierra la inscripci\u00f3n.<\/strong><\/p>\n<p style=\"text-align: justify\">Esta convocatoria est\u00e1 dirigida exclusivamente a las siguientes disciplinas:<\/p>\n<p style=\"text-align: justify\"><strong>Ingenier\u00edas:<\/strong><\/p>\n<ul style=\"text-align: justify\">\n<li>Petr\u00f3leo<\/li>\n<li>Perforaciones<\/li>\n<li>El\u00e9ctrica\/Electricista<\/li>\n<li>Electr\u00f3nica<\/li>\n<li>Mec\u00e1nica<\/li>\n<li>Mecatr\u00f3nica<\/li>\n<li>Electromec\u00e1nica<\/li>\n<li>Qu\u00edmica<\/li>\n<li>Materiales<\/li>\n<li>Energ\u00eda<\/li>\n<li>Ambiental<\/li>\n<\/ul>\n<p style=\"text-align: justify\"><strong>Licenciaturas:<\/strong><\/p>\n<ul style=\"text-align: justify\">\n<li>Geolog\u00eda<\/li>\n<li>Geof\u00edsica<\/li>\n<li>Geoqu\u00edmica<\/li>\n<li>Geodesia<\/li>\n<li>Medio ambiente<\/li>\n<li>F\u00edsica<\/li>\n<li>Energ\u00e9tica<\/li>\n<\/ul>\n<p style=\"text-align: justify\"><a title=\"Condiciones\" href=\"http:\/\/www.fundacionypf.org.ar\/BecasFundacionYPF\/condiciones.pdf\">Condiciones<\/a><\/p>\n<p style=\"text-align: justify\">Este nuevo programa de becas, una iniciativa en conjunto con el Ministerio de Educaci\u00f3n de la Naci\u00f3n, se desarrolla en el marco del nuevo rumbo estrat\u00e9gico, educar para la energ\u00eda. El objetivo central es incrementar el ingreso, la permanencia y la graduaci\u00f3n de estudiantes en carreras consideradas estrat\u00e9gicas para el desarrollo productivo y tecnol\u00f3gico del pa\u00eds.<\/p>\n<p>&nbsp;<\/p>\n<div id=\"dc_vk_code\">\u00a0<\/div>\n","protected":false},"excerpt":{"rendered":"<p>La Fundaci\u00f3n YPF, en acuerdo con la Subsecretar\u00eda de Gesti\u00f3n y Coordinaci\u00f3n de Pol\u00edticas Universitarias y el Instituto Nacional de Educaci\u00f3n Tecnol\u00f3gica (INET), dependientes del Ministerio de Educaci\u00f3n de la Naci\u00f3n, abre la convocatoria a un nuevo programa de est\u00edmulo a la formaci\u00f3n superior. Se otorgar\u00e1n 100 becas de grado por concurso, destinadas al estudio [&hellip;]<\/p>\n","protected":false},"author":6,"featured_media":0,"comment_status":"closed","ping_status":"open","sticky":false,"template":"","format":"standard","meta":[],"categories":[3,5],"tags":[],"_links":{"self":[{"href":"https:\/\/www.facet.unt.edu.ar\/facetinforma\/wp-json\/wp\/v2\/posts\/2767"}],"collection":[{"href":"https:\/\/www.facet.unt.edu.ar\/facetinforma\/wp-json\/wp\/v2\/posts"}],"about":[{"href":"https:\/\/www.facet.unt.edu.ar\/facetinforma\/wp-json\/wp\/v2\/types\/post"}],"author":[{"embeddable":true,"href":"https:\/\/www.facet.unt.edu.ar\/facetinforma\/wp-json\/wp\/v2\/users\/6"}],"replies":[{"embeddable":true,"href":"https:\/\/www.facet.unt.edu.ar\/facetinforma\/wp-json\/wp\/v2\/comments?post=2767"}],"version-history":[{"count":0,"href":"https:\/\/www.facet.unt.edu.ar\/facetinforma\/wp-json\/wp\/v2\/posts\/2767\/revisions"}],"wp:attachment":[{"href":"https:\/\/www.facet.unt.edu.ar\/facetinforma\/wp-json\/wp\/v2\/media?parent=2767"}],"wp:term":[{"taxonomy":"category","embeddable":true,"href":"https:\/\/www.facet.unt.edu.ar\/facetinforma\/wp-json\/wp\/v2\/categories?post=2767"},{"taxonomy":"post_tag","embeddable":true,"href":"https:\/\/www.facet.unt.edu.ar\/facetinforma\/wp-json\/wp\/v2\/tags?post=2767"}],"curies":[{"name":"wp","href":"https:\/\/api.w.org\/{rel}","templated":true}]}}