{"id":27835,"date":"2024-09-19T18:48:16","date_gmt":"2024-09-19T21:48:16","guid":{"rendered":"https:\/\/www.facet.unt.edu.ar\/facetinforma\/?p=27835"},"modified":"2024-09-19T18:54:11","modified_gmt":"2024-09-19T21:54:11","slug":"acto-inaugural-del-encuentro-internacional-dialogos-sobre-el-agua","status":"publish","type":"post","link":"https:\/\/www.facet.unt.edu.ar\/facetinforma\/2024\/09\/19\/acto-inaugural-del-encuentro-internacional-dialogos-sobre-el-agua\/","title":{"rendered":"Acto Inaugural del Encuentro Internacional: Di\u00e1logos sobre el agua"},"content":{"rendered":"<div id=\"pl-27835\"  class=\"panel-layout\" ><div id=\"pg-27835-0\"  class=\"panel-grid panel-no-style\" ><div id=\"pgc-27835-0-0\"  class=\"panel-grid-cell\" ><div id=\"panel-27835-0-0-0\" class=\"so-panel widget widget_media_image panel-first-child panel-last-child\" data-index=\"0\" ><img width=\"1280\" height=\"1280\" src=\"https:\/\/www.facet.unt.edu.ar\/facetinforma\/wp-content\/uploads\/sites\/9\/2024\/09\/portada-ok.jpg\" class=\"image wp-image-27837  attachment-full size-full\" alt=\"\" decoding=\"async\" loading=\"lazy\" style=\"max-width: 100%; height: auto;\" \/><\/div><\/div><div id=\"pgc-27835-0-1\"  class=\"panel-grid-cell\" ><div id=\"panel-27835-0-1-0\" class=\"so-panel widget widget_sow-editor panel-first-child\" data-index=\"1\" ><div\n\t\t\t\n\t\t\tclass=\"so-widget-sow-editor so-widget-sow-editor-base\"\n\t\t\t\n\t\t>\n<div class=\"siteorigin-widget-tinymce textwidget\">\n\t<p><span style=\"font-weight: 400;\">En la ma\u00f1ana de hoy en el Anfiteatro de Luminotecnia de la Facultad de Ciencias Exactas y Tecnolog\u00eda de la UNT, se llev\u00f3 a cabo el acto inaugural del Encuentro Internacional\u00a0 Di\u00e1logos sobre el agua: buena gobernanza, alianzas y cooperaci\u00f3n.\u00a0<\/span><\/p>\n<p><span style=\"font-weight: 400;\">Presenciaron la mesa de honor\u00a0 el Rector de la UNT, Ing. Sergio Pagani, la Vicerrectora, Dra. Mercedes Leal, el Decano de la FACET, Dr. Miguel \u00c1ngel Cabrera, el Secretario de Posgrado, Investigaci\u00f3n e Innovaci\u00f3n, Dr. Nicol\u00e1s Nieva, la Secretaria de Estado de Relaciones Internacionales y Empresariales de la provincia, Dra. Virginia \u00c1vila y la\u00a0 Dra. Michela Miletto, coordinadora del Programa Mundial de Evaluaci\u00f3n de los Recursos H\u00eddricos de la Organizaci\u00f3n de las Naciones Unidas para la Educaci\u00f3n, la Ciencia y la Cultura (UNESCO) y Directora de la Oficina del Programa de Evaluaci\u00f3n Mundial de los Recursos H\u00eddricos.\u00a0\u00a0<\/span><\/p>\n<p><span style=\"font-weight: 400;\">Tambi\u00e9n estuvieron autoridades de la UNT, del gobierno de la provincia, especialistas en la tem\u00e1tica y p\u00fablico en general.<\/span><\/p>\n<p><span style=\"font-weight: 400;\">El acto inici\u00f3 con palabras alusivas de la Coordinadora de este evento, la Dra. Liliana Abascal, sigui\u00f3 nuestro Decano, Dr. Miguel \u00c1ngel Cabrera, continu\u00f3 la Dra. Virginia \u00c1vila y finaliz\u00f3 el Rector Ing. Jos\u00e9 Pagani, quien destac\u00f3 y felicit\u00f3 a nuestro Decano y todo su equipo, por organizar un evento de tal relevancia.<\/span><\/p>\n<p><span style=\"font-weight: 400;\">Para seguir con el programa la Dra. Michela Miletto present\u00f3 su Conferencia \u201cAlianzas y Cooperaci\u00f3n sobre el Agua, generadores de prosperidad y promotores de Paz\u201d\u00a0<\/span><\/p>\n<p><span style=\"font-weight: 400;\">Luego de un Coffe Break, se prosigui\u00f3 a la mesa panel \u201cUnidos por el Agua\u201d moderada por los Ingenieros Leandro D\u00edaz y An\u00edbal Comba, en donde\u00a0 disertaron:\u00a0<\/span><\/p>\n<ul>\n<li style=\"font-weight: 400;\" aria-level=\"1\"><span style=\"font-weight: 400;\">Ignacio Enr\u00edquez, Director de Pol\u00edtica H\u00eddrica y Coordinaci\u00f3n Federal de la Naci\u00f3n y Secretario Ejecutivo del Consejo H\u00eddrico Federal (COHIFE)<\/span><\/li>\n<li style=\"font-weight: 400;\" aria-level=\"1\"><span style=\"font-weight: 400;\">Ana Mugetti, Foro Argentino del Agua (FADA), Global Water Partnership Argentina<\/span><\/li>\n<li style=\"font-weight: 400;\" aria-level=\"1\"><span style=\"font-weight: 400;\">Mar\u00eda E. Vargas Zambrano, coordinadora de la Comisi\u00f3n de Agua y G\u00e9nero del COHIFE<\/span><\/li>\n<li style=\"font-weight: 400;\" aria-level=\"1\"><span style=\"font-weight: 400;\">Marcelo Caponio, Presidente del Directorio de Sociedad Aguas del Tucum\u00e1n, SAT<\/span><\/li>\n<li style=\"font-weight: 400;\" aria-level=\"1\"><span style=\"font-weight: 400;\">Rodrigo Ord\u00f3\u00f1ez, Fundaci\u00f3n ProYungas<\/span><\/li>\n<li style=\"font-weight: 400;\" aria-level=\"1\"><span style=\"font-weight: 400;\">Ing. Eduardo Martel Vicedecano de la FACET\u00a0<\/span><\/li>\n<\/ul>\n<p><span style=\"font-weight: 400;\">Y para finalizar la primera jornada de este encuentro, se desarrollaron tres mesas de di\u00e1logo:<\/span><\/p>\n<p><span style=\"font-weight: 400;\">MESA A: INSTRUMENTOS FINANCIEROS Y PROYECTOS DE DESARROLLO<\/span><\/p>\n<p><span style=\"font-weight: 400;\">Conocer y evaluar diferentes fuentes de financiamiento, desde fondos <\/span><span style=\"font-weight: 400;\">gubernamentales y pr\u00e9stamos internacionales hasta alianzas p\u00fablico-privadas y <\/span><span style=\"font-weight: 400;\">esquemas innovadores de inversi\u00f3n social.<\/span><\/p>\n<p><span style=\"font-weight: 400;\">Coordinan: Andrea Merla, Michela Miletto, Liliana Abascal<\/span><\/p>\n<p><span style=\"font-weight: 400;\">Moderan: David Aguirre, An\u00edbal Comba<\/span><\/p>\n<p><span style=\"font-weight: 400;\">MESA B: GOBERNANZA Y SOCIEDAD<\/span><\/p>\n<p><span style=\"font-weight: 400;\">Analizar la interacci\u00f3n entre las pol\u00edticas p\u00fablicas, la participaci\u00f3n ciudadana y la <\/span><span style=\"font-weight: 400;\">sostenibilidad de los recursos h\u00eddricos, promoviendo un enfoque integrador que <\/span><span style=\"font-weight: 400;\">considere aspectos t\u00e9cnicos, ambientales y sociales en la gesti\u00f3n del agua.<\/span><\/p>\n<p><span style=\"font-weight: 400;\">Coordinan: Juan M. Prado Iratchet, \u00c1lvaro Bravo<\/span><\/p>\n<p><span style=\"font-weight: 400;\">Moderan: Florencia Nanni, Gustavo Gerbasoni, Daniel Valde\u00f3n<\/span><\/p>\n<p><span style=\"font-weight: 400;\">MESA C: TECNOLOG\u00cdA, INNOVACI\u00d3N Y CAMBIO CLIM\u00c1TICO<\/span><\/p>\n<p><span style=\"font-weight: 400;\">Fomentar la colaboraci\u00f3n interdisciplinaria y la creaci\u00f3n de alianzas entre sectores <\/span><span style=\"font-weight: 400;\">para promover proyectos que integren tecnolog\u00eda y sostenibilidad en la gesti\u00f3n del <\/span><span style=\"font-weight: 400;\">agua, asegurando su disponibilidad para futuras generaciones en un contexto de <\/span><span style=\"font-weight: 400;\">cambio clim\u00e1tico<\/span><\/p>\n<p><span style=\"font-weight: 400;\">Coordina: Flavia Bazzano<\/span><\/p>\n<p><span style=\"font-weight: 400;\">Moderan: Adolfo M. \u00c1vila, Paula Araujo, Ana El\u00edas.<\/span><\/p>\n<\/div>\n<\/div><\/div><div id=\"panel-27835-0-1-1\" class=\"so-panel widget widget_sow-slider panel-last-child\" data-index=\"2\" ><div\n\t\t\t\n\t\t\tclass=\"so-widget-sow-slider so-widget-sow-slider-default-53fd0f98de19-27835\"\n\t\t\t\n\t\t><div class=\"sow-slider-base\" style=\"display: none\"><ul\n\t\t\t\t\tclass=\"sow-slider-images\"\n\t\t\t\t\tdata-settings=\"{&quot;pagination&quot;:true,&quot;speed&quot;:800,&quot;timeout&quot;:8000,&quot;paused&quot;:false,&quot;pause_on_hover&quot;:false,&quot;swipe&quot;:true,&quot;nav_always_show_desktop&quot;:&quot;&quot;,&quot;nav_always_show_mobile&quot;:&quot;&quot;,&quot;breakpoint&quot;:&quot;780px&quot;,&quot;unmute&quot;:false,&quot;anchor&quot;:null}\"\n\t\t\t\t\t\t\t\t\t\tdata-anchor-id=\"\"\n\t\t\t\t>\t\t<li class=\"sow-slider-image  sow-slider-image-cover\" style=\"visibility: visible;;background-image: url(https:\/\/www.facet.unt.edu.ar\/facetinforma\/wp-content\/uploads\/sites\/9\/2024\/09\/WhatsApp-Image-2024-09-19-at-6.27.37-PM.jpeg)\" >\n\t\t\t\t\t\t\t\t\t<img width=\"960\" height=\"1280\" src=\"https:\/\/www.facet.unt.edu.ar\/facetinforma\/wp-content\/uploads\/sites\/9\/2024\/09\/WhatsApp-Image-2024-09-19-at-6.27.37-PM.jpeg\" class=\"sow-slider-background-image skip-lazy\" alt=\"\" decoding=\"async\" loading=\"eager\" \/>\t\t\t\t\t\t\t\t<\/li>\n\t\t\t\t<li class=\"sow-slider-image  sow-slider-image-cover\" style=\"visibility: hidden;;background-image: url(https:\/\/www.facet.unt.edu.ar\/facetinforma\/wp-content\/uploads\/sites\/9\/2024\/09\/WhatsApp-Image-2024-09-19-at-6.27.38-PM.jpeg)\" >\n\t\t\t\t\t\t\t\t\t<img width=\"960\" height=\"1280\" src=\"https:\/\/www.facet.unt.edu.ar\/facetinforma\/wp-content\/uploads\/sites\/9\/2024\/09\/WhatsApp-Image-2024-09-19-at-6.27.38-PM.jpeg\" class=\"sow-slider-background-image skip-lazy\" alt=\"\" decoding=\"async\" loading=\"eager\" \/>\t\t\t\t\t\t\t\t<\/li>\n\t\t\t\t<li class=\"sow-slider-image  sow-slider-image-cover\" style=\"visibility: hidden;;background-image: url(https:\/\/www.facet.unt.edu.ar\/facetinforma\/wp-content\/uploads\/sites\/9\/2024\/09\/WhatsApp-Image-2024-09-19-at-6.27.38-PM-1.jpeg)\" >\n\t\t\t\t\t\t\t\t\t<img width=\"960\" height=\"1280\" src=\"https:\/\/www.facet.unt.edu.ar\/facetinforma\/wp-content\/uploads\/sites\/9\/2024\/09\/WhatsApp-Image-2024-09-19-at-6.27.38-PM-1.jpeg\" class=\"sow-slider-background-image skip-lazy\" alt=\"\" decoding=\"async\" loading=\"eager\" \/>\t\t\t\t\t\t\t\t<\/li>\n\t\t\t\t<li class=\"sow-slider-image  sow-slider-image-cover\" style=\"visibility: hidden;;background-image: url(https:\/\/www.facet.unt.edu.ar\/facetinforma\/wp-content\/uploads\/sites\/9\/2024\/09\/WhatsApp-Image-2024-09-19-at-6.27.38-PM-2-1.jpeg)\" >\n\t\t\t\t\t\t\t\t\t<img width=\"960\" height=\"1280\" src=\"https:\/\/www.facet.unt.edu.ar\/facetinforma\/wp-content\/uploads\/sites\/9\/2024\/09\/WhatsApp-Image-2024-09-19-at-6.27.38-PM-2-1.jpeg\" class=\"sow-slider-background-image skip-lazy\" alt=\"\" decoding=\"async\" loading=\"eager\" \/>\t\t\t\t\t\t\t\t<\/li>\n\t\t\t\t<li class=\"sow-slider-image  sow-slider-image-cover\" style=\"visibility: hidden;;background-image: url(https:\/\/www.facet.unt.edu.ar\/facetinforma\/wp-content\/uploads\/sites\/9\/2024\/09\/WhatsApp-Image-2024-09-19-at-6.27.39-PM.jpeg)\" >\n\t\t\t\t\t\t\t\t\t<img width=\"720\" height=\"1280\" src=\"https:\/\/www.facet.unt.edu.ar\/facetinforma\/wp-content\/uploads\/sites\/9\/2024\/09\/WhatsApp-Image-2024-09-19-at-6.27.39-PM.jpeg\" class=\"sow-slider-background-image skip-lazy\" alt=\"\" decoding=\"async\" loading=\"eager\" \/>\t\t\t\t\t\t\t\t<\/li>\n\t\t\t\t<li class=\"sow-slider-image  sow-slider-image-cover\" style=\"visibility: hidden;;background-image: url(https:\/\/www.facet.unt.edu.ar\/facetinforma\/wp-content\/uploads\/sites\/9\/2024\/09\/WhatsApp-Image-2024-09-19-at-6.27.39-PM-1.jpeg)\" >\n\t\t\t\t\t\t\t\t\t<img width=\"960\" height=\"1280\" src=\"https:\/\/www.facet.unt.edu.ar\/facetinforma\/wp-content\/uploads\/sites\/9\/2024\/09\/WhatsApp-Image-2024-09-19-at-6.27.39-PM-1.jpeg\" class=\"sow-slider-background-image skip-lazy\" alt=\"\" decoding=\"async\" loading=\"eager\" \/>\t\t\t\t\t\t\t\t<\/li>\n\t\t\t\t<li class=\"sow-slider-image  sow-slider-image-cover\" style=\"visibility: hidden;;background-image: url(https:\/\/www.facet.unt.edu.ar\/facetinforma\/wp-content\/uploads\/sites\/9\/2024\/09\/WhatsApp-Image-2024-09-19-at-6.27.40-PM.jpeg)\" >\n\t\t\t\t\t\t\t\t\t<img width=\"720\" height=\"1280\" src=\"https:\/\/www.facet.unt.edu.ar\/facetinforma\/wp-content\/uploads\/sites\/9\/2024\/09\/WhatsApp-Image-2024-09-19-at-6.27.40-PM.jpeg\" class=\"sow-slider-background-image skip-lazy\" alt=\"\" decoding=\"async\" loading=\"eager\" \/>\t\t\t\t\t\t\t\t<\/li>\n\t\t\t\t<li class=\"sow-slider-image  sow-slider-image-cover\" style=\"visibility: hidden;;background-image: url(https:\/\/www.facet.unt.edu.ar\/facetinforma\/wp-content\/uploads\/sites\/9\/2024\/09\/WhatsApp-Image-2024-09-19-at-6.27.40-PM-1.jpeg)\" >\n\t\t\t\t\t\t\t\t\t<img width=\"960\" height=\"1280\" src=\"https:\/\/www.facet.unt.edu.ar\/facetinforma\/wp-content\/uploads\/sites\/9\/2024\/09\/WhatsApp-Image-2024-09-19-at-6.27.40-PM-1.jpeg\" class=\"sow-slider-background-image skip-lazy\" alt=\"\" decoding=\"async\" loading=\"eager\" \/>\t\t\t\t\t\t\t\t<\/li>\n\t\t\t\t<li class=\"sow-slider-image  sow-slider-image-cover\" style=\"visibility: hidden;;background-image: url(https:\/\/www.facet.unt.edu.ar\/facetinforma\/wp-content\/uploads\/sites\/9\/2024\/09\/WhatsApp-Image-2024-09-19-at-6.27.40-PM-2.jpeg)\" >\n\t\t\t\t\t\t\t\t\t<img width=\"960\" height=\"1280\" src=\"https:\/\/www.facet.unt.edu.ar\/facetinforma\/wp-content\/uploads\/sites\/9\/2024\/09\/WhatsApp-Image-2024-09-19-at-6.27.40-PM-2.jpeg\" class=\"sow-slider-background-image skip-lazy\" alt=\"\" decoding=\"async\" loading=\"eager\" \/>\t\t\t\t\t\t\t\t<\/li>\n\t\t\t\t<li class=\"sow-slider-image  sow-slider-image-cover\" style=\"visibility: hidden;;background-image: url(https:\/\/www.facet.unt.edu.ar\/facetinforma\/wp-content\/uploads\/sites\/9\/2024\/09\/WhatsApp-Image-2024-09-19-at-6.27.41-PM.jpeg)\" >\n\t\t\t\t\t\t\t\t\t<img width=\"720\" height=\"1280\" src=\"https:\/\/www.facet.unt.edu.ar\/facetinforma\/wp-content\/uploads\/sites\/9\/2024\/09\/WhatsApp-Image-2024-09-19-at-6.27.41-PM.jpeg\" class=\"sow-slider-background-image skip-lazy\" alt=\"\" decoding=\"async\" loading=\"eager\" \/>\t\t\t\t\t\t\t\t<\/li>\n\t\t\t\t<li class=\"sow-slider-image  sow-slider-image-cover\" style=\"visibility: hidden;;background-image: url(https:\/\/www.facet.unt.edu.ar\/facetinforma\/wp-content\/uploads\/sites\/9\/2024\/09\/WhatsApp-Image-2024-09-19-at-6.27.41-PM-1.jpeg)\" >\n\t\t\t\t\t\t\t\t\t<img width=\"1280\" height=\"1280\" src=\"https:\/\/www.facet.unt.edu.ar\/facetinforma\/wp-content\/uploads\/sites\/9\/2024\/09\/WhatsApp-Image-2024-09-19-at-6.27.41-PM-1.jpeg\" class=\"sow-slider-background-image skip-lazy\" alt=\"\" decoding=\"async\" loading=\"eager\" \/>\t\t\t\t\t\t\t\t<\/li>\n\t\t\t\t<li class=\"sow-slider-image  sow-slider-image-cover\" style=\"visibility: hidden;;background-image: url(https:\/\/www.facet.unt.edu.ar\/facetinforma\/wp-content\/uploads\/sites\/9\/2024\/09\/WhatsApp-Image-2024-09-19-at-6.27.42-PM.jpeg)\" >\n\t\t\t\t\t\t\t\t\t<img width=\"720\" height=\"1280\" src=\"https:\/\/www.facet.unt.edu.ar\/facetinforma\/wp-content\/uploads\/sites\/9\/2024\/09\/WhatsApp-Image-2024-09-19-at-6.27.42-PM.jpeg\" class=\"sow-slider-background-image skip-lazy\" alt=\"\" decoding=\"async\" loading=\"eager\" \/>\t\t\t\t\t\t\t\t<\/li>\n\t\t<\/ul>\t\t\t\t<ol class=\"sow-slider-pagination\">\n\t\t\t\t\t\t\t\t\t\t\t<li><a href=\"#\" data-goto=\"0\" aria-label=\"mostrar diapositiva 1\"><\/a><\/li>\n\t\t\t\t\t\t\t\t\t\t\t<li><a href=\"#\" data-goto=\"1\" aria-label=\"mostrar diapositiva 2\"><\/a><\/li>\n\t\t\t\t\t\t\t\t\t\t\t<li><a href=\"#\" data-goto=\"2\" aria-label=\"mostrar diapositiva 3\"><\/a><\/li>\n\t\t\t\t\t\t\t\t\t\t\t<li><a href=\"#\" data-goto=\"3\" aria-label=\"mostrar diapositiva 4\"><\/a><\/li>\n\t\t\t\t\t\t\t\t\t\t\t<li><a href=\"#\" data-goto=\"4\" aria-label=\"mostrar diapositiva 5\"><\/a><\/li>\n\t\t\t\t\t\t\t\t\t\t\t<li><a href=\"#\" data-goto=\"5\" aria-label=\"mostrar diapositiva 6\"><\/a><\/li>\n\t\t\t\t\t\t\t\t\t\t\t<li><a href=\"#\" data-goto=\"6\" aria-label=\"mostrar diapositiva 7\"><\/a><\/li>\n\t\t\t\t\t\t\t\t\t\t\t<li><a href=\"#\" data-goto=\"7\" aria-label=\"mostrar diapositiva 8\"><\/a><\/li>\n\t\t\t\t\t\t\t\t\t\t\t<li><a href=\"#\" data-goto=\"8\" aria-label=\"mostrar diapositiva 9\"><\/a><\/li>\n\t\t\t\t\t\t\t\t\t\t\t<li><a href=\"#\" data-goto=\"9\" aria-label=\"mostrar diapositiva 10\"><\/a><\/li>\n\t\t\t\t\t\t\t\t\t\t\t<li><a href=\"#\" data-goto=\"10\" aria-label=\"mostrar diapositiva 11\"><\/a><\/li>\n\t\t\t\t\t\t\t\t\t\t\t<li><a href=\"#\" data-goto=\"11\" aria-label=\"mostrar diapositiva 12\"><\/a><\/li>\n\t\t\t\t\t\t\t\t\t<\/ol>\n\n\t\t\t\t<div class=\"sow-slide-nav sow-slide-nav-next\">\n\t\t\t\t\t<a href=\"#\" data-goto=\"next\" aria-label=\"diapositiva siguiente\" data-action=\"next\">\n\t\t\t\t\t\t<em class=\"sow-sld-icon-thin-right\"><\/em>\n\t\t\t\t\t<\/a>\n\t\t\t\t<\/div>\n\n\t\t\t\t<div class=\"sow-slide-nav sow-slide-nav-prev\">\n\t\t\t\t\t<a href=\"#\" data-goto=\"previous\" aria-label=\"diapositiva anterior\" data-action=\"prev\">\n\t\t\t\t\t\t<em class=\"sow-sld-icon-thin-left\"><\/em>\n\t\t\t\t\t<\/a>\n\t\t\t\t<\/div>\n\t\t\t\t<\/div><\/div><\/div><\/div><\/div><\/div>","protected":false},"excerpt":{"rendered":"<p>En la ma\u00f1ana de hoy en el Anfiteatro de Luminotecnia de la Facultad de Ciencias Exactas y Tecnolog\u00eda de la UNT, se llev\u00f3 a cabo el acto inaugural del Encuentro Internacional\u00a0 Di\u00e1logos sobre el agua: buena gobernanza, alianzas y cooperaci\u00f3n.\u00a0 Presenciaron la mesa de honor\u00a0 el Rector de la UNT, Ing. Sergio Pagani, la Vicerrectora, [&hellip;]<\/p>\n","protected":false},"author":123512,"featured_media":27837,"comment_status":"closed","ping_status":"closed","sticky":false,"template":"","format":"standard","meta":[],"categories":[26,5,24,4],"tags":[],"_links":{"self":[{"href":"https:\/\/www.facet.unt.edu.ar\/facetinforma\/wp-json\/wp\/v2\/posts\/27835"}],"collection":[{"href":"https:\/\/www.facet.unt.edu.ar\/facetinforma\/wp-json\/wp\/v2\/posts"}],"about":[{"href":"https:\/\/www.facet.unt.edu.ar\/facetinforma\/wp-json\/wp\/v2\/types\/post"}],"author":[{"embeddable":true,"href":"https:\/\/www.facet.unt.edu.ar\/facetinforma\/wp-json\/wp\/v2\/users\/123512"}],"replies":[{"embeddable":true,"href":"https:\/\/www.facet.unt.edu.ar\/facetinforma\/wp-json\/wp\/v2\/comments?post=27835"}],"version-history":[{"count":10,"href":"https:\/\/www.facet.unt.edu.ar\/facetinforma\/wp-json\/wp\/v2\/posts\/27835\/revisions"}],"predecessor-version":[{"id":27859,"href":"https:\/\/www.facet.unt.edu.ar\/facetinforma\/wp-json\/wp\/v2\/posts\/27835\/revisions\/27859"}],"wp:featuredmedia":[{"embeddable":true,"href":"https:\/\/www.facet.unt.edu.ar\/facetinforma\/wp-json\/wp\/v2\/media\/27837"}],"wp:attachment":[{"href":"https:\/\/www.facet.unt.edu.ar\/facetinforma\/wp-json\/wp\/v2\/media?parent=27835"}],"wp:term":[{"taxonomy":"category","embeddable":true,"href":"https:\/\/www.facet.unt.edu.ar\/facetinforma\/wp-json\/wp\/v2\/categories?post=27835"},{"taxonomy":"post_tag","embeddable":true,"href":"https:\/\/www.facet.unt.edu.ar\/facetinforma\/wp-json\/wp\/v2\/tags?post=27835"}],"curies":[{"name":"wp","href":"https:\/\/api.w.org\/{rel}","templated":true}]}}