{"id":27933,"date":"2024-10-02T08:14:26","date_gmt":"2024-10-02T11:14:26","guid":{"rendered":"https:\/\/www.facet.unt.edu.ar\/facetinforma\/?p=27933"},"modified":"2024-10-02T08:14:32","modified_gmt":"2024-10-02T11:14:32","slug":"la-facet-formara-parte-del-proyecto-de-ley-sobre-seguridad-electrica","status":"publish","type":"post","link":"https:\/\/www.facet.unt.edu.ar\/facetinforma\/2024\/10\/02\/la-facet-formara-parte-del-proyecto-de-ley-sobre-seguridad-electrica\/","title":{"rendered":"La FACET formar\u00e1 parte del Proyecto de Ley sobre Seguridad El\u00e9ctrica"},"content":{"rendered":"<div id=\"pl-27933\"  class=\"panel-layout\" ><div id=\"pg-27933-0\"  class=\"panel-grid panel-no-style\" ><div id=\"pgc-27933-0-0\"  class=\"panel-grid-cell\" ><div id=\"panel-27933-0-0-0\" class=\"so-panel widget widget_media_image panel-first-child panel-last-child\" data-index=\"0\" ><img width=\"1080\" height=\"1080\" src=\"https:\/\/www.facet.unt.edu.ar\/facetinforma\/wp-content\/uploads\/sites\/9\/2024\/10\/DISENOS-2024-2.png\" class=\"image wp-image-27934  attachment-full size-full\" alt=\"\" decoding=\"async\" loading=\"lazy\" style=\"max-width: 100%; height: auto;\" \/><\/div><\/div><div id=\"pgc-27933-0-1\"  class=\"panel-grid-cell\" ><div id=\"panel-27933-0-1-0\" class=\"so-panel widget widget_sow-editor panel-first-child panel-last-child\" data-index=\"1\" ><div\n\t\t\t\n\t\t\tclass=\"so-widget-sow-editor so-widget-sow-editor-base\"\n\t\t\t\n\t\t>\n<div class=\"siteorigin-widget-tinymce textwidget\">\n\t<p><span style=\"font-weight: 400;\">El Consejo Profesional de la Ingenier\u00eda El\u00e9ctrica (COPIT) present\u00f3 un proyecto de ley sobre seguridad el\u00e9ctrica. Surge de la necesidad de encontrar soluciones al escenario de inseguridad el\u00e9ctrica en instalaciones de baja tensi\u00f3n, ya sea de \u00edndole p\u00fablica o privada, en sectores dom\u00e9sticos y\/o comercios peque\u00f1os, debido a la falta de legislaci\u00f3n, regulaci\u00f3n y control estatal.<\/span><\/p>\n<p><span style=\"font-weight: 400;\">La presentaci\u00f3n fue impulsada por la legisladora Carolina Vargas Aignasse y cont\u00f3 con la participaci\u00f3n del presidente del COPIT, Omar Abraham; el rector de la UNT, Sergio Pagani; el Decano de la FACET, Dr.Miguel \u00c1ngel Cabrera; el Decano de la Universidad Tecnol\u00f3gica, Ing. Rub\u00e9n Egea; y el vicepresidente del colegio de ingenieros de Jujuy, N\u00e9stor Aguirre. Asimismo, estuvieron presentes los parlamentarios Alberto Olea (presidente de la Comisi\u00f3n de Energ\u00eda y Comunicaciones) y Gabriel Yedlin (presidente de la Comisi\u00f3n de Salud).<\/span><\/p>\n<p><span style=\"font-weight: 400;\">La Legislatura de Tucum\u00e1n fue sede del encuentro que tiene como prop\u00f3sito crear un registro de instalaciones y regular la labor profesional de los instaladores electricistas e instaladores fotovoltaicos, para difundir el alcance profesional de los t\u00edtulos y certificados de estudio en todos los niveles, tanto formales como no formales.<\/span><\/p>\n<p><span style=\"font-weight: 400;\">En rueda de prensa, la legisladora Carolina Vargas Aignasse sostuvo: \u201cEste proyecto es un trabajo en conjunto con el Colegio de Ingenieros, las universidades, tanto Nacional como Tecnol\u00f3gica, y la Legislatura para instaurar la seguridad el\u00e9ctrica en Tucum\u00e1n, algo que tambi\u00e9n se est\u00e1 trabajando en el Parlamento del Norte Grande para que todas las provincias tengan una normativa similar. Se busca que en las nuevas construcciones y en las ya existentes se garantice el control de quienes realizan los trabajos\".<\/span><\/p>\n<p><span style=\"font-weight: 400;\">Por su parte, el Ing. Sergio Pagani dijo que \"como Universidad venimos a apoyar esta iniciativa y poner a disposici\u00f3n nuestro recurso humano a trav\u00e9s de la Facultad de Ciencias Exactas y Tecnolog\u00eda, para lo que entendemos que servir\u00e1 en el desarrollo de la seguridad el\u00e9ctrica de todos los tucumanos\", enfatiz\u00f3.<\/span><\/p>\n<p><span style=\"font-weight: 400;\">Nuestra FACET, ser\u00e1 quien capacite y brinde todos los conocimientos necesarios a los t\u00e9cnicos involucrados en el proyecto.<\/span><\/p>\n<p>&nbsp;<\/p>\n<\/div>\n<\/div><\/div><\/div><\/div><\/div>","protected":false},"excerpt":{"rendered":"<p>El Consejo Profesional de la Ingenier\u00eda El\u00e9ctrica (COPIT) present\u00f3 un proyecto de ley sobre seguridad el\u00e9ctrica. Surge de la necesidad de encontrar soluciones al escenario de inseguridad el\u00e9ctrica en instalaciones de baja tensi\u00f3n, ya sea de \u00edndole p\u00fablica o privada, en sectores dom\u00e9sticos y\/o comercios peque\u00f1os, debido a la falta de legislaci\u00f3n, regulaci\u00f3n y control [&hellip;]<\/p>\n","protected":false},"author":123512,"featured_media":27934,"comment_status":"closed","ping_status":"closed","sticky":false,"template":"","format":"standard","meta":[],"categories":[5],"tags":[],"_links":{"self":[{"href":"https:\/\/www.facet.unt.edu.ar\/facetinforma\/wp-json\/wp\/v2\/posts\/27933"}],"collection":[{"href":"https:\/\/www.facet.unt.edu.ar\/facetinforma\/wp-json\/wp\/v2\/posts"}],"about":[{"href":"https:\/\/www.facet.unt.edu.ar\/facetinforma\/wp-json\/wp\/v2\/types\/post"}],"author":[{"embeddable":true,"href":"https:\/\/www.facet.unt.edu.ar\/facetinforma\/wp-json\/wp\/v2\/users\/123512"}],"replies":[{"embeddable":true,"href":"https:\/\/www.facet.unt.edu.ar\/facetinforma\/wp-json\/wp\/v2\/comments?post=27933"}],"version-history":[{"count":6,"href":"https:\/\/www.facet.unt.edu.ar\/facetinforma\/wp-json\/wp\/v2\/posts\/27933\/revisions"}],"predecessor-version":[{"id":27940,"href":"https:\/\/www.facet.unt.edu.ar\/facetinforma\/wp-json\/wp\/v2\/posts\/27933\/revisions\/27940"}],"wp:featuredmedia":[{"embeddable":true,"href":"https:\/\/www.facet.unt.edu.ar\/facetinforma\/wp-json\/wp\/v2\/media\/27934"}],"wp:attachment":[{"href":"https:\/\/www.facet.unt.edu.ar\/facetinforma\/wp-json\/wp\/v2\/media?parent=27933"}],"wp:term":[{"taxonomy":"category","embeddable":true,"href":"https:\/\/www.facet.unt.edu.ar\/facetinforma\/wp-json\/wp\/v2\/categories?post=27933"},{"taxonomy":"post_tag","embeddable":true,"href":"https:\/\/www.facet.unt.edu.ar\/facetinforma\/wp-json\/wp\/v2\/tags?post=27933"}],"curies":[{"name":"wp","href":"https:\/\/api.w.org\/{rel}","templated":true}]}}