{"id":27994,"date":"2024-10-07T09:14:33","date_gmt":"2024-10-07T12:14:33","guid":{"rendered":"https:\/\/www.facet.unt.edu.ar\/facetinforma\/?p=27994"},"modified":"2024-10-07T09:14:34","modified_gmt":"2024-10-07T12:14:34","slug":"primero-premio-para-estudiantes-de-ingenieria-civil-de-la-facet","status":"publish","type":"post","link":"https:\/\/www.facet.unt.edu.ar\/facetinforma\/2024\/10\/07\/primero-premio-para-estudiantes-de-ingenieria-civil-de-la-facet\/","title":{"rendered":"Primero premio para estudiantes de Ingenier\u00eda Civil de la FACET"},"content":{"rendered":"<div id=\"pl-27994\"  class=\"panel-layout\" ><div id=\"pg-27994-0\"  class=\"panel-grid panel-no-style\" ><div id=\"pgc-27994-0-0\"  class=\"panel-grid-cell\" ><div id=\"panel-27994-0-0-0\" class=\"so-panel widget widget_media_image panel-first-child panel-last-child\" data-index=\"0\" ><img width=\"1080\" height=\"1080\" src=\"https:\/\/www.facet.unt.edu.ar\/facetinforma\/wp-content\/uploads\/sites\/9\/2024\/10\/FLYER-BASE-ORGULLO-1.png\" class=\"image wp-image-27995  attachment-full size-full\" alt=\"\" decoding=\"async\" loading=\"lazy\" style=\"max-width: 100%; height: auto;\" \/><\/div><\/div><div id=\"pgc-27994-0-1\"  class=\"panel-grid-cell\" ><div id=\"panel-27994-0-1-0\" class=\"so-panel widget widget_sow-editor panel-first-child panel-last-child\" data-index=\"1\" ><div\n\t\t\t\n\t\t\tclass=\"so-widget-sow-editor so-widget-sow-editor-base\"\n\t\t\t\n\t\t>\n<div class=\"siteorigin-widget-tinymce textwidget\">\n\t<p><span style=\"font-weight: 400;\">El Departamento de Construcciones y Obras Civiles de la FACET\u00a0 informa:<\/span><\/p>\n<p><span style=\"font-weight: 400;\">Los estudiantes de Ingenier\u00eda Civil de la FACET, asistieron y participaron en el Congreso de Estudiantes de Ingenier\u00eda Civil CONEIC XVI, que cada a\u00f1o se realiza en la Rep\u00fablica Argentina, en esta oportunidad la sede fue Rosario, Santa Fe<\/span><\/p>\n<p><span style=\"font-weight: 400;\">Durante el transcurso del Congreso se realiz\u00f3 un concurso \u201cDesafio de Barreras\u201d auspiciado por la empresa Maccaferri, especialista en la construcci\u00f3n de barreras de contenci\u00f3n.<\/span><\/p>\n<p><span style=\"font-weight: 400;\">El grupo N\u00ba6, formado por los alumnos Brodersen, \u00c1lvaro Ramiro; Gonz\u00e1lez, Ulises Santiago; Juri, Mar\u00eda del Pilar y Rotger, Luc\u00eda Nicole de la carrera de Ingenier\u00eda Civil, representando a nuestra Facultad, presentaron el trabajo \u201cDise\u00f1o de Barrera de Rocas\u201d, obteniendo el primer premio de este desaf\u00edo.\u00a0 Fueron orientados por los profesores Dr. Ing. Abel Jacinto e Ing. Pablo Karamaneff.<\/span><\/p>\n<p><span style=\"font-weight: 400;\">\u00a1Felicidades, son Orgullo FACET!\u00a0<\/span><\/p>\n<p>&nbsp;<\/p>\n<\/div>\n<\/div><\/div><\/div><\/div><\/div>","protected":false},"excerpt":{"rendered":"<p>El Departamento de Construcciones y Obras Civiles de la FACET\u00a0 informa: Los estudiantes de Ingenier\u00eda Civil de la FACET, asistieron y participaron en el Congreso de Estudiantes de Ingenier\u00eda Civil CONEIC XVI, que cada a\u00f1o se realiza en la Rep\u00fablica Argentina, en esta oportunidad la sede fue Rosario, Santa Fe Durante el transcurso del Congreso [&hellip;]<\/p>\n","protected":false},"author":123512,"featured_media":27995,"comment_status":"closed","ping_status":"closed","sticky":false,"template":"","format":"standard","meta":[],"categories":[5,53],"tags":[],"_links":{"self":[{"href":"https:\/\/www.facet.unt.edu.ar\/facetinforma\/wp-json\/wp\/v2\/posts\/27994"}],"collection":[{"href":"https:\/\/www.facet.unt.edu.ar\/facetinforma\/wp-json\/wp\/v2\/posts"}],"about":[{"href":"https:\/\/www.facet.unt.edu.ar\/facetinforma\/wp-json\/wp\/v2\/types\/post"}],"author":[{"embeddable":true,"href":"https:\/\/www.facet.unt.edu.ar\/facetinforma\/wp-json\/wp\/v2\/users\/123512"}],"replies":[{"embeddable":true,"href":"https:\/\/www.facet.unt.edu.ar\/facetinforma\/wp-json\/wp\/v2\/comments?post=27994"}],"version-history":[{"count":5,"href":"https:\/\/www.facet.unt.edu.ar\/facetinforma\/wp-json\/wp\/v2\/posts\/27994\/revisions"}],"predecessor-version":[{"id":28000,"href":"https:\/\/www.facet.unt.edu.ar\/facetinforma\/wp-json\/wp\/v2\/posts\/27994\/revisions\/28000"}],"wp:featuredmedia":[{"embeddable":true,"href":"https:\/\/www.facet.unt.edu.ar\/facetinforma\/wp-json\/wp\/v2\/media\/27995"}],"wp:attachment":[{"href":"https:\/\/www.facet.unt.edu.ar\/facetinforma\/wp-json\/wp\/v2\/media?parent=27994"}],"wp:term":[{"taxonomy":"category","embeddable":true,"href":"https:\/\/www.facet.unt.edu.ar\/facetinforma\/wp-json\/wp\/v2\/categories?post=27994"},{"taxonomy":"post_tag","embeddable":true,"href":"https:\/\/www.facet.unt.edu.ar\/facetinforma\/wp-json\/wp\/v2\/tags?post=27994"}],"curies":[{"name":"wp","href":"https:\/\/api.w.org\/{rel}","templated":true}]}}