{"id":28016,"date":"2024-10-09T09:03:08","date_gmt":"2024-10-09T12:03:08","guid":{"rendered":"https:\/\/www.facet.unt.edu.ar\/facetinforma\/?p=28016"},"modified":"2024-10-09T09:08:13","modified_gmt":"2024-10-09T12:08:13","slug":"exito-del-rally-de-innovacion-en-la-facet","status":"publish","type":"post","link":"https:\/\/www.facet.unt.edu.ar\/facetinforma\/2024\/10\/09\/exito-del-rally-de-innovacion-en-la-facet\/","title":{"rendered":"\u00c9xito del Rally Latinoamericano de Innovaci\u00f3n en la FACET"},"content":{"rendered":"<div id=\"pl-28016\"  class=\"panel-layout\" ><div id=\"pg-28016-0\"  class=\"panel-grid panel-no-style\" ><div id=\"pgc-28016-0-0\"  class=\"panel-grid-cell\" ><div id=\"panel-28016-0-0-0\" class=\"so-panel widget widget_media_image panel-first-child panel-last-child\" data-index=\"0\" ><img width=\"4284\" height=\"4284\" src=\"https:\/\/www.facet.unt.edu.ar\/facetinforma\/wp-content\/uploads\/sites\/9\/2024\/10\/portada-rally.jpg\" class=\"image wp-image-28017  attachment-full size-full\" alt=\"\" decoding=\"async\" loading=\"lazy\" style=\"max-width: 100%; height: auto;\" \/><\/div><\/div><div id=\"pgc-28016-0-1\"  class=\"panel-grid-cell\" ><div id=\"panel-28016-0-1-0\" class=\"so-panel widget widget_sow-editor panel-first-child\" data-index=\"1\" ><div\n\t\t\t\n\t\t\tclass=\"so-widget-sow-editor so-widget-sow-editor-base\"\n\t\t\t\n\t\t>\n<div class=\"siteorigin-widget-tinymce textwidget\">\n\t<p><span style=\"font-weight: 400;\">El pasado 4 y 5 de octubre, nuestra Facultad fue sede del Rally Latinoamericano de Innovaci\u00f3n.\u00a0<\/span><\/p>\n<p><span style=\"font-weight: 400;\">La competencia internacional que tuvo\u00a0 como prop\u00f3sito fomentar la innovaci\u00f3n abierta en estudiantes universitarios, se desarroll\u00f3 por equipos multidisciplinarios y de manera simult\u00e1nea en pa\u00edses de Latinoam\u00e9rica durante 28 horas consecutivas. Es una experiencia que ha llegado a pa\u00edses como Argentina, Brasil, Bolivia, Chile, Colombia, Costa Rica, Ecuador, El Salvador, M\u00e9xico, Nicaragua, Per\u00fa, Paraguay y Uruguay, en donde se han instalado 1,060 sedes y ha alcanzado a m\u00e1s de 45,300 j\u00f3venes a lo largo de sus nueve ediciones.<\/span><\/p>\n<p><span style=\"font-weight: 400;\">El encuentro fue organizado por el Consejo Federal de Decanos de Ingenier\u00eda (CONFEDI), la Asociaci\u00f3n Nacional de Facultades y Escuelas de Ingenier\u00eda (ANFEI) y la Asociaci\u00f3n Colombiana de Facultades de Ingenier\u00eda (ACOFI).<\/span><\/p>\n<p><span style=\"font-weight: 400;\">La competici\u00f3n solicit\u00f3 a los equipos participantes que entreguen dos productos: El primero es proponer una soluci\u00f3n a un desaf\u00edo, el cual consiste en una problem\u00e1tica real que requiere de una soluci\u00f3n creativa e innovadora. El segundo es una interacci\u00f3n de tipo l\u00fadico creativa entre dos equipos de diferentes pa\u00edses o culturas.<\/span><\/p>\n<p><span style=\"font-weight: 400;\">Los desaf\u00edos fueron ocho y consistieron en problem\u00e1ticas reales que son similares en los pa\u00edses Latinoamericanos en cualquier \u00e1mbito.\u00a0<\/span><\/p>\n<p><span style=\"font-weight: 400;\">En la FACET la competici\u00f3n comenz\u00f3 a las 12 hs con palabras alusivas de nuestro Decano, el Dr. Miguel \u00c1ngel Cabrera y el responsable de coordinar el Rally, fue el Ing. Benjam\u00edn Molina Apud,\u00a0 participaron 50 estudiantes, donde se conformaron 6 grupos, resultando ganador del 1\u00ba Premio en instancias nacionales \u201cLos innovadores\u201d con el desaf\u00edo \u201cEnlazando Generaciones\u201d y obteniendo el \u00a0 3\u00ba Premio en las Internacionales, el grupo estuvo conformado por los alumnos: Camilo Prado, Santiago Volentini, Micaela del Valle Bisdorff, Ignacio Rojas, Ra\u00fal Fiori Herrera, Lautaro Lavaisse y Daniel D\u00edaz Miranda.<\/span><\/p>\n<p><span style=\"font-weight: 400;\">Fueron evaluados por los Ings. Benjamin Molina Apud, Julio Cesar Rodriguez Rey, Nancy \u00c1lvez y Nora Perotti.<\/span><\/p>\n<p><span style=\"font-weight: 400;\">En una charla con el Ing. Apud, nos coment\u00f3 \u201cFue una de las mejores ediciones en cuanto al compromiso y el entusiasmo de los participantes. Agradezco a las autoridades y a la Secretar\u00eda de Bienestar Estudiantil de nuestra Facultad por estar en los detalles, para que el evento pueda desarrollarse con \u00e9xito, ya son varios a\u00f1os que coordino la competencia, as\u00ed que tambi\u00e9n agradecido por la confianza que me brindan desde la FACET y los organizadores del Rally\u201d.\u00a0<\/span><\/p>\n<\/div>\n<\/div><\/div><div id=\"panel-28016-0-1-1\" class=\"so-panel widget widget_sow-slider panel-last-child\" data-index=\"2\" ><div\n\t\t\t\n\t\t\tclass=\"so-widget-sow-slider so-widget-sow-slider-default-53fd0f98de19-28016\"\n\t\t\t\n\t\t><div class=\"sow-slider-base\" style=\"display: none\"><ul\n\t\t\t\t\tclass=\"sow-slider-images\"\n\t\t\t\t\tdata-settings=\"{&quot;pagination&quot;:true,&quot;speed&quot;:800,&quot;timeout&quot;:8000,&quot;paused&quot;:false,&quot;pause_on_hover&quot;:false,&quot;swipe&quot;:true,&quot;nav_always_show_desktop&quot;:&quot;&quot;,&quot;nav_always_show_mobile&quot;:&quot;&quot;,&quot;breakpoint&quot;:&quot;780px&quot;,&quot;unmute&quot;:false,&quot;anchor&quot;:null}\"\n\t\t\t\t\t\t\t\t\t\tdata-anchor-id=\"\"\n\t\t\t\t>\t\t<li class=\"sow-slider-image  sow-slider-image-cover\" style=\"visibility: visible;;background-image: url(https:\/\/www.facet.unt.edu.ar\/facetinforma\/wp-content\/uploads\/sites\/9\/2024\/10\/WhatsApp-Image-2024-10-09-at-8.49.37-AM-1.jpeg)\" >\n\t\t\t\t\t\t\t\t\t<img width=\"1600\" height=\"1600\" src=\"https:\/\/www.facet.unt.edu.ar\/facetinforma\/wp-content\/uploads\/sites\/9\/2024\/10\/WhatsApp-Image-2024-10-09-at-8.49.37-AM-1.jpeg\" class=\"sow-slider-background-image skip-lazy\" alt=\"\" decoding=\"async\" loading=\"eager\" \/>\t\t\t\t\t\t\t\t<\/li>\n\t\t\t\t<li class=\"sow-slider-image  sow-slider-image-cover\" style=\"visibility: hidden;;background-image: url(https:\/\/www.facet.unt.edu.ar\/facetinforma\/wp-content\/uploads\/sites\/9\/2024\/10\/WhatsApp-Image-2024-10-09-at-8.49.40-AM.jpeg)\" >\n\t\t\t\t\t\t\t\t\t<img width=\"1600\" height=\"1600\" src=\"https:\/\/www.facet.unt.edu.ar\/facetinforma\/wp-content\/uploads\/sites\/9\/2024\/10\/WhatsApp-Image-2024-10-09-at-8.49.40-AM.jpeg\" class=\"sow-slider-background-image skip-lazy\" alt=\"\" decoding=\"async\" loading=\"eager\" \/>\t\t\t\t\t\t\t\t<\/li>\n\t\t\t\t<li class=\"sow-slider-image  sow-slider-image-cover\" style=\"visibility: hidden;;background-image: url(https:\/\/www.facet.unt.edu.ar\/facetinforma\/wp-content\/uploads\/sites\/9\/2024\/10\/WhatsApp-Image-2024-10-09-at-8.49.41-AM.jpeg)\" >\n\t\t\t\t\t\t\t\t\t<img width=\"1600\" height=\"1600\" src=\"https:\/\/www.facet.unt.edu.ar\/facetinforma\/wp-content\/uploads\/sites\/9\/2024\/10\/WhatsApp-Image-2024-10-09-at-8.49.41-AM.jpeg\" class=\"sow-slider-background-image skip-lazy\" alt=\"\" decoding=\"async\" loading=\"eager\" \/>\t\t\t\t\t\t\t\t<\/li>\n\t\t\t\t<li class=\"sow-slider-image  sow-slider-image-cover\" style=\"visibility: hidden;;background-image: url(https:\/\/www.facet.unt.edu.ar\/facetinforma\/wp-content\/uploads\/sites\/9\/2024\/10\/WhatsApp-Image-2024-10-09-at-8.57.51-AM.jpeg)\" >\n\t\t\t\t\t\t\t\t\t<img width=\"1280\" height=\"597\" src=\"https:\/\/www.facet.unt.edu.ar\/facetinforma\/wp-content\/uploads\/sites\/9\/2024\/10\/WhatsApp-Image-2024-10-09-at-8.57.51-AM.jpeg\" class=\"sow-slider-background-image skip-lazy\" alt=\"\" decoding=\"async\" loading=\"eager\" \/>\t\t\t\t\t\t\t\t<\/li>\n\t\t\t\t<li class=\"sow-slider-image  sow-slider-image-cover\" style=\"visibility: hidden;;background-image: url(https:\/\/www.facet.unt.edu.ar\/facetinforma\/wp-content\/uploads\/sites\/9\/2024\/10\/WhatsApp-Image-2024-10-09-at-8.58.14-AM.jpeg)\" >\n\t\t\t\t\t\t\t\t\t<img width=\"597\" height=\"1280\" src=\"https:\/\/www.facet.unt.edu.ar\/facetinforma\/wp-content\/uploads\/sites\/9\/2024\/10\/WhatsApp-Image-2024-10-09-at-8.58.14-AM.jpeg\" class=\"sow-slider-background-image skip-lazy\" alt=\"\" decoding=\"async\" loading=\"eager\" \/>\t\t\t\t\t\t\t\t<\/li>\n\t\t<\/ul>\t\t\t\t<ol class=\"sow-slider-pagination\">\n\t\t\t\t\t\t\t\t\t\t\t<li><a href=\"#\" data-goto=\"0\" aria-label=\"mostrar diapositiva 1\"><\/a><\/li>\n\t\t\t\t\t\t\t\t\t\t\t<li><a href=\"#\" data-goto=\"1\" aria-label=\"mostrar diapositiva 2\"><\/a><\/li>\n\t\t\t\t\t\t\t\t\t\t\t<li><a href=\"#\" data-goto=\"2\" aria-label=\"mostrar diapositiva 3\"><\/a><\/li>\n\t\t\t\t\t\t\t\t\t\t\t<li><a href=\"#\" data-goto=\"3\" aria-label=\"mostrar diapositiva 4\"><\/a><\/li>\n\t\t\t\t\t\t\t\t\t\t\t<li><a href=\"#\" data-goto=\"4\" aria-label=\"mostrar diapositiva 5\"><\/a><\/li>\n\t\t\t\t\t\t\t\t\t<\/ol>\n\n\t\t\t\t<div class=\"sow-slide-nav sow-slide-nav-next\">\n\t\t\t\t\t<a href=\"#\" data-goto=\"next\" aria-label=\"diapositiva siguiente\" data-action=\"next\">\n\t\t\t\t\t\t<em class=\"sow-sld-icon-thin-right\"><\/em>\n\t\t\t\t\t<\/a>\n\t\t\t\t<\/div>\n\n\t\t\t\t<div class=\"sow-slide-nav sow-slide-nav-prev\">\n\t\t\t\t\t<a href=\"#\" data-goto=\"previous\" aria-label=\"diapositiva anterior\" data-action=\"prev\">\n\t\t\t\t\t\t<em class=\"sow-sld-icon-thin-left\"><\/em>\n\t\t\t\t\t<\/a>\n\t\t\t\t<\/div>\n\t\t\t\t<\/div><\/div><\/div><\/div><\/div><\/div>","protected":false},"excerpt":{"rendered":"<p>El pasado 4 y 5 de octubre, nuestra Facultad fue sede del Rally Latinoamericano de Innovaci\u00f3n.\u00a0 La competencia internacional que tuvo\u00a0 como prop\u00f3sito fomentar la innovaci\u00f3n abierta en estudiantes universitarios, se desarroll\u00f3 por equipos multidisciplinarios y de manera simult\u00e1nea en pa\u00edses de Latinoam\u00e9rica durante 28 horas consecutivas. Es una experiencia que ha llegado a pa\u00edses [&hellip;]<\/p>\n","protected":false},"author":123512,"featured_media":28017,"comment_status":"closed","ping_status":"closed","sticky":false,"template":"","format":"standard","meta":[],"categories":[22,5,53],"tags":[],"_links":{"self":[{"href":"https:\/\/www.facet.unt.edu.ar\/facetinforma\/wp-json\/wp\/v2\/posts\/28016"}],"collection":[{"href":"https:\/\/www.facet.unt.edu.ar\/facetinforma\/wp-json\/wp\/v2\/posts"}],"about":[{"href":"https:\/\/www.facet.unt.edu.ar\/facetinforma\/wp-json\/wp\/v2\/types\/post"}],"author":[{"embeddable":true,"href":"https:\/\/www.facet.unt.edu.ar\/facetinforma\/wp-json\/wp\/v2\/users\/123512"}],"replies":[{"embeddable":true,"href":"https:\/\/www.facet.unt.edu.ar\/facetinforma\/wp-json\/wp\/v2\/comments?post=28016"}],"version-history":[{"count":8,"href":"https:\/\/www.facet.unt.edu.ar\/facetinforma\/wp-json\/wp\/v2\/posts\/28016\/revisions"}],"predecessor-version":[{"id":28030,"href":"https:\/\/www.facet.unt.edu.ar\/facetinforma\/wp-json\/wp\/v2\/posts\/28016\/revisions\/28030"}],"wp:featuredmedia":[{"embeddable":true,"href":"https:\/\/www.facet.unt.edu.ar\/facetinforma\/wp-json\/wp\/v2\/media\/28017"}],"wp:attachment":[{"href":"https:\/\/www.facet.unt.edu.ar\/facetinforma\/wp-json\/wp\/v2\/media?parent=28016"}],"wp:term":[{"taxonomy":"category","embeddable":true,"href":"https:\/\/www.facet.unt.edu.ar\/facetinforma\/wp-json\/wp\/v2\/categories?post=28016"},{"taxonomy":"post_tag","embeddable":true,"href":"https:\/\/www.facet.unt.edu.ar\/facetinforma\/wp-json\/wp\/v2\/tags?post=28016"}],"curies":[{"name":"wp","href":"https:\/\/api.w.org\/{rel}","templated":true}]}}