{"id":28044,"date":"2024-10-14T11:34:13","date_gmt":"2024-10-14T14:34:13","guid":{"rendered":"https:\/\/www.facet.unt.edu.ar\/facetinforma\/?p=28044"},"modified":"2024-10-14T11:34:39","modified_gmt":"2024-10-14T14:34:39","slug":"egresado-de-la-facet-obtuvo-el-premio-isidoro-marin","status":"publish","type":"post","link":"https:\/\/www.facet.unt.edu.ar\/facetinforma\/2024\/10\/14\/egresado-de-la-facet-obtuvo-el-premio-isidoro-marin\/","title":{"rendered":"Egresado de la FACET obtuvo el Premio \u201cIsidoro Mar\u00edn\u201d"},"content":{"rendered":"<div id=\"pl-28044\"  class=\"panel-layout\" ><div id=\"pg-28044-0\"  class=\"panel-grid panel-no-style\" ><div id=\"pgc-28044-0-0\"  class=\"panel-grid-cell\" ><div id=\"panel-28044-0-0-0\" class=\"so-panel widget widget_media_image panel-first-child panel-last-child\" data-index=\"0\" ><img width=\"1080\" height=\"1080\" src=\"https:\/\/www.facet.unt.edu.ar\/facetinforma\/wp-content\/uploads\/sites\/9\/2024\/10\/FLYER-BASE-NOTICIAS.png\" class=\"image wp-image-28045  attachment-full size-full\" alt=\"\" decoding=\"async\" loading=\"lazy\" style=\"max-width: 100%; height: auto;\" \/><\/div><\/div><div id=\"pgc-28044-0-1\"  class=\"panel-grid-cell\" ><div id=\"panel-28044-0-1-0\" class=\"so-panel widget widget_sow-editor panel-first-child panel-last-child\" data-index=\"1\" ><div\n\t\t\t\n\t\t\tclass=\"so-widget-sow-editor so-widget-sow-editor-base\"\n\t\t\t\n\t\t>\n<div class=\"siteorigin-widget-tinymce textwidget\">\n\t<p><span style=\"font-weight: 400;\">La Academia Nacional de Ingenier\u00eda de la Rep\u00fablica Argentina tiene el honor de informar\u00a0 la comunidad universitaria de la FACET:<\/span><\/p>\n<p><span style=\"font-weight: 400;\">En\u00a0 relaci\u00f3n a los Premios \u201cIng. Isidoro Mar\u00edn\u201d que otorga esta Academia Nacional a los egresados y tienen por objeto dar a conocer p\u00fablicamente a quienes se hayan destacado por su capacidad y dedicaci\u00f3n al estudio durante su carrera universitaria, alcanzando un nivel sobresaliente de capacitaci\u00f3n cient\u00edfico-t\u00e9cnica reconocida por su universidad y por la Academia en las carreras de ingenier\u00eda de las universidades argentinas. Nos complace informarle que el egresado propuesto, Santiago Andr\u00e9s Garay, cumple con todos los requisitos establecidos para recibir este prestigioso galard\u00f3n, por lo que la Academia ha decidido otorg\u00e1rselo.<\/span><\/p>\n<p><span style=\"font-weight: 400;\">La entrega de los premios se cumplir\u00e1 en una Sesi\u00f3n P\u00fablica que se realizar\u00e1 el d\u00eda viernes 6 de diciembre a las 18 horas en el Aula Magna de la Academia Nacional de Medicina, Av. Las Heras 3092, Ciudad Aut\u00f3noma de Buenos Aires.<\/span><\/p>\n<p><span style=\"font-weight: 400;\">En comunicaci\u00f3n con el Ing. Garay, expres\u00f3: <\/span><span style=\"font-weight: 400;\">\"Estoy muy alegre por la noticia y siento mucho orgullo por poder representar a la UNT, me form\u00f3 desde los 10 a\u00f1os y me dio un mont\u00f3n de herramientas para la vida. El premio tambi\u00e9n es para todas las personas que formaron parte del proceso y estoy muy agradecido con ellos.\"<\/span><\/p>\n<p><span style=\"font-weight: 400;\">\u00a1Felicitaciones!\u00a0<\/span><\/p>\n<\/div>\n<\/div><\/div><\/div><\/div><\/div>","protected":false},"excerpt":{"rendered":"<p>La Academia Nacional de Ingenier\u00eda de la Rep\u00fablica Argentina tiene el honor de informar\u00a0 la comunidad universitaria de la FACET: En\u00a0 relaci\u00f3n a los Premios \u201cIng. Isidoro Mar\u00edn\u201d que otorga esta Academia Nacional a los egresados y tienen por objeto dar a conocer p\u00fablicamente a quienes se hayan destacado por su capacidad y dedicaci\u00f3n al [&hellip;]<\/p>\n","protected":false},"author":123512,"featured_media":28045,"comment_status":"closed","ping_status":"closed","sticky":false,"template":"","format":"standard","meta":[],"categories":[5,53,1],"tags":[],"_links":{"self":[{"href":"https:\/\/www.facet.unt.edu.ar\/facetinforma\/wp-json\/wp\/v2\/posts\/28044"}],"collection":[{"href":"https:\/\/www.facet.unt.edu.ar\/facetinforma\/wp-json\/wp\/v2\/posts"}],"about":[{"href":"https:\/\/www.facet.unt.edu.ar\/facetinforma\/wp-json\/wp\/v2\/types\/post"}],"author":[{"embeddable":true,"href":"https:\/\/www.facet.unt.edu.ar\/facetinforma\/wp-json\/wp\/v2\/users\/123512"}],"replies":[{"embeddable":true,"href":"https:\/\/www.facet.unt.edu.ar\/facetinforma\/wp-json\/wp\/v2\/comments?post=28044"}],"version-history":[{"count":7,"href":"https:\/\/www.facet.unt.edu.ar\/facetinforma\/wp-json\/wp\/v2\/posts\/28044\/revisions"}],"predecessor-version":[{"id":28052,"href":"https:\/\/www.facet.unt.edu.ar\/facetinforma\/wp-json\/wp\/v2\/posts\/28044\/revisions\/28052"}],"wp:featuredmedia":[{"embeddable":true,"href":"https:\/\/www.facet.unt.edu.ar\/facetinforma\/wp-json\/wp\/v2\/media\/28045"}],"wp:attachment":[{"href":"https:\/\/www.facet.unt.edu.ar\/facetinforma\/wp-json\/wp\/v2\/media?parent=28044"}],"wp:term":[{"taxonomy":"category","embeddable":true,"href":"https:\/\/www.facet.unt.edu.ar\/facetinforma\/wp-json\/wp\/v2\/categories?post=28044"},{"taxonomy":"post_tag","embeddable":true,"href":"https:\/\/www.facet.unt.edu.ar\/facetinforma\/wp-json\/wp\/v2\/tags?post=28044"}],"curies":[{"name":"wp","href":"https:\/\/api.w.org\/{rel}","templated":true}]}}