{"id":28071,"date":"2024-10-16T23:07:25","date_gmt":"2024-10-17T02:07:25","guid":{"rendered":"https:\/\/www.facet.unt.edu.ar\/facetinforma\/?p=28071"},"modified":"2024-10-16T23:07:31","modified_gmt":"2024-10-17T02:07:31","slug":"defensa-de-proyecto-de-graduacion-de-ingenieria-industrial","status":"publish","type":"post","link":"https:\/\/www.facet.unt.edu.ar\/facetinforma\/2024\/10\/16\/defensa-de-proyecto-de-graduacion-de-ingenieria-industrial\/","title":{"rendered":"Defensa de Proyecto de Graduaci\u00f3n de Ingenier\u00eda Industrial"},"content":{"rendered":"<div id=\"pl-28071\"  class=\"panel-layout\" ><div id=\"pg-28071-0\"  class=\"panel-grid panel-no-style\" ><div id=\"pgc-28071-0-0\"  class=\"panel-grid-cell\" ><div id=\"panel-28071-0-0-0\" class=\"so-panel widget widget_media_image panel-first-child panel-last-child\" data-index=\"0\" ><img width=\"1080\" height=\"1080\" src=\"https:\/\/www.facet.unt.edu.ar\/facetinforma\/wp-content\/uploads\/sites\/9\/2024\/10\/unnamed-4.jpg\" class=\"image wp-image-28072  attachment-full size-full\" alt=\"\" decoding=\"async\" loading=\"lazy\" style=\"max-width: 100%; height: auto;\" \/><\/div><\/div><div id=\"pgc-28071-0-1\"  class=\"panel-grid-cell\" ><div id=\"panel-28071-0-1-0\" class=\"so-panel widget widget_sow-editor panel-first-child panel-last-child\" data-index=\"1\" ><div\n\t\t\t\n\t\t\tclass=\"so-widget-sow-editor so-widget-sow-editor-base\"\n\t\t\t\n\t\t>\n<div class=\"siteorigin-widget-tinymce textwidget\">\n\t<p>El Departamento de Ingenier\u00eda Industrial de la FACET invita a la comunidad universitaria, a presenciar la Defensa del Proyecto de Graduaci\u00f3n de las alumnas Andrea Amira Feres Grecco y Maira Antonella Pucheta, titulado \"Dise\u00f1o de un plan de mejora para la cadena de abastecimiento de una empresa del rubro el\u00e9ctrico aplicando el modelo SCOR\" para acceder al grado acad\u00e9mico de Ingeniero Industrial.<\/p>\n<p>La investigaci\u00f3n se desarroll\u00f3 bajo la direcci\u00f3n del Dr. Julio Rodriguez Rey.<\/p>\n<p>Ser\u00e1 el viernes 18 de Octubre a las 12:00 horas en el Aula 4-4-20 (Block 4 - 4\u00b0piso) de la FACET.<\/p>\n<\/div>\n<\/div><\/div><\/div><\/div><\/div>","protected":false},"excerpt":{"rendered":"<p>El Departamento de Ingenier\u00eda Industrial de la FACET invita a la comunidad universitaria, a presenciar la Defensa del Proyecto de Graduaci\u00f3n de las alumnas Andrea Amira Feres Grecco y Maira Antonella Pucheta, titulado &#8220;Dise\u00f1o de un plan de mejora para la cadena de abastecimiento de una empresa del rubro el\u00e9ctrico aplicando el modelo SCOR&#8221; para [&hellip;]<\/p>\n","protected":false},"author":123512,"featured_media":28072,"comment_status":"closed","ping_status":"closed","sticky":false,"template":"","format":"standard","meta":[],"categories":[5],"tags":[],"_links":{"self":[{"href":"https:\/\/www.facet.unt.edu.ar\/facetinforma\/wp-json\/wp\/v2\/posts\/28071"}],"collection":[{"href":"https:\/\/www.facet.unt.edu.ar\/facetinforma\/wp-json\/wp\/v2\/posts"}],"about":[{"href":"https:\/\/www.facet.unt.edu.ar\/facetinforma\/wp-json\/wp\/v2\/types\/post"}],"author":[{"embeddable":true,"href":"https:\/\/www.facet.unt.edu.ar\/facetinforma\/wp-json\/wp\/v2\/users\/123512"}],"replies":[{"embeddable":true,"href":"https:\/\/www.facet.unt.edu.ar\/facetinforma\/wp-json\/wp\/v2\/comments?post=28071"}],"version-history":[{"count":6,"href":"https:\/\/www.facet.unt.edu.ar\/facetinforma\/wp-json\/wp\/v2\/posts\/28071\/revisions"}],"predecessor-version":[{"id":28078,"href":"https:\/\/www.facet.unt.edu.ar\/facetinforma\/wp-json\/wp\/v2\/posts\/28071\/revisions\/28078"}],"wp:featuredmedia":[{"embeddable":true,"href":"https:\/\/www.facet.unt.edu.ar\/facetinforma\/wp-json\/wp\/v2\/media\/28072"}],"wp:attachment":[{"href":"https:\/\/www.facet.unt.edu.ar\/facetinforma\/wp-json\/wp\/v2\/media?parent=28071"}],"wp:term":[{"taxonomy":"category","embeddable":true,"href":"https:\/\/www.facet.unt.edu.ar\/facetinforma\/wp-json\/wp\/v2\/categories?post=28071"},{"taxonomy":"post_tag","embeddable":true,"href":"https:\/\/www.facet.unt.edu.ar\/facetinforma\/wp-json\/wp\/v2\/tags?post=28071"}],"curies":[{"name":"wp","href":"https:\/\/api.w.org\/{rel}","templated":true}]}}