{"id":28086,"date":"2024-10-18T11:03:46","date_gmt":"2024-10-18T14:03:46","guid":{"rendered":"https:\/\/www.facet.unt.edu.ar\/facetinforma\/?p=28086"},"modified":"2024-10-23T08:29:40","modified_gmt":"2024-10-23T11:29:40","slug":"la-facet-sede-del-encuentro-ensenar-matematica-en-la-unt","status":"publish","type":"post","link":"https:\/\/www.facet.unt.edu.ar\/facetinforma\/2024\/10\/18\/la-facet-sede-del-encuentro-ensenar-matematica-en-la-unt\/","title":{"rendered":"La FACET sede del Encuentro: Ense\u00f1ar Matem\u00e1tica en la UNT"},"content":{"rendered":"<div id=\"pl-28086\"  class=\"panel-layout\" ><div id=\"pg-28086-0\"  class=\"panel-grid panel-no-style\" ><div id=\"pgc-28086-0-0\"  class=\"panel-grid-cell\" ><div id=\"panel-28086-0-0-0\" class=\"so-panel widget widget_media_image panel-first-child panel-last-child\" data-index=\"0\" ><img width=\"3024\" height=\"3024\" src=\"https:\/\/www.facet.unt.edu.ar\/facetinforma\/wp-content\/uploads\/sites\/9\/2024\/10\/unnamed-53.jpg\" class=\"image wp-image-28087  attachment-full size-full\" alt=\"\" decoding=\"async\" loading=\"lazy\" style=\"max-width: 100%; height: auto;\" \/><\/div><\/div><div id=\"pgc-28086-0-1\"  class=\"panel-grid-cell\" ><div id=\"panel-28086-0-1-0\" class=\"so-panel widget widget_sow-editor panel-first-child\" data-index=\"1\" ><div\n\t\t\t\n\t\t\tclass=\"so-widget-sow-editor so-widget-sow-editor-base\"\n\t\t\t\n\t\t>\n<div class=\"siteorigin-widget-tinymce textwidget\">\n\t<p><span style=\"font-weight: 400;\">El pasado jueves 17 comenz\u00f3 en nuestra Facultad, el \u201cEncuentro: Ense\u00f1ar Matem\u00e1tica en la UNT, frente a los desaf\u00edos de la permanencia y graduaci\u00f3n\u201d con el prop\u00f3sito de fortalecer espacios de di\u00e1logo institucional en torno a la ense\u00f1anza de la Matem\u00e1tica, la Secretar\u00eda Acad\u00e9mica de la UNT, organiz\u00f3 este evento, que finaliza hoy, a cargo de la Esp. Rossana Di Domenicantonio y la Dra. Laura Langoni, docentes de la Facultad de Ingenier\u00eda de la Universidad Nacional de la Plata (UNLP).\u00a0<\/span><\/p>\n<p><span style=\"font-weight: 400;\">La actividad se dividi\u00f3 en dos grupos:<\/span><\/p>\n<ul>\n<li><span style=\"font-weight: 400;\">Jueves 17: asistieron docentes de las Facultades de Ciencias Naturales, FACE, FAU, FBQF, Tecnicaturas del IT y Escuelas Preuniversitarias.<\/span><\/li>\n<li><span style=\"font-weight: 400;\">Viernes 18: Docentes de FACET, FAZyV y Profesorado de Matem\u00e1tica de Filosof\u00eda y Letras.<\/span><\/li>\n<\/ul>\n<\/div>\n<\/div><\/div><div id=\"panel-28086-0-1-1\" class=\"so-panel widget widget_sow-slider panel-last-child\" data-index=\"2\" ><div\n\t\t\t\n\t\t\tclass=\"so-widget-sow-slider so-widget-sow-slider-default-53fd0f98de19-28086\"\n\t\t\t\n\t\t><div class=\"sow-slider-base\" style=\"display: none\"><ul\n\t\t\t\t\tclass=\"sow-slider-images\"\n\t\t\t\t\tdata-settings=\"{&quot;pagination&quot;:true,&quot;speed&quot;:800,&quot;timeout&quot;:8000,&quot;paused&quot;:false,&quot;pause_on_hover&quot;:false,&quot;swipe&quot;:true,&quot;nav_always_show_desktop&quot;:&quot;&quot;,&quot;nav_always_show_mobile&quot;:&quot;&quot;,&quot;breakpoint&quot;:&quot;780px&quot;,&quot;unmute&quot;:false,&quot;anchor&quot;:null}\"\n\t\t\t\t\t\t\t\t\t\tdata-anchor-id=\"\"\n\t\t\t\t>\t\t<li class=\"sow-slider-image  sow-slider-image-cover\" style=\"visibility: visible;;background-image: url(https:\/\/www.facet.unt.edu.ar\/facetinforma\/wp-content\/uploads\/sites\/9\/2024\/10\/unnamed-54.jpg)\" >\n\t\t\t\t\t\t\t\t\t<img width=\"3024\" height=\"3024\" src=\"https:\/\/www.facet.unt.edu.ar\/facetinforma\/wp-content\/uploads\/sites\/9\/2024\/10\/unnamed-54.jpg\" class=\"sow-slider-background-image skip-lazy\" alt=\"\" decoding=\"async\" loading=\"eager\" \/>\t\t\t\t\t\t\t\t<\/li>\n\t\t\t\t<li class=\"sow-slider-image  sow-slider-image-cover\" style=\"visibility: hidden;;background-image: url(https:\/\/www.facet.unt.edu.ar\/facetinforma\/wp-content\/uploads\/sites\/9\/2024\/10\/unnamed-52.jpg)\" >\n\t\t\t\t\t\t\t\t\t<img width=\"4284\" height=\"4284\" src=\"https:\/\/www.facet.unt.edu.ar\/facetinforma\/wp-content\/uploads\/sites\/9\/2024\/10\/unnamed-52.jpg\" class=\"sow-slider-background-image skip-lazy\" alt=\"\" decoding=\"async\" loading=\"eager\" \/>\t\t\t\t\t\t\t\t<\/li>\n\t\t<\/ul>\t\t\t\t<ol class=\"sow-slider-pagination\">\n\t\t\t\t\t\t\t\t\t\t\t<li><a href=\"#\" data-goto=\"0\" aria-label=\"mostrar diapositiva 1\"><\/a><\/li>\n\t\t\t\t\t\t\t\t\t\t\t<li><a href=\"#\" data-goto=\"1\" aria-label=\"mostrar diapositiva 2\"><\/a><\/li>\n\t\t\t\t\t\t\t\t\t<\/ol>\n\n\t\t\t\t<div class=\"sow-slide-nav sow-slide-nav-next\">\n\t\t\t\t\t<a href=\"#\" data-goto=\"next\" aria-label=\"diapositiva siguiente\" data-action=\"next\">\n\t\t\t\t\t\t<em class=\"sow-sld-icon-thin-right\"><\/em>\n\t\t\t\t\t<\/a>\n\t\t\t\t<\/div>\n\n\t\t\t\t<div class=\"sow-slide-nav sow-slide-nav-prev\">\n\t\t\t\t\t<a href=\"#\" data-goto=\"previous\" aria-label=\"diapositiva anterior\" data-action=\"prev\">\n\t\t\t\t\t\t<em class=\"sow-sld-icon-thin-left\"><\/em>\n\t\t\t\t\t<\/a>\n\t\t\t\t<\/div>\n\t\t\t\t<\/div><\/div><\/div><\/div><\/div><\/div>","protected":false},"excerpt":{"rendered":"<p>El pasado jueves 17 comenz\u00f3 en nuestra Facultad, el \u201cEncuentro: Ense\u00f1ar Matem\u00e1tica en la UNT, frente a los desaf\u00edos de la permanencia y graduaci\u00f3n\u201d con el prop\u00f3sito de fortalecer espacios de di\u00e1logo institucional en torno a la ense\u00f1anza de la Matem\u00e1tica, la Secretar\u00eda Acad\u00e9mica de la UNT, organiz\u00f3 este evento, que finaliza hoy, a cargo [&hellip;]<\/p>\n","protected":false},"author":123512,"featured_media":28087,"comment_status":"closed","ping_status":"closed","sticky":false,"template":"","format":"standard","meta":[],"categories":[1],"tags":[],"_links":{"self":[{"href":"https:\/\/www.facet.unt.edu.ar\/facetinforma\/wp-json\/wp\/v2\/posts\/28086"}],"collection":[{"href":"https:\/\/www.facet.unt.edu.ar\/facetinforma\/wp-json\/wp\/v2\/posts"}],"about":[{"href":"https:\/\/www.facet.unt.edu.ar\/facetinforma\/wp-json\/wp\/v2\/types\/post"}],"author":[{"embeddable":true,"href":"https:\/\/www.facet.unt.edu.ar\/facetinforma\/wp-json\/wp\/v2\/users\/123512"}],"replies":[{"embeddable":true,"href":"https:\/\/www.facet.unt.edu.ar\/facetinforma\/wp-json\/wp\/v2\/comments?post=28086"}],"version-history":[{"count":9,"href":"https:\/\/www.facet.unt.edu.ar\/facetinforma\/wp-json\/wp\/v2\/posts\/28086\/revisions"}],"predecessor-version":[{"id":28108,"href":"https:\/\/www.facet.unt.edu.ar\/facetinforma\/wp-json\/wp\/v2\/posts\/28086\/revisions\/28108"}],"wp:featuredmedia":[{"embeddable":true,"href":"https:\/\/www.facet.unt.edu.ar\/facetinforma\/wp-json\/wp\/v2\/media\/28087"}],"wp:attachment":[{"href":"https:\/\/www.facet.unt.edu.ar\/facetinforma\/wp-json\/wp\/v2\/media?parent=28086"}],"wp:term":[{"taxonomy":"category","embeddable":true,"href":"https:\/\/www.facet.unt.edu.ar\/facetinforma\/wp-json\/wp\/v2\/categories?post=28086"},{"taxonomy":"post_tag","embeddable":true,"href":"https:\/\/www.facet.unt.edu.ar\/facetinforma\/wp-json\/wp\/v2\/tags?post=28086"}],"curies":[{"name":"wp","href":"https:\/\/api.w.org\/{rel}","templated":true}]}}