{"id":28249,"date":"2024-11-14T09:06:50","date_gmt":"2024-11-14T12:06:50","guid":{"rendered":"https:\/\/www.facet.unt.edu.ar\/facetinforma\/?p=28249"},"modified":"2024-11-14T09:07:07","modified_gmt":"2024-11-14T12:07:07","slug":"regata-de-medicion-de-caudales-en-el-rio-lules","status":"publish","type":"post","link":"https:\/\/www.facet.unt.edu.ar\/facetinforma\/2024\/11\/14\/regata-de-medicion-de-caudales-en-el-rio-lules\/","title":{"rendered":"Regata de Medici\u00f3n de Caudales en el R\u00edo Lules"},"content":{"rendered":"<div id=\"pl-28249\"  class=\"panel-layout\" ><div id=\"pg-28249-0\"  class=\"panel-grid panel-no-style\" ><div id=\"pgc-28249-0-0\"  class=\"panel-grid-cell\" ><div id=\"panel-28249-0-0-0\" class=\"so-panel widget widget_media_image panel-first-child\" data-index=\"0\" ><img width=\"1080\" height=\"1080\" src=\"https:\/\/www.facet.unt.edu.ar\/facetinforma\/wp-content\/uploads\/sites\/9\/2024\/11\/unnamed-62.jpg\" class=\"image wp-image-28250  attachment-full size-full\" alt=\"\" decoding=\"async\" loading=\"lazy\" style=\"max-width: 100%; height: auto;\" \/><\/div><div id=\"panel-28249-0-0-1\" class=\"so-panel widget widget_sow-button panel-last-child\" data-index=\"1\" ><div\n\t\t\t\n\t\t\tclass=\"so-widget-sow-button so-widget-sow-button-flat-f7a054468707-28249\"\n\t\t\t\n\t\t><div class=\"ow-button-base ow-button-align-center\">\n\t<a href=\"https:\/\/docs.google.com\/forms\/d\/1YVD4j3hHgLddbovW0jLbrkYv3zbpFG2q91uICdDR2lk\/edit?pli=1\" class=\"ow-icon-placement-left ow-button-hover\" \t\t>\n\t\t<span>\n\t\t\t\n\t\t\tInscribite Aqu\u00ed \t\t<\/span>\n\t<\/a>\n<\/div>\n<\/div><\/div><\/div><div id=\"pgc-28249-0-1\"  class=\"panel-grid-cell\" ><div id=\"panel-28249-0-1-0\" class=\"so-panel widget widget_sow-editor panel-first-child\" data-index=\"2\" ><div\n\t\t\t\n\t\t\tclass=\"so-widget-sow-editor so-widget-sow-editor-base\"\n\t\t\t\n\t\t>\n<div class=\"siteorigin-widget-tinymce textwidget\">\n\t<p><span style=\"font-weight: 400;\">Se invita a profesionales y t\u00e9cnicos relacionados a los recursos h\u00eddricos y estudiantes avanzados de la carrera de Ingenier\u00eda Civil, a participar de la\u00a0 jornada gratuita de medici\u00f3n de caudales, que se\u00a0 llevar\u00e1 a cabo el d\u00eda jueves 28 de noviembre del 2024 de 09.00 am a 13.00 pm, en el tramo del r\u00edo Lules adyacente al balneario Municipal y la comparaci\u00f3n de los resultados con las distintas mediciones ser\u00e1 el d\u00eda 06 de diciembre del 2024 de 10.00 am a 12.00 am en el Laboratorio de Construcciones de la FACET.\u00a0<\/span><\/p>\n<p><span style=\"font-weight: 400;\">Los resultados obtenidos ser\u00e1n fundamentales para mejorar las distintas metodolog\u00edas de medici\u00f3n y a los t\u00e9cnicos intervinientes. Esta actividad est\u00e1 coordinada por el Ing. Hector David Aguirre.<\/span><\/p>\n<p><span style=\"font-weight: 400;\">En 1992 en la ciudad de Dubl\u00edn se promulg\u00f3 por primera vez a nivel internacional la necesidad de llevar a cabo una gesti\u00f3n integrada de los recursos h\u00eddricos (GIRH), definiendo los cuatro principios rectores. Estos principios reconocen tanto el valor social como econ\u00f3mico del agua y proponen una gesti\u00f3n equitativa, sostenible y participativa<\/span><\/p>\n<p><span style=\"font-weight: 400;\">Una gesti\u00f3n integrada del recurso h\u00eddrico exige cuantificar los recursos h\u00eddricos, tanto para conocer la disponibilidad del recurso, para planificar y asignar sus usos, evaluar riesgos de escasez e inundaciones, monitorear sus calidad y sostenibilidad y prever tendencias y cambios a largo plazo. Es decir que la informaci\u00f3n sobre la cantidad y calidad de los recursos h\u00eddricos son la base para tomar decisiones informadas y fundamentadas en pol\u00edticas p\u00fablicas y planes de manejo que fomenten el uso sostenible del agua. Sin embargo, la variabilidad hidrol\u00f3gica y las condiciones clim\u00e1ticas cambiantes hacen que la medici\u00f3n del caudal sea un desaf\u00edo constante.<\/span><\/p>\n<p><span style=\"font-weight: 400;\">La provincia de Tucum\u00e1n en la actualidad cuenta con 11 estaciones activas bajo responsabilidad de la empresa EVARSA (Evaluaci\u00f3n de Recursos Sociedad An\u00f3nima) mediante la Subsecretar\u00eda de Recursos H\u00eddricos de la Naci\u00f3n, la Direcci\u00f3n Provincial del Agua y la Facultad de Ciencias Exactas y Tecnolog\u00eda de la Universidad Nacional de Tucum\u00e1n (FACET UNT) cuenta con una estaci\u00f3n fija sobre el Canal Maestro de Desag\u00fces Sud. Adem\u00e1s, existen organismos p\u00fablicos provinciales que realizan aforos, de forma sistem\u00e1tica y no sistem\u00e1tica, entre los que podemos mencionar a la Secretar\u00eda de Estado de Medio Ambiente (SEMA) y la Direcci\u00f3n de Recursos H\u00eddricos (DRH).<\/span><\/p>\n<p><span style=\"font-weight: 400;\">Teniendo en cuenta la importancia que representa la medici\u00f3n de caudales en el territorio provincial y que existe una importante cantidad de organismos que se encuentran aforando distintos cursos naturales y artificiales en el territorio provincial, se considera necesario generar una jornada de medici\u00f3n que permita:<\/span><\/p>\n<ul>\n<li style=\"font-weight: 400;\" aria-level=\"1\"><span style=\"font-weight: 400;\">Actualizar la informaci\u00f3n sobre el caudal del r\u00edo.<\/span><\/li>\n<li style=\"font-weight: 400;\" aria-level=\"1\"><span style=\"font-weight: 400;\">Evaluar la precisi\u00f3n de diferentes m\u00e9todos de aforo.<\/span><\/li>\n<li style=\"font-weight: 400;\" aria-level=\"1\"><span style=\"font-weight: 400;\">Capacitar al equipo en t\u00e9cnicas de medici\u00f3n de caudales.<\/span><\/li>\n<li style=\"font-weight: 400;\" aria-level=\"1\"><span style=\"font-weight: 400;\">Contribuir a la toma de decisiones informadas y sostenibles.<\/span><\/li>\n<\/ul>\n<p><span style=\"font-weight: 400;\">Los objetivos principales de la actividad planteada son:<\/span><\/p>\n<ul>\n<li style=\"font-weight: 400;\" aria-level=\"1\"><span style=\"font-weight: 400;\">Determinar el caudal circulante en el r\u00edo Lules en el tramo correspondiente al balneario municipal.<\/span><\/li>\n<li style=\"font-weight: 400;\" aria-level=\"1\"><span style=\"font-weight: 400;\">Comparar la precisi\u00f3n de diferentes m\u00e9todos de aforo.<\/span><\/li>\n<li style=\"font-weight: 400;\" aria-level=\"1\"><span style=\"font-weight: 400;\">Capacitar a los participantes en t\u00e9cnicas de medici\u00f3n de caudales.<\/span><\/li>\n<\/ul>\n<p><span style=\"font-weight: 400;\">M\u00e9todos de Aforo:<\/span><\/p>\n<ul>\n<li style=\"font-weight: 400;\" aria-level=\"1\"><span style=\"font-weight: 400;\">M\u00e9todo de aforo por vadeo con equipo mec\u00e1nico (molinete)<\/span><\/li>\n<li style=\"font-weight: 400;\" aria-level=\"1\"><span style=\"font-weight: 400;\">M\u00e9todo de aforo por vadeo mediante equipo ac\u00fastico (Flow tracker).<\/span><\/li>\n<li style=\"font-weight: 400;\" aria-level=\"1\"><span style=\"font-weight: 400;\">M\u00e9todo de velocimetr\u00eda por imagen de part\u00edculas a gran escala.<\/span><\/li>\n<li style=\"font-weight: 400;\" aria-level=\"1\"><span style=\"font-weight: 400;\">M\u00e9todo de velocimetr\u00eda por seguimiento de part\u00edculas a gran escal<\/span><\/li>\n<\/ul>\n<p><span style=\"font-weight: 400;\">Las actividades propuestas ser\u00e1n postergadas una semana en caso de lluvia.<\/span><\/p>\n<p><span style=\"font-weight: 400;\">Por cualquier duda o consulta escribir a <\/span><a href=\"mailto:dialogosdelagua@herrera.unt.edu.ar\"><span style=\"font-weight: 400;\">dialogosdelagua@herrera.unt.edu.ar<\/span><\/a><\/p>\n<\/div>\n<\/div><\/div><div id=\"panel-28249-0-1-1\" class=\"so-panel widget widget_sow-slider panel-last-child\" data-index=\"3\" ><div\n\t\t\t\n\t\t\tclass=\"so-widget-sow-slider so-widget-sow-slider-default-53fd0f98de19-28249\"\n\t\t\t\n\t\t><div class=\"sow-slider-base\" style=\"display: none\"><ul\n\t\t\t\t\tclass=\"sow-slider-images\"\n\t\t\t\t\tdata-settings=\"{&quot;pagination&quot;:true,&quot;speed&quot;:800,&quot;timeout&quot;:8000,&quot;paused&quot;:false,&quot;pause_on_hover&quot;:false,&quot;swipe&quot;:true,&quot;nav_always_show_desktop&quot;:&quot;&quot;,&quot;nav_always_show_mobile&quot;:&quot;&quot;,&quot;breakpoint&quot;:&quot;780px&quot;,&quot;unmute&quot;:false,&quot;anchor&quot;:null}\"\n\t\t\t\t\t\t\t\t\t\tdata-anchor-id=\"\"\n\t\t\t\t>\t\t<li class=\"sow-slider-image  sow-slider-image-cover\" style=\"visibility: visible;;background-image: url(https:\/\/www.facet.unt.edu.ar\/facetinforma\/wp-content\/uploads\/sites\/9\/2024\/11\/FOTO-REGATA-1.jpg)\" >\n\t\t\t\t\t\t\t\t\t<img width=\"1280\" height=\"720\" src=\"https:\/\/www.facet.unt.edu.ar\/facetinforma\/wp-content\/uploads\/sites\/9\/2024\/11\/FOTO-REGATA-1.jpg\" class=\"sow-slider-background-image skip-lazy\" alt=\"\" decoding=\"async\" loading=\"eager\" \/>\t\t\t\t\t\t\t\t<\/li>\n\t\t\t\t<li class=\"sow-slider-image  sow-slider-image-cover\" style=\"visibility: hidden;;background-image: url(https:\/\/www.facet.unt.edu.ar\/facetinforma\/wp-content\/uploads\/sites\/9\/2024\/11\/FOTO-REGATA-3.jpg)\" >\n\t\t\t\t\t\t\t\t\t<img width=\"957\" height=\"1280\" src=\"https:\/\/www.facet.unt.edu.ar\/facetinforma\/wp-content\/uploads\/sites\/9\/2024\/11\/FOTO-REGATA-3.jpg\" class=\"sow-slider-background-image skip-lazy\" alt=\"\" decoding=\"async\" loading=\"eager\" \/>\t\t\t\t\t\t\t\t<\/li>\n\t\t\t\t<li class=\"sow-slider-image  sow-slider-image-cover\" style=\"visibility: hidden;;background-image: url(https:\/\/www.facet.unt.edu.ar\/facetinforma\/wp-content\/uploads\/sites\/9\/2024\/11\/FOTO-REGATA-4.jpg)\" >\n\t\t\t\t\t\t\t\t\t<img width=\"864\" height=\"1152\" src=\"https:\/\/www.facet.unt.edu.ar\/facetinforma\/wp-content\/uploads\/sites\/9\/2024\/11\/FOTO-REGATA-4.jpg\" class=\"sow-slider-background-image skip-lazy\" alt=\"\" decoding=\"async\" loading=\"eager\" \/>\t\t\t\t\t\t\t\t<\/li>\n\t\t<\/ul>\t\t\t\t<ol class=\"sow-slider-pagination\">\n\t\t\t\t\t\t\t\t\t\t\t<li><a href=\"#\" data-goto=\"0\" aria-label=\"mostrar diapositiva 1\"><\/a><\/li>\n\t\t\t\t\t\t\t\t\t\t\t<li><a href=\"#\" data-goto=\"1\" aria-label=\"mostrar diapositiva 2\"><\/a><\/li>\n\t\t\t\t\t\t\t\t\t\t\t<li><a href=\"#\" data-goto=\"2\" aria-label=\"mostrar diapositiva 3\"><\/a><\/li>\n\t\t\t\t\t\t\t\t\t<\/ol>\n\n\t\t\t\t<div class=\"sow-slide-nav sow-slide-nav-next\">\n\t\t\t\t\t<a href=\"#\" data-goto=\"next\" aria-label=\"diapositiva siguiente\" data-action=\"next\">\n\t\t\t\t\t\t<em class=\"sow-sld-icon-thin-right\"><\/em>\n\t\t\t\t\t<\/a>\n\t\t\t\t<\/div>\n\n\t\t\t\t<div class=\"sow-slide-nav sow-slide-nav-prev\">\n\t\t\t\t\t<a href=\"#\" data-goto=\"previous\" aria-label=\"diapositiva anterior\" data-action=\"prev\">\n\t\t\t\t\t\t<em class=\"sow-sld-icon-thin-left\"><\/em>\n\t\t\t\t\t<\/a>\n\t\t\t\t<\/div>\n\t\t\t\t<\/div><\/div><\/div><\/div><\/div><\/div>","protected":false},"excerpt":{"rendered":"<p>Se invita a profesionales y t\u00e9cnicos relacionados a los recursos h\u00eddricos y estudiantes avanzados de la carrera de Ingenier\u00eda Civil, a participar de la\u00a0 jornada gratuita de medici\u00f3n de caudales, que se\u00a0 llevar\u00e1 a cabo el d\u00eda jueves 28 de noviembre del 2024 de 09.00 am a 13.00 pm, en el tramo del r\u00edo Lules [&hellip;]<\/p>\n","protected":false},"author":123512,"featured_media":28250,"comment_status":"closed","ping_status":"closed","sticky":false,"template":"","format":"standard","meta":[],"categories":[1],"tags":[],"_links":{"self":[{"href":"https:\/\/www.facet.unt.edu.ar\/facetinforma\/wp-json\/wp\/v2\/posts\/28249"}],"collection":[{"href":"https:\/\/www.facet.unt.edu.ar\/facetinforma\/wp-json\/wp\/v2\/posts"}],"about":[{"href":"https:\/\/www.facet.unt.edu.ar\/facetinforma\/wp-json\/wp\/v2\/types\/post"}],"author":[{"embeddable":true,"href":"https:\/\/www.facet.unt.edu.ar\/facetinforma\/wp-json\/wp\/v2\/users\/123512"}],"replies":[{"embeddable":true,"href":"https:\/\/www.facet.unt.edu.ar\/facetinforma\/wp-json\/wp\/v2\/comments?post=28249"}],"version-history":[{"count":8,"href":"https:\/\/www.facet.unt.edu.ar\/facetinforma\/wp-json\/wp\/v2\/posts\/28249\/revisions"}],"predecessor-version":[{"id":28261,"href":"https:\/\/www.facet.unt.edu.ar\/facetinforma\/wp-json\/wp\/v2\/posts\/28249\/revisions\/28261"}],"wp:featuredmedia":[{"embeddable":true,"href":"https:\/\/www.facet.unt.edu.ar\/facetinforma\/wp-json\/wp\/v2\/media\/28250"}],"wp:attachment":[{"href":"https:\/\/www.facet.unt.edu.ar\/facetinforma\/wp-json\/wp\/v2\/media?parent=28249"}],"wp:term":[{"taxonomy":"category","embeddable":true,"href":"https:\/\/www.facet.unt.edu.ar\/facetinforma\/wp-json\/wp\/v2\/categories?post=28249"},{"taxonomy":"post_tag","embeddable":true,"href":"https:\/\/www.facet.unt.edu.ar\/facetinforma\/wp-json\/wp\/v2\/tags?post=28249"}],"curies":[{"name":"wp","href":"https:\/\/api.w.org\/{rel}","templated":true}]}}