{"id":28332,"date":"2024-11-27T11:41:51","date_gmt":"2024-11-27T14:41:51","guid":{"rendered":"https:\/\/www.facet.unt.edu.ar\/facetinforma\/?p=28332"},"modified":"2024-11-28T08:44:45","modified_gmt":"2024-11-28T11:44:45","slug":"aniversario-facet","status":"publish","type":"post","link":"https:\/\/www.facet.unt.edu.ar\/facetinforma\/2024\/11\/27\/aniversario-facet\/","title":{"rendered":"Aniversario FACET"},"content":{"rendered":"<div id=\"pl-28332\"  class=\"panel-layout\" ><div id=\"pg-28332-0\"  class=\"panel-grid panel-no-style\" ><div id=\"pgc-28332-0-0\"  class=\"panel-grid-cell\" ><div id=\"panel-28332-0-0-0\" class=\"so-panel widget widget_media_image panel-first-child panel-last-child\" data-index=\"0\" ><img width=\"1080\" height=\"1080\" src=\"https:\/\/www.facet.unt.edu.ar\/facetinforma\/wp-content\/uploads\/sites\/9\/2024\/11\/unnamed-27.png\" class=\"image wp-image-28333  attachment-full size-full\" alt=\"\" decoding=\"async\" loading=\"lazy\" style=\"max-width: 100%; height: auto;\" \/><\/div><\/div><div id=\"pgc-28332-0-1\"  class=\"panel-grid-cell\" ><div id=\"panel-28332-0-1-0\" class=\"so-panel widget widget_sow-editor panel-first-child\" data-index=\"1\" ><div\n\t\t\t\n\t\t\tclass=\"so-widget-sow-editor so-widget-sow-editor-base\"\n\t\t\t\n\t\t>\n<div class=\"siteorigin-widget-tinymce textwidget\">\n\t<p><span style=\"font-weight: 400;\">Hoy 27 de Noviembre de 2024, nuestra querida Facultad de Ciencias Exactas y Tecnolog\u00eda cumple 107 a\u00f1os de existencia.<\/span><\/p>\n<p><span style=\"font-weight: 400;\">Sus primeros antecedentes deben buscarse por el a\u00f1o 1915, cuando la por entonces Universidad de Tucum\u00e1n dependiente del estado provincial, contaba con la Facultad de Ciencias F\u00edsicas y Matem\u00e1ticas en las que se dictaban las carreras de Ingeniero en Puentes y Caminos y de Agrimensor.<\/span><\/p>\n<p><span style=\"font-weight: 400;\">Sin embargo se tiene como fecha de creaci\u00f3n de nuestra Facultad, al d\u00eda martes 27 de Noviembre de 1917, cuando el Consejo Superior decreta la creaci\u00f3n de las carreras de Ingeniero Civil e Ingeniero Ge\u00f3grafo ambas de tres a\u00f1os de duraci\u00f3n en el \u00e1mbito de la novel Facultad de Ciencias Exactas. Muy poco tiempo despu\u00e9s, esta cambia su nombre, por el de Facultad de Ingenier\u00eda Civil.<\/span><\/p>\n<p><span style=\"font-weight: 400;\">Ya transferida la Universidad de Tucum\u00e1n al estado nacional, la facultad experimenta un nuevo cambio de nombre, se la titula como Facultad de Ingenier\u00eda debido a su amplia oferta de formaci\u00f3n de grado que inclu\u00eda a las carreras de Ingenier\u00eda de Minas e Ingenier\u00eda Qu\u00edmica, como as\u00ed tambi\u00e9n por tener a su cargo la habilitaci\u00f3n de profesionales destinados a las industrias.<\/span><\/p>\n<p><span style=\"font-weight: 400;\">En el a\u00f1o 1942, cambia nuevamente su nombre por el de Facultad de Ciencias Exactas, Puras y Aplicadas, para finalmente adoptar el nombre que lleva hasta hoy en d\u00eda, el cual referencia las disciplinas cient\u00edficas que contiene y a su vez su aplicaci\u00f3n pr\u00e1ctica, la implementaci\u00f3n y el desarrollo tecnol\u00f3gico.<\/span><\/p>\n<p><span style=\"font-weight: 400;\">Por sus aulas, anfiteatros, talleres y laboratorios han pasado miles de alumnos y los m\u00e1s notables y prestigiosos cient\u00edficos y docentes del \u00e1mbito nacional e internacional.<\/span><\/p>\n<p><span style=\"font-weight: 400;\">Que este nuevo aniversario, nos permita a todos quienes integramos nuestra querida FACET, renovar esfuerzos y creatividad para que \u00e9sta contin\u00fae liderando en su rol de formadora de profesionales en el \u00e1rea de las ciencias exactas, impulsando la investigaci\u00f3n cient\u00edfica y aplicada, como as\u00ed tambi\u00e9n incrementando la extensi\u00f3n y la transferencia tecnol\u00f3gica hacia la sociedad que la alberga.<\/span><\/p>\n<\/div>\n<\/div><\/div><div id=\"panel-28332-0-1-1\" class=\"so-panel widget widget_sow-slider panel-last-child\" data-index=\"2\" ><div\n\t\t\t\n\t\t\tclass=\"so-widget-sow-slider so-widget-sow-slider-default-53fd0f98de19-28332\"\n\t\t\t\n\t\t><div class=\"sow-slider-base\" style=\"display: none\"><ul\n\t\t\t\t\tclass=\"sow-slider-images\"\n\t\t\t\t\tdata-settings=\"{&quot;pagination&quot;:true,&quot;speed&quot;:800,&quot;timeout&quot;:8000,&quot;paused&quot;:false,&quot;pause_on_hover&quot;:false,&quot;swipe&quot;:true,&quot;nav_always_show_desktop&quot;:&quot;&quot;,&quot;nav_always_show_mobile&quot;:&quot;&quot;,&quot;breakpoint&quot;:&quot;780px&quot;,&quot;unmute&quot;:false,&quot;anchor&quot;:null}\"\n\t\t\t\t\t\t\t\t\t\tdata-anchor-id=\"\"\n\t\t\t\t>\t\t<li class=\"sow-slider-image  sow-slider-image-cover\" style=\"visibility: visible;;background-image: url(https:\/\/www.facet.unt.edu.ar\/facetinforma\/wp-content\/uploads\/sites\/9\/2024\/11\/facultad_de_ingeniera_20091016_1875171116.jpg)\" >\n\t\t\t\t\t\t\t\t\t<img width=\"417\" height=\"313\" src=\"https:\/\/www.facet.unt.edu.ar\/facetinforma\/wp-content\/uploads\/sites\/9\/2024\/11\/facultad_de_ingeniera_20091016_1875171116.jpg\" class=\"sow-slider-background-image skip-lazy\" alt=\"\" decoding=\"async\" loading=\"eager\" \/>\t\t\t\t\t\t\t\t<\/li>\n\t\t\t\t<li class=\"sow-slider-image  sow-slider-image-cover\" style=\"visibility: hidden;;background-image: url(https:\/\/www.facet.unt.edu.ar\/facetinforma\/wp-content\/uploads\/sites\/9\/2024\/11\/clase_de_fsica_20091015_19053674472.jpg)\" >\n\t\t\t\t\t\t\t\t\t<img width=\"440\" height=\"326\" src=\"https:\/\/www.facet.unt.edu.ar\/facetinforma\/wp-content\/uploads\/sites\/9\/2024\/11\/clase_de_fsica_20091015_19053674472.jpg\" class=\"sow-slider-background-image skip-lazy\" alt=\"\" decoding=\"async\" loading=\"eager\" \/>\t\t\t\t\t\t\t\t<\/li>\n\t\t<\/ul>\t\t\t\t<ol class=\"sow-slider-pagination\">\n\t\t\t\t\t\t\t\t\t\t\t<li><a href=\"#\" data-goto=\"0\" aria-label=\"mostrar diapositiva 1\"><\/a><\/li>\n\t\t\t\t\t\t\t\t\t\t\t<li><a href=\"#\" data-goto=\"1\" aria-label=\"mostrar diapositiva 2\"><\/a><\/li>\n\t\t\t\t\t\t\t\t\t<\/ol>\n\n\t\t\t\t<div class=\"sow-slide-nav sow-slide-nav-next\">\n\t\t\t\t\t<a href=\"#\" data-goto=\"next\" aria-label=\"diapositiva siguiente\" data-action=\"next\">\n\t\t\t\t\t\t<em class=\"sow-sld-icon-thin-right\"><\/em>\n\t\t\t\t\t<\/a>\n\t\t\t\t<\/div>\n\n\t\t\t\t<div class=\"sow-slide-nav sow-slide-nav-prev\">\n\t\t\t\t\t<a href=\"#\" data-goto=\"previous\" aria-label=\"diapositiva anterior\" data-action=\"prev\">\n\t\t\t\t\t\t<em class=\"sow-sld-icon-thin-left\"><\/em>\n\t\t\t\t\t<\/a>\n\t\t\t\t<\/div>\n\t\t\t\t<\/div><\/div><\/div><\/div><\/div><\/div>","protected":false},"excerpt":{"rendered":"<p>Hoy 27 de Noviembre de 2024, nuestra querida Facultad de Ciencias Exactas y Tecnolog\u00eda cumple 107 a\u00f1os de existencia. Sus primeros antecedentes deben buscarse por el a\u00f1o 1915, cuando la por entonces Universidad de Tucum\u00e1n dependiente del estado provincial, contaba con la Facultad de Ciencias F\u00edsicas y Matem\u00e1ticas en las que se dictaban las carreras [&hellip;]<\/p>\n","protected":false},"author":123512,"featured_media":28333,"comment_status":"closed","ping_status":"closed","sticky":false,"template":"","format":"standard","meta":[],"categories":[1],"tags":[],"_links":{"self":[{"href":"https:\/\/www.facet.unt.edu.ar\/facetinforma\/wp-json\/wp\/v2\/posts\/28332"}],"collection":[{"href":"https:\/\/www.facet.unt.edu.ar\/facetinforma\/wp-json\/wp\/v2\/posts"}],"about":[{"href":"https:\/\/www.facet.unt.edu.ar\/facetinforma\/wp-json\/wp\/v2\/types\/post"}],"author":[{"embeddable":true,"href":"https:\/\/www.facet.unt.edu.ar\/facetinforma\/wp-json\/wp\/v2\/users\/123512"}],"replies":[{"embeddable":true,"href":"https:\/\/www.facet.unt.edu.ar\/facetinforma\/wp-json\/wp\/v2\/comments?post=28332"}],"version-history":[{"count":9,"href":"https:\/\/www.facet.unt.edu.ar\/facetinforma\/wp-json\/wp\/v2\/posts\/28332\/revisions"}],"predecessor-version":[{"id":28344,"href":"https:\/\/www.facet.unt.edu.ar\/facetinforma\/wp-json\/wp\/v2\/posts\/28332\/revisions\/28344"}],"wp:featuredmedia":[{"embeddable":true,"href":"https:\/\/www.facet.unt.edu.ar\/facetinforma\/wp-json\/wp\/v2\/media\/28333"}],"wp:attachment":[{"href":"https:\/\/www.facet.unt.edu.ar\/facetinforma\/wp-json\/wp\/v2\/media?parent=28332"}],"wp:term":[{"taxonomy":"category","embeddable":true,"href":"https:\/\/www.facet.unt.edu.ar\/facetinforma\/wp-json\/wp\/v2\/categories?post=28332"},{"taxonomy":"post_tag","embeddable":true,"href":"https:\/\/www.facet.unt.edu.ar\/facetinforma\/wp-json\/wp\/v2\/tags?post=28332"}],"curies":[{"name":"wp","href":"https:\/\/api.w.org\/{rel}","templated":true}]}}