{"id":28457,"date":"2024-12-10T11:26:23","date_gmt":"2024-12-10T14:26:23","guid":{"rendered":"https:\/\/www.facet.unt.edu.ar\/facetinforma\/?p=28457"},"modified":"2024-12-10T11:29:59","modified_gmt":"2024-12-10T14:29:59","slug":"se-inauguro-las-jornadas-ieec-2024","status":"publish","type":"post","link":"https:\/\/www.facet.unt.edu.ar\/facetinforma\/2024\/12\/10\/se-inauguro-las-jornadas-ieec-2024\/","title":{"rendered":"Se inaugur\u00f3 las &#8220;Jornadas IEEC 2024&#8221;"},"content":{"rendered":"<div id=\"pl-28457\"  class=\"panel-layout\" ><div id=\"pg-28457-0\"  class=\"panel-grid panel-no-style\" ><div id=\"pgc-28457-0-0\"  class=\"panel-grid-cell\" ><div id=\"panel-28457-0-0-0\" class=\"so-panel widget widget_media_image panel-first-child panel-last-child\" data-index=\"0\" ><img width=\"1280\" height=\"1280\" src=\"https:\/\/www.facet.unt.edu.ar\/facetinforma\/wp-content\/uploads\/sites\/9\/2024\/12\/WhatsApp-Image-2024-12-10-at-11.09.38-AM.jpeg\" class=\"image wp-image-28458  attachment-full size-full\" alt=\"\" decoding=\"async\" loading=\"lazy\" style=\"max-width: 100%; height: auto;\" \/><\/div><\/div><div id=\"pgc-28457-0-1\"  class=\"panel-grid-cell\" ><div id=\"panel-28457-0-1-0\" class=\"so-panel widget widget_sow-editor panel-first-child\" data-index=\"1\" ><div\n\t\t\t\n\t\t\tclass=\"so-widget-sow-editor so-widget-sow-editor-base\"\n\t\t\t\n\t\t>\n<div class=\"siteorigin-widget-tinymce textwidget\">\n\t<p><span style=\"font-weight: 400;\">En presencia de la Ing. Mar\u00eda de los \u00c1ngeles Gomez L\u00f3pez, Ing. Gustavo Ju\u00e1rez, Ing. Carlos Ivan, Dr.Nicolas Nieva y el Decano de la FACET, Dr. Miguel \u00c1ngel Cabrera, se inaugur\u00f3 la Jornada 2024 de Ingenier\u00eda El\u00e9ctrica, Electr\u00f3nica y Computaci\u00f3n (IEEC), organizadas por un equipo de docentes pertenecientes al Departamento de Electricidad, Electr\u00f3nica y Computaci\u00f3n de la Facultad de Ciencias Exactas y Tecnolog\u00eda (FACET).<\/span><\/p>\n<p><span style=\"font-weight: 400;\">Las Jornadas IEEC representan un espacio acad\u00e9mico y profesional \u00fanico para la presentaci\u00f3n de proyectos, avances tecnol\u00f3gicos e investigaciones de impacto en las \u00e1reas de ingenier\u00eda el\u00e9ctrica, electr\u00f3nica y computaci\u00f3n. Se cuenta con la participaci\u00f3n de estudiantes, docentes e investigadores de la FACET. Se presentar\u00e1n trabajos individuales o en equipos, sobre los temas de sus actividades de investigaci\u00f3n, desarrollo, transferencia, formaci\u00f3n superior universitaria, y temas vinculados a la docencia, que hayan sido realizados durante el corriente a\u00f1o en las \u00e1reas de electr\u00f3nica, electricidad, computaci\u00f3n, educaci\u00f3n y gesti\u00f3n.<\/span><\/p>\n<p><span style=\"font-weight: 400;\">Cabe recordar que se desarrollar\u00e1 hoy y ma\u00f1ana 11 de diciembre.\u00a0<\/span><\/p>\n<p><span style=\"font-weight: 400;\">El Dr. Cabrera dirigi\u00f3 unas palabras alusivas haciendo hincapi\u00e9 en los proyectos importantes que present\u00f3 el Departamento a lo largo de los a\u00f1os\u201d... insto a reunirse anualmente para intercambiar conocimientos y trabajar en equipo, esto fortalecer\u00e1 el crecimiento del Departamento\u201d concluy\u00f3. <\/span><\/p>\n<\/div>\n<\/div><\/div><div id=\"panel-28457-0-1-1\" class=\"so-panel widget widget_sow-slider panel-last-child\" data-index=\"2\" ><div\n\t\t\t\n\t\t\tclass=\"so-widget-sow-slider so-widget-sow-slider-default-53fd0f98de19-28457\"\n\t\t\t\n\t\t><div class=\"sow-slider-base\" style=\"display: none\"><ul\n\t\t\t\t\tclass=\"sow-slider-images\"\n\t\t\t\t\tdata-settings=\"{&quot;pagination&quot;:true,&quot;speed&quot;:800,&quot;timeout&quot;:8000,&quot;paused&quot;:false,&quot;pause_on_hover&quot;:false,&quot;swipe&quot;:true,&quot;nav_always_show_desktop&quot;:&quot;&quot;,&quot;nav_always_show_mobile&quot;:&quot;&quot;,&quot;breakpoint&quot;:&quot;780px&quot;,&quot;unmute&quot;:false,&quot;anchor&quot;:null}\"\n\t\t\t\t\t\t\t\t\t\tdata-anchor-id=\"\"\n\t\t\t\t>\t\t<li class=\"sow-slider-image  sow-slider-image-cover\" style=\"visibility: visible;;background-image: url(https:\/\/www.facet.unt.edu.ar\/facetinforma\/wp-content\/uploads\/sites\/9\/2024\/12\/WhatsApp-Image-2024-12-10-at-11.02.24-AM.jpeg)\" >\n\t\t\t\t\t\t\t\t\t<img width=\"1600\" height=\"1600\" src=\"https:\/\/www.facet.unt.edu.ar\/facetinforma\/wp-content\/uploads\/sites\/9\/2024\/12\/WhatsApp-Image-2024-12-10-at-11.02.24-AM.jpeg\" class=\"sow-slider-background-image skip-lazy\" alt=\"\" decoding=\"async\" loading=\"eager\" \/>\t\t\t\t\t\t\t\t<\/li>\n\t\t\t\t<li class=\"sow-slider-image  sow-slider-image-cover\" style=\"visibility: hidden;;background-image: url(https:\/\/www.facet.unt.edu.ar\/facetinforma\/wp-content\/uploads\/sites\/9\/2024\/12\/WhatsApp-Image-2024-12-10-at-11.02.27-AM.jpeg)\" >\n\t\t\t\t\t\t\t\t\t<img width=\"1600\" height=\"1600\" src=\"https:\/\/www.facet.unt.edu.ar\/facetinforma\/wp-content\/uploads\/sites\/9\/2024\/12\/WhatsApp-Image-2024-12-10-at-11.02.27-AM.jpeg\" class=\"sow-slider-background-image skip-lazy\" alt=\"\" decoding=\"async\" loading=\"eager\" \/>\t\t\t\t\t\t\t\t<\/li>\n\t\t<\/ul>\t\t\t\t<ol class=\"sow-slider-pagination\">\n\t\t\t\t\t\t\t\t\t\t\t<li><a href=\"#\" data-goto=\"0\" aria-label=\"mostrar diapositiva 1\"><\/a><\/li>\n\t\t\t\t\t\t\t\t\t\t\t<li><a href=\"#\" data-goto=\"1\" aria-label=\"mostrar diapositiva 2\"><\/a><\/li>\n\t\t\t\t\t\t\t\t\t<\/ol>\n\n\t\t\t\t<div class=\"sow-slide-nav sow-slide-nav-next\">\n\t\t\t\t\t<a href=\"#\" data-goto=\"next\" aria-label=\"diapositiva siguiente\" data-action=\"next\">\n\t\t\t\t\t\t<em class=\"sow-sld-icon-thin-right\"><\/em>\n\t\t\t\t\t<\/a>\n\t\t\t\t<\/div>\n\n\t\t\t\t<div class=\"sow-slide-nav sow-slide-nav-prev\">\n\t\t\t\t\t<a href=\"#\" data-goto=\"previous\" aria-label=\"diapositiva anterior\" data-action=\"prev\">\n\t\t\t\t\t\t<em class=\"sow-sld-icon-thin-left\"><\/em>\n\t\t\t\t\t<\/a>\n\t\t\t\t<\/div>\n\t\t\t\t<\/div><\/div><\/div><\/div><\/div><\/div>","protected":false},"excerpt":{"rendered":"<p>En presencia de la Ing. Mar\u00eda de los \u00c1ngeles Gomez L\u00f3pez, Ing. Gustavo Ju\u00e1rez, Ing. Carlos Ivan, Dr.Nicolas Nieva y el Decano de la FACET, Dr. Miguel \u00c1ngel Cabrera, se inaugur\u00f3 la Jornada 2024 de Ingenier\u00eda El\u00e9ctrica, Electr\u00f3nica y Computaci\u00f3n (IEEC), organizadas por un equipo de docentes pertenecientes al Departamento de Electricidad, Electr\u00f3nica y Computaci\u00f3n [&hellip;]<\/p>\n","protected":false},"author":123512,"featured_media":28458,"comment_status":"closed","ping_status":"closed","sticky":false,"template":"","format":"standard","meta":[],"categories":[1],"tags":[],"_links":{"self":[{"href":"https:\/\/www.facet.unt.edu.ar\/facetinforma\/wp-json\/wp\/v2\/posts\/28457"}],"collection":[{"href":"https:\/\/www.facet.unt.edu.ar\/facetinforma\/wp-json\/wp\/v2\/posts"}],"about":[{"href":"https:\/\/www.facet.unt.edu.ar\/facetinforma\/wp-json\/wp\/v2\/types\/post"}],"author":[{"embeddable":true,"href":"https:\/\/www.facet.unt.edu.ar\/facetinforma\/wp-json\/wp\/v2\/users\/123512"}],"replies":[{"embeddable":true,"href":"https:\/\/www.facet.unt.edu.ar\/facetinforma\/wp-json\/wp\/v2\/comments?post=28457"}],"version-history":[{"count":9,"href":"https:\/\/www.facet.unt.edu.ar\/facetinforma\/wp-json\/wp\/v2\/posts\/28457\/revisions"}],"predecessor-version":[{"id":28467,"href":"https:\/\/www.facet.unt.edu.ar\/facetinforma\/wp-json\/wp\/v2\/posts\/28457\/revisions\/28467"}],"wp:featuredmedia":[{"embeddable":true,"href":"https:\/\/www.facet.unt.edu.ar\/facetinforma\/wp-json\/wp\/v2\/media\/28458"}],"wp:attachment":[{"href":"https:\/\/www.facet.unt.edu.ar\/facetinforma\/wp-json\/wp\/v2\/media?parent=28457"}],"wp:term":[{"taxonomy":"category","embeddable":true,"href":"https:\/\/www.facet.unt.edu.ar\/facetinforma\/wp-json\/wp\/v2\/categories?post=28457"},{"taxonomy":"post_tag","embeddable":true,"href":"https:\/\/www.facet.unt.edu.ar\/facetinforma\/wp-json\/wp\/v2\/tags?post=28457"}],"curies":[{"name":"wp","href":"https:\/\/api.w.org\/{rel}","templated":true}]}}