{"id":285,"date":"2012-03-07T14:20:37","date_gmt":"2012-03-07T14:20:37","guid":{"rendered":"http:\/\/www1.herrera.unt.edu.ar\/facetinforma\/?p=285"},"modified":"2012-03-07T14:20:37","modified_gmt":"2012-03-07T14:20:37","slug":"cursos-de-posgrado-unlp","status":"publish","type":"post","link":"https:\/\/www.facet.unt.edu.ar\/facetinforma\/2012\/03\/07\/cursos-de-posgrado-unlp\/","title":{"rendered":"Cursos de Posgrado UNLP"},"content":{"rendered":"<p style=\"text-align: justify\">Entre el 13 y 18 de febrero de 2012 se desarrollaron en la Universidad Nacional de La Plata diversos Cursos de Posgrado dentro del marco de su Escuela de Verano, brindando un espacio de formaci\u00f3n y perfeccionamiento en distintas \u00e1reas del conocimiento.<\/p>\n<p style=\"text-align: justify\">Los cursos fueron dictados por expertos internacionales provenientes de Espa\u00f1a, Italia, M\u00e9jico y Brasil, y nacionales de las Universidades de Tucum\u00e1n, R\u00edo Cuarto y La Plata.<\/p>\n<p style=\"text-align: justify\">Uno de estos cursos fue \u00a0\u201cSistemas Tecnol\u00f3gicos Basados en Energ\u00edas Renovables\u201d, que estuvo a cargo del Mag. Ing. Jorge A.\u00a0Gonz\u00e1lez, docente e investigador de la Facultad de Ciencias Exactas y Tecnolog\u00eda de la Universidad Nacional de Tucum\u00e1n y coordinado por el Dr. Gustavo San Juan, docente e investigador de la UNLP. La extensi\u00f3n horaria fue de 40 hs y asistieron 23 profesionales de las \u00e1reas de la Ingenier\u00eda, la F\u00edsica y la Arquitectura.\u00a0<\/p>\n<p style=\"text-align: justify\">La tem\u00e1tica desarrollada, se centr\u00f3 en los\u00a0nuevos sistemas tecnol\u00f3gicos para la producci\u00f3n de energ\u00eda que aprovechan como fuente la energ\u00eda solar. Se dio especial \u00e9nfasis al tema de radiaci\u00f3n solar y a la generaci\u00f3n de energ\u00eda el\u00e9ctrica por medio de sistemas fotovoltaicos y aerogeneradores. Se brind\u00f3 tambi\u00e9n la base del software RETScreen Internacional, para evaluar proyectos de energ\u00eda limpia. \u00a0<\/p>\n<p style=\"text-align: justify\">Por \u00faltimo cabe resaltar, que este curso forma parte de una serie de acciones que viene llevando adelante, el Comit\u00e9 de Energ\u00eda de la Asociaci\u00f3n de Universidades del Grupo de Montevideo (AUGM).<\/p>\n<p style=\"text-align: center\"><strong>Grupo de EERR<\/strong><\/p>\n<p style=\"text-align: justify\"><a href=\"https:\/\/www.facet.unt.edu.ar\/facetinforma\/wp-content\/uploads\/sites\/9\/2012\/03\/El-Grupo-de-EERR2.jpg\"><img decoding=\"async\" loading=\"lazy\" class=\"aligncenter size-medium wp-image-290\" title=\"El Grupo de EERR\" src=\"https:\/\/www.facet.unt.edu.ar\/facetinforma\/wp-content\/uploads\/sites\/9\/2012\/03\/El-Grupo-de-EERR2-300x225.jpg\" alt=\"\" width=\"300\" height=\"225\" srcset=\"https:\/\/www.facet.unt.edu.ar\/facetinforma\/wp-content\/uploads\/sites\/9\/2012\/03\/El-Grupo-de-EERR2-300x225.jpg 300w, https:\/\/www.facet.unt.edu.ar\/facetinforma\/wp-content\/uploads\/sites\/9\/2012\/03\/El-Grupo-de-EERR2-1024x768.jpg 1024w\" sizes=\"(max-width: 300px) 100vw, 300px\" \/><\/a><\/p>\n","protected":false},"excerpt":{"rendered":"<p>Entre el 13 y 18 de febrero de 2012 se desarrollaron en la Universidad Nacional de La Plata diversos Cursos de Posgrado dentro del marco de su Escuela de Verano, brindando un espacio de formaci\u00f3n y perfeccionamiento en distintas \u00e1reas del conocimiento. Los cursos fueron dictados por expertos internacionales provenientes de Espa\u00f1a, Italia, M\u00e9jico y [&hellip;]<\/p>\n","protected":false},"author":6,"featured_media":0,"comment_status":"closed","ping_status":"open","sticky":false,"template":"","format":"standard","meta":[],"categories":[5],"tags":[],"_links":{"self":[{"href":"https:\/\/www.facet.unt.edu.ar\/facetinforma\/wp-json\/wp\/v2\/posts\/285"}],"collection":[{"href":"https:\/\/www.facet.unt.edu.ar\/facetinforma\/wp-json\/wp\/v2\/posts"}],"about":[{"href":"https:\/\/www.facet.unt.edu.ar\/facetinforma\/wp-json\/wp\/v2\/types\/post"}],"author":[{"embeddable":true,"href":"https:\/\/www.facet.unt.edu.ar\/facetinforma\/wp-json\/wp\/v2\/users\/6"}],"replies":[{"embeddable":true,"href":"https:\/\/www.facet.unt.edu.ar\/facetinforma\/wp-json\/wp\/v2\/comments?post=285"}],"version-history":[{"count":0,"href":"https:\/\/www.facet.unt.edu.ar\/facetinforma\/wp-json\/wp\/v2\/posts\/285\/revisions"}],"wp:attachment":[{"href":"https:\/\/www.facet.unt.edu.ar\/facetinforma\/wp-json\/wp\/v2\/media?parent=285"}],"wp:term":[{"taxonomy":"category","embeddable":true,"href":"https:\/\/www.facet.unt.edu.ar\/facetinforma\/wp-json\/wp\/v2\/categories?post=285"},{"taxonomy":"post_tag","embeddable":true,"href":"https:\/\/www.facet.unt.edu.ar\/facetinforma\/wp-json\/wp\/v2\/tags?post=285"}],"curies":[{"name":"wp","href":"https:\/\/api.w.org\/{rel}","templated":true}]}}