{"id":28525,"date":"2024-12-18T10:00:02","date_gmt":"2024-12-18T13:00:02","guid":{"rendered":"https:\/\/www.facet.unt.edu.ar\/facetinforma\/?p=28525"},"modified":"2024-12-18T10:00:08","modified_gmt":"2024-12-18T13:00:08","slug":"se-desarrollo-el-foro-de-ingenieria-de-tucuman-en-la-facet","status":"publish","type":"post","link":"https:\/\/www.facet.unt.edu.ar\/facetinforma\/2024\/12\/18\/se-desarrollo-el-foro-de-ingenieria-de-tucuman-en-la-facet\/","title":{"rendered":"Se desarroll\u00f3 el Foro de Ingenier\u00eda de Tucum\u00e1n en la FACET"},"content":{"rendered":"<div id=\"pl-28525\"  class=\"panel-layout\" ><div id=\"pg-28525-0\"  class=\"panel-grid panel-no-style\" ><div id=\"pgc-28525-0-0\"  class=\"panel-grid-cell\" ><div id=\"panel-28525-0-0-0\" class=\"so-panel widget widget_media_image panel-first-child panel-last-child\" data-index=\"0\" ><img width=\"1600\" height=\"1600\" src=\"https:\/\/www.facet.unt.edu.ar\/facetinforma\/wp-content\/uploads\/sites\/9\/2024\/12\/WhatsApp-Image-2024-12-18-at-9.55.11-AM-1.jpeg\" class=\"image wp-image-28527  attachment-full size-full\" alt=\"\" decoding=\"async\" loading=\"lazy\" style=\"max-width: 100%; height: auto;\" \/><\/div><\/div><div id=\"pgc-28525-0-1\"  class=\"panel-grid-cell\" ><div id=\"panel-28525-0-1-0\" class=\"so-panel widget widget_sow-editor panel-first-child\" data-index=\"1\" ><div\n\t\t\t\n\t\t\tclass=\"so-widget-sow-editor so-widget-sow-editor-base\"\n\t\t\t\n\t\t>\n<div class=\"siteorigin-widget-tinymce textwidget\">\n\t<p><span style=\"font-weight: 400;\">El martes 17 de diciembre a las 9.30 hs se realiz\u00f3 en nuestra facultad el Foro de Ingenier\u00eda de Tucum\u00e1n. Con la presencia de referentes del Centro de Ingenieros de Tucum\u00e1n, CONICET (Consejo Nacional de Investigaciones Cient\u00edficas y t\u00e9cnicas), COPIT (Consejo Profesional de la Ingenier\u00eda de Tucum\u00e1n), EEAOC (Estaci\u00f3n Experimental Agroindustrial Obispo Colombres), INTA (Instituto Nacional de Tecnolog\u00eda Agropecuaria), INTI (Instituto Nacional de Tecnolog\u00eda Industrial), Secretar\u00eda de Innovaci\u00f3n Tecnol\u00f3gica Intendencia SMT y la Secretar\u00eda de Planeamiento Gobierno de Tucum\u00e1n<\/span><\/p>\n<p><span style=\"font-weight: 400;\">El foro de la Ingenier\u00eda de Tucum\u00e1n busca ser un espacio de di\u00e1logo entre los distintos sectores involucrados buscando:<\/span><\/p>\n<p><span style=\"font-weight: 400;\">- Impulsar la vinculaci\u00f3n acad\u00e9mica con la laboral<\/span><\/p>\n<p><span style=\"font-weight: 400;\">- Fomentar el desarrollo profesional<\/span><\/p>\n<p><span style=\"font-weight: 400;\">- Intercambiar experiencias<\/span><\/p>\n<p><span style=\"font-weight: 400;\">- Difundir avances tecnol\u00f3gicos<\/span><\/p>\n<p><span style=\"font-weight: 400;\">- Crear oportunidades de networking<\/span><\/p>\n<p><span style=\"font-weight: 400;\">- Desarrollar talleres y conferencias<\/span><\/p>\n<p><span style=\"font-weight: 400;\">- Abordar problem\u00e1ticas locales<\/span><\/p>\n<p><span style=\"font-weight: 400;\">Para poder\u00a0 generar propuestas concretas de desarrollo sostenible de Tucum\u00e1n, articular una red colaborativa de profesionales del \u00e1rea, visibilizar las investigaciones y desarrollos tecnol\u00f3gicos locales.<\/span><\/p>\n<p><span style=\"font-weight: 400;\">La reuni\u00f3n comenz\u00f3 con palabras de bienvenida del Decano de la\u00a0 FACET Dr. Ing. Miguel A. Cabrera<\/span><\/p>\n<p><span style=\"font-weight: 400;\">Continu\u00f3 con la presentaci\u00f3n sobre Desaf\u00edos en la formaci\u00f3n y retenci\u00f3n de talento:<\/span><\/p>\n<p><span style=\"font-weight: 400;\">-\u201cEducaci\u00f3n en ingenier\u00eda: Nuevas competencias y habilidades necesarias en el contexto de la revoluci\u00f3n digital\u201d\u00a0 a cargo de nuestra Secretaria Acad\u00e9mica, Ing. Mar\u00eda Fernanda Guzm\u00e1n.<\/span><\/p>\n<p><span style=\"font-weight: 400;\">- Retos en la retenci\u00f3n de talento: Estrategias para mantener a los profesionales en un mercado competitivo por el Ing. Omar Abraham en representaci\u00f3n del COPIT.<\/span><\/p>\n<p><span style=\"font-weight: 400;\">El foro finaliz\u00f3 con el debate sobre el tema:\u00a0 Desaf\u00edos en la formaci\u00f3n y retenci\u00f3n de talento.<\/span><\/p>\n<p><span style=\"font-weight: 400;\">La reuni\u00f3n en 2025 ser\u00e1 organizada por el Centro de Ingenieros de Tucum\u00e1n.<\/span><\/p>\n<\/div>\n<\/div><\/div><div id=\"panel-28525-0-1-1\" class=\"so-panel widget widget_sow-slider panel-last-child\" data-index=\"2\" ><div\n\t\t\t\n\t\t\tclass=\"so-widget-sow-slider so-widget-sow-slider-default-53fd0f98de19-28525\"\n\t\t\t\n\t\t><div class=\"sow-slider-base\" style=\"display: none\"><ul\n\t\t\t\t\tclass=\"sow-slider-images\"\n\t\t\t\t\tdata-settings=\"{&quot;pagination&quot;:true,&quot;speed&quot;:800,&quot;timeout&quot;:8000,&quot;paused&quot;:false,&quot;pause_on_hover&quot;:false,&quot;swipe&quot;:true,&quot;nav_always_show_desktop&quot;:&quot;&quot;,&quot;nav_always_show_mobile&quot;:&quot;&quot;,&quot;breakpoint&quot;:&quot;780px&quot;,&quot;unmute&quot;:false,&quot;anchor&quot;:null}\"\n\t\t\t\t\t\t\t\t\t\tdata-anchor-id=\"\"\n\t\t\t\t>\t\t<li class=\"sow-slider-image  sow-slider-image-cover\" style=\"visibility: visible;;background-image: url(https:\/\/www.facet.unt.edu.ar\/facetinforma\/wp-content\/uploads\/sites\/9\/2024\/12\/WhatsApp-Image-2024-12-18-at-9.55.11-AM.jpeg)\" >\n\t\t\t\t\t\t\t\t\t<img width=\"1600\" height=\"1600\" src=\"https:\/\/www.facet.unt.edu.ar\/facetinforma\/wp-content\/uploads\/sites\/9\/2024\/12\/WhatsApp-Image-2024-12-18-at-9.55.11-AM.jpeg\" class=\"sow-slider-background-image skip-lazy\" alt=\"\" decoding=\"async\" loading=\"eager\" \/>\t\t\t\t\t\t\t\t<\/li>\n\t\t\t\t<li class=\"sow-slider-image  sow-slider-image-cover\" style=\"visibility: hidden;;background-image: url(https:\/\/www.facet.unt.edu.ar\/facetinforma\/wp-content\/uploads\/sites\/9\/2024\/12\/WhatsApp-Image-2024-12-18-at-9.55.11-AM-2.jpeg)\" >\n\t\t\t\t\t\t\t\t\t<img width=\"1600\" height=\"1600\" src=\"https:\/\/www.facet.unt.edu.ar\/facetinforma\/wp-content\/uploads\/sites\/9\/2024\/12\/WhatsApp-Image-2024-12-18-at-9.55.11-AM-2.jpeg\" class=\"sow-slider-background-image skip-lazy\" alt=\"\" decoding=\"async\" loading=\"eager\" \/>\t\t\t\t\t\t\t\t<\/li>\n\t\t\t\t<li class=\"sow-slider-image  sow-slider-image-cover\" style=\"visibility: hidden;;background-image: url(https:\/\/www.facet.unt.edu.ar\/facetinforma\/wp-content\/uploads\/sites\/9\/2024\/12\/WhatsApp-Image-2024-12-18-at-9.59.05-AM.jpeg)\" >\n\t\t\t\t\t\t\t\t\t<img width=\"900\" height=\"1600\" src=\"https:\/\/www.facet.unt.edu.ar\/facetinforma\/wp-content\/uploads\/sites\/9\/2024\/12\/WhatsApp-Image-2024-12-18-at-9.59.05-AM.jpeg\" class=\"sow-slider-background-image skip-lazy\" alt=\"\" decoding=\"async\" loading=\"eager\" \/>\t\t\t\t\t\t\t\t<\/li>\n\t\t<\/ul>\t\t\t\t<ol class=\"sow-slider-pagination\">\n\t\t\t\t\t\t\t\t\t\t\t<li><a href=\"#\" data-goto=\"0\" aria-label=\"mostrar diapositiva 1\"><\/a><\/li>\n\t\t\t\t\t\t\t\t\t\t\t<li><a href=\"#\" data-goto=\"1\" aria-label=\"mostrar diapositiva 2\"><\/a><\/li>\n\t\t\t\t\t\t\t\t\t\t\t<li><a href=\"#\" data-goto=\"2\" aria-label=\"mostrar diapositiva 3\"><\/a><\/li>\n\t\t\t\t\t\t\t\t\t<\/ol>\n\n\t\t\t\t<div class=\"sow-slide-nav sow-slide-nav-next\">\n\t\t\t\t\t<a href=\"#\" data-goto=\"next\" aria-label=\"diapositiva siguiente\" data-action=\"next\">\n\t\t\t\t\t\t<em class=\"sow-sld-icon-thin-right\"><\/em>\n\t\t\t\t\t<\/a>\n\t\t\t\t<\/div>\n\n\t\t\t\t<div class=\"sow-slide-nav sow-slide-nav-prev\">\n\t\t\t\t\t<a href=\"#\" data-goto=\"previous\" aria-label=\"diapositiva anterior\" data-action=\"prev\">\n\t\t\t\t\t\t<em class=\"sow-sld-icon-thin-left\"><\/em>\n\t\t\t\t\t<\/a>\n\t\t\t\t<\/div>\n\t\t\t\t<\/div><\/div><\/div><\/div><\/div><\/div>","protected":false},"excerpt":{"rendered":"<p>El martes 17 de diciembre a las 9.30 hs se realiz\u00f3 en nuestra facultad el Foro de Ingenier\u00eda de Tucum\u00e1n. Con la presencia de referentes del Centro de Ingenieros de Tucum\u00e1n, CONICET (Consejo Nacional de Investigaciones Cient\u00edficas y t\u00e9cnicas), COPIT (Consejo Profesional de la Ingenier\u00eda de Tucum\u00e1n), EEAOC (Estaci\u00f3n Experimental Agroindustrial Obispo Colombres), INTA (Instituto [&hellip;]<\/p>\n","protected":false},"author":123512,"featured_media":28527,"comment_status":"closed","ping_status":"closed","sticky":false,"template":"","format":"standard","meta":[],"categories":[1],"tags":[],"_links":{"self":[{"href":"https:\/\/www.facet.unt.edu.ar\/facetinforma\/wp-json\/wp\/v2\/posts\/28525"}],"collection":[{"href":"https:\/\/www.facet.unt.edu.ar\/facetinforma\/wp-json\/wp\/v2\/posts"}],"about":[{"href":"https:\/\/www.facet.unt.edu.ar\/facetinforma\/wp-json\/wp\/v2\/types\/post"}],"author":[{"embeddable":true,"href":"https:\/\/www.facet.unt.edu.ar\/facetinforma\/wp-json\/wp\/v2\/users\/123512"}],"replies":[{"embeddable":true,"href":"https:\/\/www.facet.unt.edu.ar\/facetinforma\/wp-json\/wp\/v2\/comments?post=28525"}],"version-history":[{"count":6,"href":"https:\/\/www.facet.unt.edu.ar\/facetinforma\/wp-json\/wp\/v2\/posts\/28525\/revisions"}],"predecessor-version":[{"id":28536,"href":"https:\/\/www.facet.unt.edu.ar\/facetinforma\/wp-json\/wp\/v2\/posts\/28525\/revisions\/28536"}],"wp:featuredmedia":[{"embeddable":true,"href":"https:\/\/www.facet.unt.edu.ar\/facetinforma\/wp-json\/wp\/v2\/media\/28527"}],"wp:attachment":[{"href":"https:\/\/www.facet.unt.edu.ar\/facetinforma\/wp-json\/wp\/v2\/media?parent=28525"}],"wp:term":[{"taxonomy":"category","embeddable":true,"href":"https:\/\/www.facet.unt.edu.ar\/facetinforma\/wp-json\/wp\/v2\/categories?post=28525"},{"taxonomy":"post_tag","embeddable":true,"href":"https:\/\/www.facet.unt.edu.ar\/facetinforma\/wp-json\/wp\/v2\/tags?post=28525"}],"curies":[{"name":"wp","href":"https:\/\/api.w.org\/{rel}","templated":true}]}}