{"id":28607,"date":"2025-02-10T08:35:02","date_gmt":"2025-02-10T11:35:02","guid":{"rendered":"https:\/\/www.facet.unt.edu.ar\/facetinforma\/?p=28607"},"modified":"2025-02-10T08:38:53","modified_gmt":"2025-02-10T11:38:53","slug":"estudiante-de-la-facet-obtuvo-una-beca-en-la-daad","status":"publish","type":"post","link":"https:\/\/www.facet.unt.edu.ar\/facetinforma\/2025\/02\/10\/estudiante-de-la-facet-obtuvo-una-beca-en-la-daad\/","title":{"rendered":"Estudiante de la FACET obtuvo una beca en la DAAD"},"content":{"rendered":"<div id=\"pl-28607\"  class=\"panel-layout\" ><div id=\"pg-28607-0\"  class=\"panel-grid panel-no-style\" ><div id=\"pgc-28607-0-0\"  class=\"panel-grid-cell\" ><div id=\"panel-28607-0-0-0\" class=\"so-panel widget widget_media_image panel-first-child panel-last-child\" data-index=\"0\" ><img width=\"1080\" height=\"1080\" src=\"https:\/\/www.facet.unt.edu.ar\/facetinforma\/wp-content\/uploads\/sites\/9\/2025\/02\/FLYER-BASE-NOTICIAS-4.png\" class=\"image wp-image-28608  attachment-full size-full\" alt=\"\" decoding=\"async\" loading=\"lazy\" style=\"max-width: 100%; height: auto;\" \/><\/div><\/div><div id=\"pgc-28607-0-1\"  class=\"panel-grid-cell\" ><div id=\"panel-28607-0-1-0\" class=\"so-panel widget widget_sow-editor panel-first-child panel-last-child\" data-index=\"1\" ><div\n\t\t\t\n\t\t\tclass=\"so-widget-sow-editor so-widget-sow-editor-base\"\n\t\t\t\n\t\t>\n<div class=\"siteorigin-widget-tinymce textwidget\">\n\t<p><span style=\"font-weight: 400;\">Lourdes M. A. Victoria, estudiante de la Licenciatura en F\u00edsica de nuestra Facultad de Ciencias Exactas y Tecnolog\u00eda, obtuvo una beca de la DAAD para realizar su Tesis de Licenciatura en el Institute of Solar-Terrestrial Physics del German Aerospace Center (DLR), en Neustrelitz, Alemania. Su investigaci\u00f3n se enfocar\u00e1 en el tema \u201cVariabilidad de la ionosfera asociada a tormentas geomagn\u00e9ticas de intensidad d\u00e9bil\u201d, bajo la direcci\u00f3n de la Dra. Claudia Borries. Este Instituto se especializa en el estudio de la ionosfera, termosfera y magnetosfera, y c\u00f3mo estos sistemas son influenciados por el Sol y las capas inferiores de la atm\u00f3sfera terrestre. En particular, la sede del Instituto en Neustrelitz, se especializa en investigaci\u00f3n sobre Meteorolog\u00eda Espacial.<\/span><\/p>\n<p><span style=\"font-weight: 400;\">La Dra. Claudia Borries, jefa del departamento de Procesos de Acoplamiento Sol-Tierra en el DLR, es una experta reconocida en el estudio de los efectos de las tormentas ionosf\u00e9ricas en latitudes medias.<\/span><\/p>\n<p><span style=\"font-weight: 400;\">Esta beca representa una gran oportunidad para Lourdes, quien podr\u00e1 trabajar y aprender de destacados especialistas en un centro de prestigio internacional como el DLR.<\/span><\/p>\n<p>Un verdadero \u00a1Orgullo FACET!<\/p>\n<\/div>\n<\/div><\/div><\/div><\/div><\/div>","protected":false},"excerpt":{"rendered":"<p>Lourdes M. A. Victoria, estudiante de la Licenciatura en F\u00edsica de nuestra Facultad de Ciencias Exactas y Tecnolog\u00eda, obtuvo una beca de la DAAD para realizar su Tesis de Licenciatura en el Institute of Solar-Terrestrial Physics del German Aerospace Center (DLR), en Neustrelitz, Alemania. Su investigaci\u00f3n se enfocar\u00e1 en el tema \u201cVariabilidad de la ionosfera [&hellip;]<\/p>\n","protected":false},"author":123512,"featured_media":28608,"comment_status":"closed","ping_status":"closed","sticky":false,"template":"","format":"standard","meta":[],"categories":[1],"tags":[46,30],"_links":{"self":[{"href":"https:\/\/www.facet.unt.edu.ar\/facetinforma\/wp-json\/wp\/v2\/posts\/28607"}],"collection":[{"href":"https:\/\/www.facet.unt.edu.ar\/facetinforma\/wp-json\/wp\/v2\/posts"}],"about":[{"href":"https:\/\/www.facet.unt.edu.ar\/facetinforma\/wp-json\/wp\/v2\/types\/post"}],"author":[{"embeddable":true,"href":"https:\/\/www.facet.unt.edu.ar\/facetinforma\/wp-json\/wp\/v2\/users\/123512"}],"replies":[{"embeddable":true,"href":"https:\/\/www.facet.unt.edu.ar\/facetinforma\/wp-json\/wp\/v2\/comments?post=28607"}],"version-history":[{"count":9,"href":"https:\/\/www.facet.unt.edu.ar\/facetinforma\/wp-json\/wp\/v2\/posts\/28607\/revisions"}],"predecessor-version":[{"id":28615,"href":"https:\/\/www.facet.unt.edu.ar\/facetinforma\/wp-json\/wp\/v2\/posts\/28607\/revisions\/28615"}],"wp:featuredmedia":[{"embeddable":true,"href":"https:\/\/www.facet.unt.edu.ar\/facetinforma\/wp-json\/wp\/v2\/media\/28608"}],"wp:attachment":[{"href":"https:\/\/www.facet.unt.edu.ar\/facetinforma\/wp-json\/wp\/v2\/media?parent=28607"}],"wp:term":[{"taxonomy":"category","embeddable":true,"href":"https:\/\/www.facet.unt.edu.ar\/facetinforma\/wp-json\/wp\/v2\/categories?post=28607"},{"taxonomy":"post_tag","embeddable":true,"href":"https:\/\/www.facet.unt.edu.ar\/facetinforma\/wp-json\/wp\/v2\/tags?post=28607"}],"curies":[{"name":"wp","href":"https:\/\/api.w.org\/{rel}","templated":true}]}}