{"id":28702,"date":"2025-02-27T16:39:28","date_gmt":"2025-02-27T19:39:28","guid":{"rendered":"https:\/\/www.facet.unt.edu.ar\/facetinforma\/?p=28702"},"modified":"2025-03-07T15:13:10","modified_gmt":"2025-03-07T18:13:10","slug":"la-colaboracion-entre-la-facet-y-el-gobierno-provincial-se-fortalece","status":"publish","type":"post","link":"https:\/\/www.facet.unt.edu.ar\/facetinforma\/2025\/02\/27\/la-colaboracion-entre-la-facet-y-el-gobierno-provincial-se-fortalece\/","title":{"rendered":"La colaboraci\u00f3n entre la FACET y el gobierno provincial se fortalece"},"content":{"rendered":"<div id=\"pl-28702\"  class=\"panel-layout\" ><div id=\"pg-28702-0\"  class=\"panel-grid panel-no-style\" ><div id=\"pgc-28702-0-0\"  class=\"panel-grid-cell\" ><div id=\"panel-28702-0-0-0\" class=\"so-panel widget widget_black-studio-tinymce widget_black_studio_tinymce panel-first-child panel-last-child\" data-index=\"0\" ><div class=\"textwidget\"><p><a href=\"https:\/\/www.facet.unt.edu.ar\/facetinforma\/wp-content\/uploads\/sites\/9\/2025\/02\/reunion-colaboracion-decano-cabrera-vicedecano-martel-obras-publicas-tucuman-2.png\"><img class=\"alignnone size-full wp-image-28704\" src=\"https:\/\/www.facet.unt.edu.ar\/facetinforma\/wp-content\/uploads\/sites\/9\/2025\/02\/reunion-colaboracion-decano-cabrera-vicedecano-martel-obras-publicas-tucuman-2.png\" alt=\"\" width=\"1080\" height=\"1080\" \/><\/a><\/p>\n<\/div><\/div><\/div><div id=\"pgc-28702-0-1\"  class=\"panel-grid-cell\" ><div id=\"panel-28702-0-1-0\" class=\"so-panel widget widget_sow-editor panel-first-child panel-last-child\" data-index=\"1\" ><div\n\t\t\t\n\t\t\tclass=\"so-widget-sow-editor so-widget-sow-editor-base\"\n\t\t\t\n\t\t>\n<div class=\"siteorigin-widget-tinymce textwidget\">\n\t<p style=\"text-align: justify;\">En el d\u00eda de ayer, 26 de febrero, el Decano y el Vicedecano de la FACET recibieron al Ministro de Obras y Servicios P\u00fablicos de la provincia, Dr. Marcelo Nazur, para trabajar en conjunto en la planificaci\u00f3n y ejecuci\u00f3n de proyectos de infraestructura que beneficiar\u00e1n a todos los tucumanos.<\/p>\n<\/div>\n<\/div><\/div><\/div><\/div><\/div>","protected":false},"excerpt":{"rendered":"<p>En el d\u00eda de ayer, 26 de febrero, el Decano y el Vicedecano de la FACET recibieron al Ministro de Obras y Servicios P\u00fablicos de la provincia, Dr. Marcelo Nazur, para trabajar en conjunto en la planificaci\u00f3n y ejecuci\u00f3n de proyectos de infraestructura que beneficiar\u00e1n a todos los tucumanos.<\/p>\n","protected":false},"author":123515,"featured_media":28704,"comment_status":"closed","ping_status":"closed","sticky":false,"template":"","format":"standard","meta":[],"categories":[60,10],"tags":[],"_links":{"self":[{"href":"https:\/\/www.facet.unt.edu.ar\/facetinforma\/wp-json\/wp\/v2\/posts\/28702"}],"collection":[{"href":"https:\/\/www.facet.unt.edu.ar\/facetinforma\/wp-json\/wp\/v2\/posts"}],"about":[{"href":"https:\/\/www.facet.unt.edu.ar\/facetinforma\/wp-json\/wp\/v2\/types\/post"}],"author":[{"embeddable":true,"href":"https:\/\/www.facet.unt.edu.ar\/facetinforma\/wp-json\/wp\/v2\/users\/123515"}],"replies":[{"embeddable":true,"href":"https:\/\/www.facet.unt.edu.ar\/facetinforma\/wp-json\/wp\/v2\/comments?post=28702"}],"version-history":[{"count":5,"href":"https:\/\/www.facet.unt.edu.ar\/facetinforma\/wp-json\/wp\/v2\/posts\/28702\/revisions"}],"predecessor-version":[{"id":28709,"href":"https:\/\/www.facet.unt.edu.ar\/facetinforma\/wp-json\/wp\/v2\/posts\/28702\/revisions\/28709"}],"wp:featuredmedia":[{"embeddable":true,"href":"https:\/\/www.facet.unt.edu.ar\/facetinforma\/wp-json\/wp\/v2\/media\/28704"}],"wp:attachment":[{"href":"https:\/\/www.facet.unt.edu.ar\/facetinforma\/wp-json\/wp\/v2\/media?parent=28702"}],"wp:term":[{"taxonomy":"category","embeddable":true,"href":"https:\/\/www.facet.unt.edu.ar\/facetinforma\/wp-json\/wp\/v2\/categories?post=28702"},{"taxonomy":"post_tag","embeddable":true,"href":"https:\/\/www.facet.unt.edu.ar\/facetinforma\/wp-json\/wp\/v2\/tags?post=28702"}],"curies":[{"name":"wp","href":"https:\/\/api.w.org\/{rel}","templated":true}]}}