{"id":28764,"date":"2025-03-14T11:35:58","date_gmt":"2025-03-14T14:35:58","guid":{"rendered":"https:\/\/www.facet.unt.edu.ar\/facetinforma\/?p=28764"},"modified":"2025-03-14T11:36:07","modified_gmt":"2025-03-14T14:36:07","slug":"charla-motivacional-en-la-facet","status":"publish","type":"post","link":"https:\/\/www.facet.unt.edu.ar\/facetinforma\/2025\/03\/14\/charla-motivacional-en-la-facet\/","title":{"rendered":"Charla Motivacional en la FACET"},"content":{"rendered":"<div id=\"pl-28764\"  class=\"panel-layout\" ><div id=\"pg-28764-0\"  class=\"panel-grid panel-no-style\" ><div id=\"pgc-28764-0-0\"  class=\"panel-grid-cell\" ><div id=\"panel-28764-0-0-0\" class=\"so-panel widget widget_media_image panel-first-child panel-last-child\" data-index=\"0\" ><img width=\"1600\" height=\"1600\" src=\"https:\/\/www.facet.unt.edu.ar\/facetinforma\/wp-content\/uploads\/sites\/9\/2025\/03\/portada-charla.jpeg\" class=\"image wp-image-28765  attachment-full size-full\" alt=\"\" decoding=\"async\" loading=\"lazy\" style=\"max-width: 100%; height: auto;\" \/><\/div><\/div><div id=\"pgc-28764-0-1\"  class=\"panel-grid-cell\" ><div id=\"panel-28764-0-1-0\" class=\"so-panel widget widget_sow-editor panel-first-child\" data-index=\"1\" ><div\n\t\t\t\n\t\t\tclass=\"so-widget-sow-editor so-widget-sow-editor-base\"\n\t\t\t\n\t\t>\n<div class=\"siteorigin-widget-tinymce textwidget\">\n\t<p><span style=\"font-weight: 400;\">En el Anfiteatro A1 de la FACET, se desarroll\u00f3 esta ma\u00f1ana una Charla motivacional para alumnos de escuelas secundarias, a cargo del Decano de nuestra Facultad, Dr. Miguel \u00c1ngel Cabrera.<\/span><\/p>\n<p><span style=\"font-weight: 400;\">Al inicio, el Secretario de Bienestar Estudiantil, Fabian Ayarde, les dio la bienvenida a los presentes y continu\u00f3 el ingeniero Cabrera, explicando la importancia de la Tecnolog\u00eda en la vida actual, c\u00f3mo se llega a la generaci\u00f3n de la tecnolog\u00eda y la evoluci\u00f3n de la misma. Dando ejemplos de grandes profesionales que se egresaron de nuestra instituci\u00f3n.<\/span><\/p>\n<p><span style=\"font-weight: 400;\">El Decano finaliz\u00f3 su charla, haciendo hincapi\u00e9 en lo importante que es recibir una educaci\u00f3n y el orgullo que el siente al <\/span><span style=\"font-weight: 400;\">ser profesional de una Universidad P\u00fablica.\u00a0<\/span><\/p>\n<p><span style=\"font-weight: 400;\">\u201c...sean libres pensadores, tengan sentido com\u00fan. No se dan una idea lo importante que es formar parte de una poblaci\u00f3n que sea pensante \u201c concluy\u00f3.<\/span><\/p>\n<p><span style=\"font-weight: 400;\">Para terminar con la visita, los estudiantes fueron acompa\u00f1ados por el Secretario Ayarde a recorrer las instalaciones de nuestra FACET.<\/span><\/p>\n<\/div>\n<\/div><\/div><div id=\"panel-28764-0-1-1\" class=\"so-panel widget widget_sow-slider panel-last-child\" data-index=\"2\" ><div\n\t\t\t\n\t\t\tclass=\"so-widget-sow-slider so-widget-sow-slider-default-53fd0f98de19-28764\"\n\t\t\t\n\t\t><div class=\"sow-slider-base\" style=\"display: none\"><ul\n\t\t\t\t\tclass=\"sow-slider-images\"\n\t\t\t\t\tdata-settings=\"{&quot;pagination&quot;:true,&quot;speed&quot;:800,&quot;timeout&quot;:8000,&quot;paused&quot;:false,&quot;pause_on_hover&quot;:false,&quot;swipe&quot;:true,&quot;nav_always_show_desktop&quot;:&quot;&quot;,&quot;nav_always_show_mobile&quot;:&quot;&quot;,&quot;breakpoint&quot;:&quot;780px&quot;,&quot;unmute&quot;:false,&quot;anchor&quot;:null}\"\n\t\t\t\t\t\t\t\t\t\tdata-anchor-id=\"\"\n\t\t\t\t>\t\t<li class=\"sow-slider-image  sow-slider-image-cover\" style=\"visibility: visible;;background-image: url(https:\/\/www.facet.unt.edu.ar\/facetinforma\/wp-content\/uploads\/sites\/9\/2025\/03\/WhatsApp-Image-2025-03-14-at-11.20.56-AM.jpeg)\" >\n\t\t\t\t\t\t\t\t\t<img width=\"1280\" height=\"720\" src=\"https:\/\/www.facet.unt.edu.ar\/facetinforma\/wp-content\/uploads\/sites\/9\/2025\/03\/WhatsApp-Image-2025-03-14-at-11.20.56-AM.jpeg\" class=\"sow-slider-background-image skip-lazy\" alt=\"\" decoding=\"async\" loading=\"eager\" \/>\t\t\t\t\t\t\t\t<\/li>\n\t\t\t\t<li class=\"sow-slider-image  sow-slider-image-cover\" style=\"visibility: hidden;;background-image: url(https:\/\/www.facet.unt.edu.ar\/facetinforma\/wp-content\/uploads\/sites\/9\/2025\/03\/WhatsApp-Image-2025-03-14-at-10.10.21-AM.jpeg)\" >\n\t\t\t\t\t\t\t\t\t<img width=\"1600\" height=\"1600\" src=\"https:\/\/www.facet.unt.edu.ar\/facetinforma\/wp-content\/uploads\/sites\/9\/2025\/03\/WhatsApp-Image-2025-03-14-at-10.10.21-AM.jpeg\" class=\"sow-slider-background-image skip-lazy\" alt=\"\" decoding=\"async\" loading=\"eager\" \/>\t\t\t\t\t\t\t\t<\/li>\n\t\t\t\t<li class=\"sow-slider-image  sow-slider-image-cover\" style=\"visibility: hidden;;background-image: url(https:\/\/www.facet.unt.edu.ar\/facetinforma\/wp-content\/uploads\/sites\/9\/2025\/03\/WhatsApp-Image-2025-03-14-at-10.10.21-AM-1.jpeg)\" >\n\t\t\t\t\t\t\t\t\t<img width=\"1200\" height=\"1600\" src=\"https:\/\/www.facet.unt.edu.ar\/facetinforma\/wp-content\/uploads\/sites\/9\/2025\/03\/WhatsApp-Image-2025-03-14-at-10.10.21-AM-1.jpeg\" class=\"sow-slider-background-image skip-lazy\" alt=\"\" decoding=\"async\" loading=\"eager\" \/>\t\t\t\t\t\t\t\t<\/li>\n\t\t\t\t<li class=\"sow-slider-image  sow-slider-image-cover\" style=\"visibility: hidden;;background-image: url(https:\/\/www.facet.unt.edu.ar\/facetinforma\/wp-content\/uploads\/sites\/9\/2025\/03\/WhatsApp-Image-2025-03-14-at-11.20.54-AM.jpeg)\" >\n\t\t\t\t\t\t\t\t\t<img width=\"960\" height=\"1280\" src=\"https:\/\/www.facet.unt.edu.ar\/facetinforma\/wp-content\/uploads\/sites\/9\/2025\/03\/WhatsApp-Image-2025-03-14-at-11.20.54-AM.jpeg\" class=\"sow-slider-background-image skip-lazy\" alt=\"\" decoding=\"async\" loading=\"eager\" \/>\t\t\t\t\t\t\t\t<\/li>\n\t\t\t\t<li class=\"sow-slider-image  sow-slider-image-cover\" style=\"visibility: hidden;;background-image: url(https:\/\/www.facet.unt.edu.ar\/facetinforma\/wp-content\/uploads\/sites\/9\/2025\/03\/WhatsApp-Image-2025-03-14-at-11.20.58-AM.jpeg)\" >\n\t\t\t\t\t\t\t\t\t<img width=\"900\" height=\"1600\" src=\"https:\/\/www.facet.unt.edu.ar\/facetinforma\/wp-content\/uploads\/sites\/9\/2025\/03\/WhatsApp-Image-2025-03-14-at-11.20.58-AM.jpeg\" class=\"sow-slider-background-image skip-lazy\" alt=\"\" decoding=\"async\" loading=\"eager\" \/>\t\t\t\t\t\t\t\t<\/li>\n\t\t\t\t<li class=\"sow-slider-image  sow-slider-image-cover\" style=\"visibility: hidden;;background-image: url(https:\/\/www.facet.unt.edu.ar\/facetinforma\/wp-content\/uploads\/sites\/9\/2025\/03\/WhatsApp-Image-2025-03-14-at-11.20.59-AM.jpeg)\" >\n\t\t\t\t\t\t\t\t\t<img width=\"900\" height=\"1600\" src=\"https:\/\/www.facet.unt.edu.ar\/facetinforma\/wp-content\/uploads\/sites\/9\/2025\/03\/WhatsApp-Image-2025-03-14-at-11.20.59-AM.jpeg\" class=\"sow-slider-background-image skip-lazy\" alt=\"\" decoding=\"async\" loading=\"eager\" \/>\t\t\t\t\t\t\t\t<\/li>\n\t\t\t\t<li class=\"sow-slider-image  sow-slider-image-cover\" style=\"visibility: hidden;;background-image: url(https:\/\/www.facet.unt.edu.ar\/facetinforma\/wp-content\/uploads\/sites\/9\/2025\/03\/WhatsApp-Image-2025-03-14-at-11.20.59-AM-1.jpeg)\" >\n\t\t\t\t\t\t\t\t\t<img width=\"1200\" height=\"1600\" src=\"https:\/\/www.facet.unt.edu.ar\/facetinforma\/wp-content\/uploads\/sites\/9\/2025\/03\/WhatsApp-Image-2025-03-14-at-11.20.59-AM-1.jpeg\" class=\"sow-slider-background-image skip-lazy\" alt=\"\" decoding=\"async\" loading=\"eager\" \/>\t\t\t\t\t\t\t\t<\/li>\n\t\t<\/ul>\t\t\t\t<ol class=\"sow-slider-pagination\">\n\t\t\t\t\t\t\t\t\t\t\t<li><a href=\"#\" data-goto=\"0\" aria-label=\"mostrar diapositiva 1\"><\/a><\/li>\n\t\t\t\t\t\t\t\t\t\t\t<li><a href=\"#\" data-goto=\"1\" aria-label=\"mostrar diapositiva 2\"><\/a><\/li>\n\t\t\t\t\t\t\t\t\t\t\t<li><a href=\"#\" data-goto=\"2\" aria-label=\"mostrar diapositiva 3\"><\/a><\/li>\n\t\t\t\t\t\t\t\t\t\t\t<li><a href=\"#\" data-goto=\"3\" aria-label=\"mostrar diapositiva 4\"><\/a><\/li>\n\t\t\t\t\t\t\t\t\t\t\t<li><a href=\"#\" data-goto=\"4\" aria-label=\"mostrar diapositiva 5\"><\/a><\/li>\n\t\t\t\t\t\t\t\t\t\t\t<li><a href=\"#\" data-goto=\"5\" aria-label=\"mostrar diapositiva 6\"><\/a><\/li>\n\t\t\t\t\t\t\t\t\t\t\t<li><a href=\"#\" data-goto=\"6\" aria-label=\"mostrar diapositiva 7\"><\/a><\/li>\n\t\t\t\t\t\t\t\t\t<\/ol>\n\n\t\t\t\t<div class=\"sow-slide-nav sow-slide-nav-next\">\n\t\t\t\t\t<a href=\"#\" data-goto=\"next\" aria-label=\"diapositiva siguiente\" data-action=\"next\">\n\t\t\t\t\t\t<em class=\"sow-sld-icon-thin-right\"><\/em>\n\t\t\t\t\t<\/a>\n\t\t\t\t<\/div>\n\n\t\t\t\t<div class=\"sow-slide-nav sow-slide-nav-prev\">\n\t\t\t\t\t<a href=\"#\" data-goto=\"previous\" aria-label=\"diapositiva anterior\" data-action=\"prev\">\n\t\t\t\t\t\t<em class=\"sow-sld-icon-thin-left\"><\/em>\n\t\t\t\t\t<\/a>\n\t\t\t\t<\/div>\n\t\t\t\t<\/div><\/div><\/div><\/div><\/div><\/div>","protected":false},"excerpt":{"rendered":"<p>En el Anfiteatro A1 de la FACET, se desarroll\u00f3 esta ma\u00f1ana una Charla motivacional para alumnos de escuelas secundarias, a cargo del Decano de nuestra Facultad, Dr. Miguel \u00c1ngel Cabrera. Al inicio, el Secretario de Bienestar Estudiantil, Fabian Ayarde, les dio la bienvenida a los presentes y continu\u00f3 el ingeniero Cabrera, explicando la importancia de [&hellip;]<\/p>\n","protected":false},"author":123512,"featured_media":28765,"comment_status":"closed","ping_status":"closed","sticky":false,"template":"","format":"standard","meta":[],"categories":[1],"tags":[43],"_links":{"self":[{"href":"https:\/\/www.facet.unt.edu.ar\/facetinforma\/wp-json\/wp\/v2\/posts\/28764"}],"collection":[{"href":"https:\/\/www.facet.unt.edu.ar\/facetinforma\/wp-json\/wp\/v2\/posts"}],"about":[{"href":"https:\/\/www.facet.unt.edu.ar\/facetinforma\/wp-json\/wp\/v2\/types\/post"}],"author":[{"embeddable":true,"href":"https:\/\/www.facet.unt.edu.ar\/facetinforma\/wp-json\/wp\/v2\/users\/123512"}],"replies":[{"embeddable":true,"href":"https:\/\/www.facet.unt.edu.ar\/facetinforma\/wp-json\/wp\/v2\/comments?post=28764"}],"version-history":[{"count":7,"href":"https:\/\/www.facet.unt.edu.ar\/facetinforma\/wp-json\/wp\/v2\/posts\/28764\/revisions"}],"predecessor-version":[{"id":28779,"href":"https:\/\/www.facet.unt.edu.ar\/facetinforma\/wp-json\/wp\/v2\/posts\/28764\/revisions\/28779"}],"wp:featuredmedia":[{"embeddable":true,"href":"https:\/\/www.facet.unt.edu.ar\/facetinforma\/wp-json\/wp\/v2\/media\/28765"}],"wp:attachment":[{"href":"https:\/\/www.facet.unt.edu.ar\/facetinforma\/wp-json\/wp\/v2\/media?parent=28764"}],"wp:term":[{"taxonomy":"category","embeddable":true,"href":"https:\/\/www.facet.unt.edu.ar\/facetinforma\/wp-json\/wp\/v2\/categories?post=28764"},{"taxonomy":"post_tag","embeddable":true,"href":"https:\/\/www.facet.unt.edu.ar\/facetinforma\/wp-json\/wp\/v2\/tags?post=28764"}],"curies":[{"name":"wp","href":"https:\/\/api.w.org\/{rel}","templated":true}]}}