{"id":28866,"date":"2025-04-08T08:53:27","date_gmt":"2025-04-08T11:53:27","guid":{"rendered":"https:\/\/www.facet.unt.edu.ar\/facetinforma\/?p=28866"},"modified":"2025-04-08T08:53:39","modified_gmt":"2025-04-08T11:53:39","slug":"se-dicto-un-taller-para-la-insercion-profesional-en-la-facet","status":"publish","type":"post","link":"https:\/\/www.facet.unt.edu.ar\/facetinforma\/2025\/04\/08\/se-dicto-un-taller-para-la-insercion-profesional-en-la-facet\/","title":{"rendered":"Se dict\u00f3 un Taller para la Inserci\u00f3n Profesional  en la FACET"},"content":{"rendered":"<div id=\"pl-28866\"  class=\"panel-layout\" ><div id=\"pg-28866-0\"  class=\"panel-grid panel-no-style\" ><div id=\"pgc-28866-0-0\"  class=\"panel-grid-cell\" ><div id=\"panel-28866-0-0-0\" class=\"so-panel widget widget_media_image panel-first-child panel-last-child\" data-index=\"0\" ><img width=\"1080\" height=\"1080\" src=\"https:\/\/www.facet.unt.edu.ar\/facetinforma\/wp-content\/uploads\/sites\/9\/2025\/04\/Diseno-sin-titulo-17.png\" class=\"image wp-image-28867  attachment-full size-full\" alt=\"\" decoding=\"async\" loading=\"lazy\" style=\"max-width: 100%; height: auto;\" \/><\/div><\/div><div id=\"pgc-28866-0-1\"  class=\"panel-grid-cell\" ><div id=\"panel-28866-0-1-0\" class=\"so-panel widget widget_sow-editor panel-first-child\" data-index=\"1\" ><div\n\t\t\t\n\t\t\tclass=\"so-widget-sow-editor so-widget-sow-editor-base\"\n\t\t\t\n\t\t>\n<div class=\"siteorigin-widget-tinymce textwidget\">\n\t<p><span style=\"font-weight: 400;\">El d\u00eda viernes 4 de abril de 12 a 14 hs., se llev\u00f3 a cabo el Taller \"La inserci\u00f3n profesional: herramientas para armar tu CV y potenciar tu perfil\". El mismo fue dictado por el Espacio de Tutor\u00eda estudiantil de la FACET para los alumnos de la carrera licenciatura en matem\u00e1tica, quienes estuvieron acompa\u00f1ados por la Prof. Isabel Giannini y equipo.<\/span><\/p>\n<p><span style=\"font-weight: 400;\">Teniendo en cuenta la posibilidad de inserci\u00f3n de los estudiantes al campo laboral, la propuesta del Taller busc\u00f3 acercar algunas herramientas al respecto. El armado del CV como una competencia formativa importante para fomentar, constituye uno de los primeros pasos a considerar en este sentido. Se comparti\u00f3 tips sobre estructura, redacci\u00f3n y dise\u00f1o de un CV de acuerdo al campo laboral que vaya dirigido. Asimismo se brindaron orientaciones para el armado de un CV para concursos de ayudant\u00edas estudiantiles y algunas recomendaciones sobre preparaci\u00f3n del concurso.\u00a0<\/span><\/p>\n<p><span style=\"font-weight: 400;\">Finalmente se destin\u00f3 un tiempo del taller para que los estudiantes realicen el ejercicio de comenzar a armar o mejorar su CV. Se habilit\u00f3 una instancia de puesta en com\u00fan sobre lo trabajado. Los estudiantes participaron con entusiasmo de la propuesta.<\/span><\/p>\n<p>&nbsp;<\/p>\n<\/div>\n<\/div><\/div><div id=\"panel-28866-0-1-1\" class=\"so-panel widget widget_sow-slider panel-last-child\" data-index=\"2\" ><div\n\t\t\t\n\t\t\tclass=\"so-widget-sow-slider so-widget-sow-slider-default-53fd0f98de19-28866\"\n\t\t\t\n\t\t><div class=\"sow-slider-base\" style=\"display: none\"><ul\n\t\t\t\t\tclass=\"sow-slider-images\"\n\t\t\t\t\tdata-settings=\"{&quot;pagination&quot;:true,&quot;speed&quot;:800,&quot;timeout&quot;:8000,&quot;paused&quot;:false,&quot;pause_on_hover&quot;:false,&quot;swipe&quot;:true,&quot;nav_always_show_desktop&quot;:&quot;&quot;,&quot;nav_always_show_mobile&quot;:&quot;&quot;,&quot;breakpoint&quot;:&quot;780px&quot;,&quot;unmute&quot;:false,&quot;anchor&quot;:null}\"\n\t\t\t\t\t\t\t\t\t\tdata-anchor-id=\"\"\n\t\t\t\t>\t\t<li class=\"sow-slider-image  sow-slider-image-cover\" style=\"visibility: visible;;background-image: url(https:\/\/www.facet.unt.edu.ar\/facetinforma\/wp-content\/uploads\/sites\/9\/2025\/04\/4WhatsApp-Image-2025-04-07-at-10.10.52.jpeg)\" >\n\t\t\t\t\t\t\t\t\t<img width=\"1600\" height=\"1204\" src=\"https:\/\/www.facet.unt.edu.ar\/facetinforma\/wp-content\/uploads\/sites\/9\/2025\/04\/4WhatsApp-Image-2025-04-07-at-10.10.52.jpeg\" class=\"sow-slider-background-image skip-lazy\" alt=\"\" decoding=\"async\" loading=\"eager\" \/>\t\t\t\t\t\t\t\t<\/li>\n\t\t<\/ul>\t\t\t\t<ol class=\"sow-slider-pagination\">\n\t\t\t\t\t\t\t\t\t\t\t<li><a href=\"#\" data-goto=\"0\" aria-label=\"mostrar diapositiva 1\"><\/a><\/li>\n\t\t\t\t\t\t\t\t\t<\/ol>\n\n\t\t\t\t<div class=\"sow-slide-nav sow-slide-nav-next\">\n\t\t\t\t\t<a href=\"#\" data-goto=\"next\" aria-label=\"diapositiva siguiente\" data-action=\"next\">\n\t\t\t\t\t\t<em class=\"sow-sld-icon-thin-right\"><\/em>\n\t\t\t\t\t<\/a>\n\t\t\t\t<\/div>\n\n\t\t\t\t<div class=\"sow-slide-nav sow-slide-nav-prev\">\n\t\t\t\t\t<a href=\"#\" data-goto=\"previous\" aria-label=\"diapositiva anterior\" data-action=\"prev\">\n\t\t\t\t\t\t<em class=\"sow-sld-icon-thin-left\"><\/em>\n\t\t\t\t\t<\/a>\n\t\t\t\t<\/div>\n\t\t\t\t<\/div><\/div><\/div><\/div><\/div><\/div>","protected":false},"excerpt":{"rendered":"<p>El d\u00eda viernes 4 de abril de 12 a 14 hs., se llev\u00f3 a cabo el Taller &#8220;La inserci\u00f3n profesional: herramientas para armar tu CV y potenciar tu perfil&#8221;. El mismo fue dictado por el Espacio de Tutor\u00eda estudiantil de la FACET para los alumnos de la carrera licenciatura en matem\u00e1tica, quienes estuvieron acompa\u00f1ados por [&hellip;]<\/p>\n","protected":false},"author":123512,"featured_media":28867,"comment_status":"closed","ping_status":"closed","sticky":false,"template":"","format":"standard","meta":[],"categories":[1],"tags":[39],"_links":{"self":[{"href":"https:\/\/www.facet.unt.edu.ar\/facetinforma\/wp-json\/wp\/v2\/posts\/28866"}],"collection":[{"href":"https:\/\/www.facet.unt.edu.ar\/facetinforma\/wp-json\/wp\/v2\/posts"}],"about":[{"href":"https:\/\/www.facet.unt.edu.ar\/facetinforma\/wp-json\/wp\/v2\/types\/post"}],"author":[{"embeddable":true,"href":"https:\/\/www.facet.unt.edu.ar\/facetinforma\/wp-json\/wp\/v2\/users\/123512"}],"replies":[{"embeddable":true,"href":"https:\/\/www.facet.unt.edu.ar\/facetinforma\/wp-json\/wp\/v2\/comments?post=28866"}],"version-history":[{"count":9,"href":"https:\/\/www.facet.unt.edu.ar\/facetinforma\/wp-json\/wp\/v2\/posts\/28866\/revisions"}],"predecessor-version":[{"id":28877,"href":"https:\/\/www.facet.unt.edu.ar\/facetinforma\/wp-json\/wp\/v2\/posts\/28866\/revisions\/28877"}],"wp:featuredmedia":[{"embeddable":true,"href":"https:\/\/www.facet.unt.edu.ar\/facetinforma\/wp-json\/wp\/v2\/media\/28867"}],"wp:attachment":[{"href":"https:\/\/www.facet.unt.edu.ar\/facetinforma\/wp-json\/wp\/v2\/media?parent=28866"}],"wp:term":[{"taxonomy":"category","embeddable":true,"href":"https:\/\/www.facet.unt.edu.ar\/facetinforma\/wp-json\/wp\/v2\/categories?post=28866"},{"taxonomy":"post_tag","embeddable":true,"href":"https:\/\/www.facet.unt.edu.ar\/facetinforma\/wp-json\/wp\/v2\/tags?post=28866"}],"curies":[{"name":"wp","href":"https:\/\/api.w.org\/{rel}","templated":true}]}}